{"id":92206,"date":"2025-01-21T11:05:49","date_gmt":"2025-01-21T11:05:49","guid":{"rendered":"https:\/\/jorgezanoni.com.br\/2019\/?p=92206"},"modified":"2025-01-21T11:05:49","modified_gmt":"2025-01-21T11:05:49","slug":"morador-de-tupi-paulista-morre-em-acidente-na-sp-563","status":"publish","type":"post","link":"https:\/\/jorgezanoni.com.br\/2019\/morador-de-tupi-paulista-morre-em-acidente-na-sp-563\/","title":{"rendered":"Morador de Tupi Paulista morre em acidente na SP-563"},"content":{"rendered":"<p style=\"text-align: justify;\"><strong>Pol\u00edcia Militar Rodovi\u00e1ria atende sinistro de tr\u00e2nsito com 01 v\u00edtima fatal. Aconteceu ontem (21) \u00e0s 00:35 min. na Rodovia General Euclides de Oliveira Figueiredo, Km. 139,2 sentido sul em Tupi Paulista.<\/strong><\/p>\n<p style=\"text-align: justify;\">No in\u00edcio da madrugada desta ter\u00e7a-feira (21), durante a Opera\u00e7\u00e3o Impacto, uma equipe do Policiamento Rodovi\u00e1rio deslocou para atendimento de sinistro de tr\u00e2nsito com v\u00edtima, e ao chegar ao local, constatou que uma motocicleta Honda\/Nxr 150 Bros, com placa de Campo Grande\/MS, que seguia no sentido Presidente Venceslau\/SP a Monte Castelo\/SP, colidiu frontalmente contra um um autom\u00f3vel Fiat\/Uno, com placas de Ouro Verde\/SP, que transitava no sentido contr\u00e1rio.<\/p>\n<p style=\"text-align: justify;\">O condutor da motocicleta, homem de 33 anos e morador de Tupi Paulista\/SP, foi socorrido em estado grav\u00edssimo ao Pronto Socorro local, pela equipe do corpo de Bombeiros, por\u00e9m n\u00e3o resistiu aos ferimentos e entrou em \u00f3bito.<\/p>\n<p style=\"text-align: justify;\">Realizado o teste com o etil\u00f4metro no condutor do autom\u00f3vel, que resultou negativo para uso de \u00e1lcool. J\u00e1 o teste no outro condutor n\u00e3o foi poss\u00edvel, devido a gravidade das les\u00f5es.<\/p>\n<p style=\"text-align: justify;\">O condutor do autom\u00f3vel, homem de 36 anos e morador de Ouro Verde\/SP, que n\u00e3o se feriu, alegou que a motocicleta invadiu sua faixa de rolamento, n\u00e3o sendo poss\u00edvel evitar a colis\u00e3o frontal.<\/p>\n<p style=\"text-align: justify;\">Compareceu no local a Policia T\u00e9cnica Cient\u00edfica de Dracena\/SP e equipe do D.E.R (Departamento de Estradas de Rodagem), que auxiliaram na sinaliza\u00e7\u00e3o.<\/p>\n<p style=\"text-align: justify;\">A ocorr\u00eancia foi apresentada no Plant\u00e3o da Pol\u00edcia Civil de Dracena.<\/p>\n<p style=\"text-align: justify;\">Durante o atendimento da ocorr\u00eancia o tr\u00e2nsito n\u00e3o precisou ser interditado.<\/p>\n<p><img loading=\"lazy\" decoding=\"async\" class=\"alignnone size-full wp-image-92207\" src=\"https:\/\/jorgezanoni.com.br\/2019\/wp-content\/uploads\/2025\/01\/tupi.jpg\" alt=\"\" width=\"413\" height=\"310\" srcset=\"https:\/\/jorgezanoni.com.br\/2019\/wp-content\/uploads\/2025\/01\/tupi.jpg 413w, https:\/\/jorgezanoni.com.br\/2019\/wp-content\/uploads\/2025\/01\/tupi-300x225.jpg 300w, https:\/\/jorgezanoni.com.br\/2019\/wp-content\/uploads\/2025\/01\/tupi-80x60.jpg 80w, https:\/\/jorgezanoni.com.br\/2019\/wp-content\/uploads\/2025\/01\/tupi-265x198.jpg 265w\" sizes=\"auto, (max-width: 413px) 100vw, 413px\" \/><\/p>\n<p>Fonte:\u00a02\u00aa Cia do 2\u00b0 BPRv.<\/p>\n<p>&nbsp;<\/p>\n","protected":false},"excerpt":{"rendered":"<p>Pol\u00edcia Militar Rodovi\u00e1ria atende sinistro de tr\u00e2nsito com 01 v\u00edtima fatal. Aconteceu ontem (21) \u00e0s 00:35 min. na Rodovia General Euclides de Oliveira Figueiredo, Km. 139,2 sentido sul em Tupi Paulista. No in\u00edcio da madrugada desta ter\u00e7a-feira (21), durante a Opera\u00e7\u00e3o Impacto, uma equipe do Policiamento Rodovi\u00e1rio deslocou para atendimento de sinistro de tr\u00e2nsito com [&hellip;]<\/p>\n","protected":false},"author":1,"featured_media":92208,"comment_status":"closed","ping_status":"open","sticky":false,"template":"","format":"standard","meta":{"footnotes":""},"categories":[170,110],"tags":[],"class_list":["post-92206","post","type-post","status-publish","format-standard","has-post-thumbnail","hentry","category-acidentes","category-noticiasdestaque"],"_links":{"self":[{"href":"https:\/\/jorgezanoni.com.br\/2019\/wp-json\/wp\/v2\/posts\/92206","targetHints":{"allow":["GET"]}}],"collection":[{"href":"https:\/\/jorgezanoni.com.br\/2019\/wp-json\/wp\/v2\/posts"}],"about":[{"href":"https:\/\/jorgezanoni.com.br\/2019\/wp-json\/wp\/v2\/types\/post"}],"author":[{"embeddable":true,"href":"https:\/\/jorgezanoni.com.br\/2019\/wp-json\/wp\/v2\/users\/1"}],"replies":[{"embeddable":true,"href":"https:\/\/jorgezanoni.com.br\/2019\/wp-json\/wp\/v2\/comments?post=92206"}],"version-history":[{"count":1,"href":"https:\/\/jorgezanoni.com.br\/2019\/wp-json\/wp\/v2\/posts\/92206\/revisions"}],"predecessor-version":[{"id":92209,"href":"https:\/\/jorgezanoni.com.br\/2019\/wp-json\/wp\/v2\/posts\/92206\/revisions\/92209"}],"wp:featuredmedia":[{"embeddable":true,"href":"https:\/\/jorgezanoni.com.br\/2019\/wp-json\/wp\/v2\/media\/92208"}],"wp:attachment":[{"href":"https:\/\/jorgezanoni.com.br\/2019\/wp-json\/wp\/v2\/media?parent=92206"}],"wp:term":[{"taxonomy":"category","embeddable":true,"href":"https:\/\/jorgezanoni.com.br\/2019\/wp-json\/wp\/v2\/categories?post=92206"},{"taxonomy":"post_tag","embeddable":true,"href":"https:\/\/jorgezanoni.com.br\/2019\/wp-json\/wp\/v2\/tags?post=92206"}],"curies":[{"name":"wp","href":"https:\/\/api.w.org\/{rel}","templated":true}]}}