{"id":92183,"date":"2025-01-20T21:52:16","date_gmt":"2025-01-20T21:52:16","guid":{"rendered":"https:\/\/jorgezanoni.com.br\/2019\/?p=92183"},"modified":"2025-01-20T21:52:16","modified_gmt":"2025-01-20T21:52:16","slug":"acidente-envolve-carro-e-moto-na-magid-zacharias-em-dracena","status":"publish","type":"post","link":"https:\/\/jorgezanoni.com.br\/2019\/acidente-envolve-carro-e-moto-na-magid-zacharias-em-dracena\/","title":{"rendered":"Acidente envolve carro e moto na Magid Zacharias em Dracena"},"content":{"rendered":"<p style=\"text-align: justify;\"><strong>Apenas danos materiais nos dois ve\u00edculos. Foi na esquina da Rua Magid Zacharias com Rua S\u00e3o Paulo, local marcado por diversos acidentes. O fato aconteceu por volta das 18:10 horas desta segunda-feira (20).<\/strong><\/p>\n<p style=\"text-align: justify;\">Segundo informa\u00e7\u00f5es obtidas no local pela reportagem do SITE JZ e TOP TV, uma motocicleta placas de Dracena, transitava pela Magid (via preferencial), no sentido centro-bairro, quando foi interceptada por um Toyota Yaris, placas mercosul tendo como condutor um morador de Presidente Prudente.<\/p>\n<p style=\"text-align: justify;\">O motociclista teve ferimentos leves e foi socorrido ao Pronto Atendimento Municipal por uma Unidade de Resgate do Corpo de Bombeiros. O condutor do ve\u00edculo nada sofreu.<\/p>\n<p style=\"text-align: justify;\">Pol\u00edcia Militar e Pol\u00edcia T\u00e9cnica compareram ao local para os levantamentos que ir\u00e3o apontar as reais causas do acidente.<\/p>\n<p style=\"text-align: justify;\"><img loading=\"lazy\" decoding=\"async\" class=\"alignnone size-full wp-image-92185\" src=\"https:\/\/jorgezanoni.com.br\/2019\/wp-content\/uploads\/2025\/01\/IMG_4171-Pequeno.jpg\" alt=\"\" width=\"640\" height=\"480\" srcset=\"https:\/\/jorgezanoni.com.br\/2019\/wp-content\/uploads\/2025\/01\/IMG_4171-Pequeno.jpg 640w, https:\/\/jorgezanoni.com.br\/2019\/wp-content\/uploads\/2025\/01\/IMG_4171-Pequeno-300x225.jpg 300w, https:\/\/jorgezanoni.com.br\/2019\/wp-content\/uploads\/2025\/01\/IMG_4171-Pequeno-80x60.jpg 80w, https:\/\/jorgezanoni.com.br\/2019\/wp-content\/uploads\/2025\/01\/IMG_4171-Pequeno-265x198.jpg 265w, https:\/\/jorgezanoni.com.br\/2019\/wp-content\/uploads\/2025\/01\/IMG_4171-Pequeno-560x420.jpg 560w\" sizes=\"auto, (max-width: 640px) 100vw, 640px\" \/> <img loading=\"lazy\" decoding=\"async\" class=\"alignnone size-full wp-image-92186\" src=\"https:\/\/jorgezanoni.com.br\/2019\/wp-content\/uploads\/2025\/01\/IMG_4172-Pequeno.jpg\" alt=\"\" width=\"640\" height=\"480\" srcset=\"https:\/\/jorgezanoni.com.br\/2019\/wp-content\/uploads\/2025\/01\/IMG_4172-Pequeno.jpg 640w, https:\/\/jorgezanoni.com.br\/2019\/wp-content\/uploads\/2025\/01\/IMG_4172-Pequeno-300x225.jpg 300w, https:\/\/jorgezanoni.com.br\/2019\/wp-content\/uploads\/2025\/01\/IMG_4172-Pequeno-80x60.jpg 80w, https:\/\/jorgezanoni.com.br\/2019\/wp-content\/uploads\/2025\/01\/IMG_4172-Pequeno-265x198.jpg 265w, https:\/\/jorgezanoni.com.br\/2019\/wp-content\/uploads\/2025\/01\/IMG_4172-Pequeno-560x420.jpg 560w\" sizes=\"auto, (max-width: 640px) 100vw, 640px\" \/><\/p>\n<p>Jorge Zanoni<\/p>\n","protected":false},"excerpt":{"rendered":"<p>Apenas danos materiais nos dois ve\u00edculos. Foi na esquina da Rua Magid Zacharias com Rua S\u00e3o Paulo, local marcado por diversos acidentes. O fato aconteceu por volta das 18:10 horas desta segunda-feira (20). Segundo informa\u00e7\u00f5es obtidas no local pela reportagem do SITE JZ e TOP TV, uma motocicleta placas de Dracena, transitava pela Magid (via [&hellip;]<\/p>\n","protected":false},"author":1,"featured_media":92184,"comment_status":"closed","ping_status":"open","sticky":false,"template":"","format":"standard","meta":{"footnotes":""},"categories":[170,110],"tags":[],"class_list":["post-92183","post","type-post","status-publish","format-standard","has-post-thumbnail","hentry","category-acidentes","category-noticiasdestaque"],"_links":{"self":[{"href":"https:\/\/jorgezanoni.com.br\/2019\/wp-json\/wp\/v2\/posts\/92183","targetHints":{"allow":["GET"]}}],"collection":[{"href":"https:\/\/jorgezanoni.com.br\/2019\/wp-json\/wp\/v2\/posts"}],"about":[{"href":"https:\/\/jorgezanoni.com.br\/2019\/wp-json\/wp\/v2\/types\/post"}],"author":[{"embeddable":true,"href":"https:\/\/jorgezanoni.com.br\/2019\/wp-json\/wp\/v2\/users\/1"}],"replies":[{"embeddable":true,"href":"https:\/\/jorgezanoni.com.br\/2019\/wp-json\/wp\/v2\/comments?post=92183"}],"version-history":[{"count":1,"href":"https:\/\/jorgezanoni.com.br\/2019\/wp-json\/wp\/v2\/posts\/92183\/revisions"}],"predecessor-version":[{"id":92187,"href":"https:\/\/jorgezanoni.com.br\/2019\/wp-json\/wp\/v2\/posts\/92183\/revisions\/92187"}],"wp:featuredmedia":[{"embeddable":true,"href":"https:\/\/jorgezanoni.com.br\/2019\/wp-json\/wp\/v2\/media\/92184"}],"wp:attachment":[{"href":"https:\/\/jorgezanoni.com.br\/2019\/wp-json\/wp\/v2\/media?parent=92183"}],"wp:term":[{"taxonomy":"category","embeddable":true,"href":"https:\/\/jorgezanoni.com.br\/2019\/wp-json\/wp\/v2\/categories?post=92183"},{"taxonomy":"post_tag","embeddable":true,"href":"https:\/\/jorgezanoni.com.br\/2019\/wp-json\/wp\/v2\/tags?post=92183"}],"curies":[{"name":"wp","href":"https:\/\/api.w.org\/{rel}","templated":true}]}}