{"id":92148,"date":"2025-01-18T18:41:01","date_gmt":"2025-01-18T18:41:01","guid":{"rendered":"https:\/\/jorgezanoni.com.br\/2019\/?p=92148"},"modified":"2025-01-18T18:41:01","modified_gmt":"2025-01-18T18:41:01","slug":"presidente-do-sicredi-convida-associados-para-assembleia-de-nucleos","status":"publish","type":"post","link":"https:\/\/jorgezanoni.com.br\/2019\/presidente-do-sicredi-convida-associados-para-assembleia-de-nucleos\/","title":{"rendered":"Presidente do SICREDI convida Associados para Assembl\u00e9ia de N\u00facleos"},"content":{"rendered":"<p style=\"text-align: justify;\"><strong>COOPERATIVA DE CR\u00c9DITO, POUPAN\u00c7A E INVESTIMENTO DA REGI\u00c3O CENTRO OESTE PAULISTA \u2013 <\/strong><\/p>\n<p style=\"text-align: justify;\"><strong>SICREDI CENTRO OESTE PAULISTA<\/strong><\/p>\n<p style=\"text-align: justify;\">CNPJ N\u00ba 04.463.602\/0001-36<\/p>\n<p style=\"text-align: justify;\">EDITAL DE CONVOCA\u00c7\u00c3O<\/p>\n<p style=\"text-align: justify;\">ASSEMBLEIA DE N\u00daCLEO \u2013 SEMIPRESENCIAL<\/p>\n<p style=\"text-align: justify;\">O Presidente da Cooperativa de Cr\u00e9dito, Poupan\u00e7a e Investimento da Regi\u00e3o Centro Oeste Paulista &#8211; Sicredi Centro Oeste Paulista, no uso das atribui\u00e7\u00f5es que lhe confere o artigo 14 do Estatuto Social, convoca os senhores associados, integrantes dos n\u00facleos a seguir relacionados, que em 31 de dezembro de 2024 somavam 65.213 (sessenta e cinco mil, duzentos e treze), para se reunirem em ASSEMBLEIAS DE N\u00daCLEOS a serem realizadas, na modalidade semipresencial, transmitidas dos locais e datas abaixo relacionados, para todos os associados, dos respectivos n\u00facleos, \u00a0de forma digital com acesso pelo link https:\/\/fundacao.sicredi.com.br\/assembleias\/ e\/ou pelos aplicativos Sicredi ou Sicredi X (conforme item 1 de observa\u00e7\u00f5es), com a presen\u00e7a de no m\u00ednimo 10 (dez) associados de cada n\u00facleo, nas datas e hor\u00e1rios a seguir:<\/p>\n<p style=\"text-align: justify;\">As ASSEMBLEIAS DE N\u00daCLEOS deliberar\u00e3o sobre a seguinte:<strong>\u00a0<\/strong><\/p>\n<p style=\"text-align: justify;\"><strong>ORDEM DO DIA<\/strong><strong>\u00a0<\/strong><\/p>\n<ol style=\"text-align: justify;\">\n<li>Elei\u00e7\u00e3o do Delegado de N\u00facleo das ag\u00eancias e seus Suplentes, nos termos do art. 16 do Estatuto Social e do Regulamento do Programa Pertencer, para fins de representa\u00e7\u00e3o dos associados do respectivo N\u00facleo nas Assembleias Gerais da Cooperativa.<strong>\u00a0<\/strong><\/li>\n<\/ol>\n<ol style=\"text-align: justify;\">\n<li>Definir o posicionamento (voto) de cada n\u00facleo em rela\u00e7\u00e3o \u00e0s mat\u00e9rias que ser\u00e3o objetos da Assembleia Geral Extraordin\u00e1ria e Ordin\u00e1ria da Cooperativa, o qual ser\u00e1 apresentado pelo Delegado do N\u00facleo, nos termos do \u00a7 4\u00ba, do art. 16 do Estatuto Social.<strong>\u00a0<\/strong><\/li>\n<\/ol>\n<p style=\"text-align: justify;\"><strong>EM REGIME DE ASSEMBLEIA GERAL EXTRAORDIN\u00c1RIA<\/strong><\/p>\n<ol style=\"text-align: justify;\">\n<li>Reforma ampla e geral do Estatuto Social da Cooperativa, com consolida\u00e7\u00e3o, na sua vers\u00e3o integral, visando a adequa\u00e7\u00e3o \u00e0 minuta sist\u00eamica do Sicredi.<\/li>\n<li>Aprova\u00e7\u00e3o do C\u00f3digo Eleitoral.<\/li>\n<li>Aprova\u00e7\u00e3o do RIS (Regimento Interno do Sicredi).<strong>\u00a0<\/strong><\/li>\n<\/ol>\n<p style=\"text-align: justify;\"><strong>EM REGIME DE ASSEMBLEIA GERAL ORDIN\u00c1RIA<\/strong><\/p>\n<ol style=\"text-align: justify;\">\n<li>Presta\u00e7\u00e3o de contas relativas ao exerc\u00edcio encerrado em 31 de dezembro de 2024, compreendendo:<\/li>\n<\/ol>\n<ol style=\"text-align: justify;\">\n<li>a) Relat\u00f3rio da gest\u00e3o;<\/li>\n<li>b) Balan\u00e7o dos dois semestres do correspondente exerc\u00edcio;<\/li>\n<li>c) Demonstrativo dos resultados apurados;<\/li>\n<li>d) Parecer do Conselho Fiscal;<\/li>\n<li>e) Utiliza\u00e7\u00e3o da reserva de Expans\u00e3o.<\/li>\n<\/ol>\n<ol style=\"text-align: justify;\" start=\"2\">\n<li>Destina\u00e7\u00f5es:<\/li>\n<\/ol>\n<ol style=\"text-align: justify;\">\n<li>a) Destina\u00e7\u00e3o dos Resultados;<\/li>\n<li>b) Destina\u00e7\u00e3o e Ratifica\u00e7\u00e3o dos recursos advindos do Fundo de Assist\u00eancia T\u00e9cnica, Educacional e Social;<\/li>\n<\/ol>\n<ol style=\"text-align: justify;\" start=\"3\">\n<li>Outros assuntos de interesse do quadro social (car\u00e1ter n\u00e3o deliberat\u00f3rio).\u00a0 \u00a0 \u00a0 \u00a0 \u00a0 \u00a0 \u00a0 \u00a0 \u00a0 \u00a0 \u00a0 \u00a0 \u00a0 \u00a0 \u00a0 \u00a0 \u00a0 \u00a0 \u00a0 \u00a0 \u00a0 \u00a0 \u00a0 \u00a0 \u00a0 \u00a0 \u00a0 \u00a0 \u00a0 \u00a0 \u00a0 \u00a0 \u00a0 \u00a0 \u00a0 \u00a0 \u00a0 \u00a0 \u00a0 \u00a0 \u00a0 \u00a0 \u00a0 \u00a0 \u00a0 \u00a0 \u00a0 \u00a0 \u00a0 \u00a0 \u00a0 \u00a0 \u00a0 \u00a0 \u00a0 \u00a0 \u00a0 \u00a0 \u00a0 \u00a0 \u00a0 \u00a0 \u00a0 \u00a0 \u00a0 \u00a0 \u00a0 \u00a0 Mar\u00edlia\/SP, 17 de janeiro de 2025<\/li>\n<\/ol>\n<p style=\"text-align: justify;\">\u00a0 \u00a0 Jo\u00e3o Alberto Salvi<\/p>\n<p style=\"text-align: justify;\">\u00a0 \u00a0 Presidente<\/p>\n<p style=\"text-align: justify;\">OBSERVA\u00c7\u00d5ES:<\/p>\n<ol style=\"text-align: justify;\">\n<li>Instru\u00e7\u00f5es para participa\u00e7\u00e3o e vota\u00e7\u00e3o na videoconfer\u00eancia da Assembleia de N\u00facleo na data e hor\u00e1rio indicado: ser\u00e3o disponibilizados aos Associados as instru\u00e7\u00f5es no link de acesso https:\/\/fundacao.sicredi.com.br\/assembleias\/ e atrav\u00e9s do aplicativo Sicredi e Sicredi X pelo Menu&gt;Assembleias (verifique se o seu aplicativo e o seu cadastro na sua ag\u00eancia est\u00e3o atualizados), acess\u00edvel atrav\u00e9s de navegador ou aplicativo de smartphone compat\u00edvel com os sistemas IOS e Android. Os mecanismos utilizados permitir\u00e3o aos associados que se cadastrem, identifiquem, assim como exer\u00e7am seu direito a voz e voto, mediante atua\u00e7\u00e3o remota atrav\u00e9s de chat em tempo real. Para acesso ao site, basta clicar no link, realizar seu cadastro e preencher sua identifica\u00e7\u00e3o, oportunidade em que ser\u00e1 admitido seu ingresso na Assembleia. As ag\u00eancias estar\u00e3o \u00e0 disposi\u00e7\u00e3o dos associados para dirimir eventuais d\u00favidas de acesso \u00e0 plataforma, em hor\u00e1rio de atendimento ao p\u00fablico.<\/li>\n<\/ol>\n<ol style=\"text-align: justify;\" start=\"2\">\n<li>A Assembleia n\u00e3o se realizar\u00e1 na sede social por falta de acomoda\u00e7\u00f5es e ser\u00e1 gravada eletronicamente.<\/li>\n<\/ol>\n<ol style=\"text-align: justify;\" start=\"3\">\n<li>As minutas e propostas do Estatuto Social, C\u00f3digo Eleitoral e RIS (Regimento Interno do Sicredi) encontram-se \u00e0 disposi\u00e7\u00e3o na sede e nas ag\u00eancias da Cooperativa, e por meio digital atrav\u00e9s do site: <a href=\"https:\/\/www.sicredi.com.br\/coop\/centro-oeste-paulista\/documentos-relatorios\/\">https:\/\/www.sicredi.com.br\/coop\/centro-oeste-paulista\/documentos-relatorios\/<\/a><\/li>\n<\/ol>\n<ol style=\"text-align: justify;\" start=\"4\">\n<li>A listagem dos associados que integram os n\u00facleos mencionados e objeto do presente Edital encontram-se dispon\u00edveis nas ag\u00eancias da Cooperativa.<\/li>\n<\/ol>\n<ol style=\"text-align: justify;\" start=\"5\">\n<li>A Assembleia de n\u00facleos se realizar\u00e1 em formato semipresencial, exclusivamente, aos associados da Cooperativa. Por motivos de limita\u00e7\u00e3o de espa\u00e7o f\u00edsico, os associados que pretenderem participar presencialmente da assembleia de n\u00facleo dever\u00e3o previamente confirmar presen\u00e7a junto \u00e0 sua ag\u00eancia.<\/li>\n<\/ol>\n<ol start=\"6\">\n<li style=\"text-align: justify;\">Para participa\u00e7\u00e3o e vota\u00e7\u00e3o pelos associados de forma digital, a plataforma ficar\u00e1 dispon\u00edvel at\u00e9 dois dias \u00fateis da realiza\u00e7\u00e3o da assembleia do seu respectivo n\u00facleo, a informa\u00e7\u00e3o est\u00e1 contida na coluna \u201cEncerramento Digital\u201d da tabela de datas e hor\u00e1rios acima.<\/li>\n<\/ol>\n<p>file:\/\/\/C:\/Users\/Jorge\/Downloads\/01%20Edital_AGN%202025%20(Semi-presencial)_v2_Assinado%20(2).pd<\/p>\n<p><a href=\"https:\/\/jorgezanoni.com.br\/2019\/wp-content\/uploads\/2025\/01\/01-Edital_AGN-2025-Semi-presencial_v2_Assinado-2.pdf\">01 Edital_AGN 2025 (Semi-presencial)_v2_Assinado (2)<\/a><\/p>\n<p>&nbsp;<\/p>\n<p>&nbsp;<\/p>\n<p>&nbsp;<\/p>\n<p>&nbsp;<\/p>\n","protected":false},"excerpt":{"rendered":"<p>COOPERATIVA DE CR\u00c9DITO, POUPAN\u00c7A E INVESTIMENTO DA REGI\u00c3O CENTRO OESTE PAULISTA \u2013 SICREDI CENTRO OESTE PAULISTA CNPJ N\u00ba 04.463.602\/0001-36 EDITAL DE CONVOCA\u00c7\u00c3O ASSEMBLEIA DE N\u00daCLEO \u2013 SEMIPRESENCIAL O Presidente da Cooperativa de Cr\u00e9dito, Poupan\u00e7a e Investimento da Regi\u00e3o Centro Oeste Paulista &#8211; Sicredi Centro Oeste Paulista, no uso das atribui\u00e7\u00f5es que lhe confere o artigo [&hellip;]<\/p>\n","protected":false},"author":1,"featured_media":92150,"comment_status":"closed","ping_status":"open","sticky":false,"template":"","format":"standard","meta":{"footnotes":""},"categories":[110,116],"tags":[],"class_list":["post-92148","post","type-post","status-publish","format-standard","has-post-thumbnail","hentry","category-noticiasdestaque","category-politicaeeconomia"],"_links":{"self":[{"href":"https:\/\/jorgezanoni.com.br\/2019\/wp-json\/wp\/v2\/posts\/92148","targetHints":{"allow":["GET"]}}],"collection":[{"href":"https:\/\/jorgezanoni.com.br\/2019\/wp-json\/wp\/v2\/posts"}],"about":[{"href":"https:\/\/jorgezanoni.com.br\/2019\/wp-json\/wp\/v2\/types\/post"}],"author":[{"embeddable":true,"href":"https:\/\/jorgezanoni.com.br\/2019\/wp-json\/wp\/v2\/users\/1"}],"replies":[{"embeddable":true,"href":"https:\/\/jorgezanoni.com.br\/2019\/wp-json\/wp\/v2\/comments?post=92148"}],"version-history":[{"count":1,"href":"https:\/\/jorgezanoni.com.br\/2019\/wp-json\/wp\/v2\/posts\/92148\/revisions"}],"predecessor-version":[{"id":92151,"href":"https:\/\/jorgezanoni.com.br\/2019\/wp-json\/wp\/v2\/posts\/92148\/revisions\/92151"}],"wp:featuredmedia":[{"embeddable":true,"href":"https:\/\/jorgezanoni.com.br\/2019\/wp-json\/wp\/v2\/media\/92150"}],"wp:attachment":[{"href":"https:\/\/jorgezanoni.com.br\/2019\/wp-json\/wp\/v2\/media?parent=92148"}],"wp:term":[{"taxonomy":"category","embeddable":true,"href":"https:\/\/jorgezanoni.com.br\/2019\/wp-json\/wp\/v2\/categories?post=92148"},{"taxonomy":"post_tag","embeddable":true,"href":"https:\/\/jorgezanoni.com.br\/2019\/wp-json\/wp\/v2\/tags?post=92148"}],"curies":[{"name":"wp","href":"https:\/\/api.w.org\/{rel}","templated":true}]}}