{"id":92081,"date":"2025-01-16T16:44:26","date_gmt":"2025-01-16T16:44:26","guid":{"rendered":"https:\/\/jorgezanoni.com.br\/2019\/?p=92081"},"modified":"2025-01-16T16:45:30","modified_gmt":"2025-01-16T16:45:30","slug":"luiz-augusto-ramos-de-almeida-e-eleito-presidente-da-associacao-comercial-e-empresarial-de-dracena","status":"publish","type":"post","link":"https:\/\/jorgezanoni.com.br\/2019\/luiz-augusto-ramos-de-almeida-e-eleito-presidente-da-associacao-comercial-e-empresarial-de-dracena\/","title":{"rendered":"Luiz Augusto Ramos de Almeida \u00e9 eleito presidente da Associa\u00e7\u00e3o Comercial e Empresarial de Dracena."},"content":{"rendered":"<p style=\"text-align: justify;\"><strong>A Associa\u00e7\u00e3o Comercial e Empresarial de Dracena, realizou nesta quarta-feira (15), o pleito para eleger a diretoria que comandar\u00e1 a entidade no bi\u00eanio 2025\/2026.<\/strong><\/p>\n<p style=\"text-align: justify;\">Encabe\u00e7ando a \u00fanica chapa registrada para o pleito, o empres\u00e1rio Luiz Augusto Ramos de Almeida foi eleito por unanimidade, juntamente com seu vice, Bruno Dancieri. Foram 69 votos recebidos por unanimidade, na elei\u00e7\u00e3o realizada na sede da ACE.<\/p>\n<p>O presidente eleito, expressou sua alegria pela conquista e manifestou gratid\u00e3o pela vota\u00e7\u00e3o maci\u00e7a dos associados. \u201cA participa\u00e7\u00e3o dos associados no pleito realizado, refor\u00e7a o esp\u00edrito de uni\u00e3o e compromisso que fortalece a ACE. Estou particularmente feliz pela confian\u00e7a demonstrada em nossa equipe. Desejamos intensificar papel da ACE em Dracena e estimular o progresso de nossos empres\u00e1rios e empreendedores, promovendo ainda mais avan\u00e7os para nossa cidade\u201d, ressaltou Almeida<\/p>\n<p>A empres\u00e1ria Maria Neli Vieira Kato, que teve uma atua\u00e7\u00e3o brilhante \u00e0 frente da ACE Dracena nos \u00faltimos dois anos, far\u00e1 a transmiss\u00e3o do cargo em breve. \u201cDesejo a nova diretoria executiva uma gest\u00e3o de sucesso, conquistas e a\u00e7\u00f5es que beneficiem os associados e a comunidade de Dracena\u201d, finaliza.<\/p>\n<p>Assessoria de Imprensa\u00a0da\u00a0ACE\u00a0Dracena<\/p>\n","protected":false},"excerpt":{"rendered":"<p>A Associa\u00e7\u00e3o Comercial e Empresarial de Dracena, realizou nesta quarta-feira (15), o pleito para eleger a diretoria que comandar\u00e1 a entidade no bi\u00eanio 2025\/2026. Encabe\u00e7ando a \u00fanica chapa registrada para o pleito, o empres\u00e1rio Luiz Augusto Ramos de Almeida foi eleito por unanimidade, juntamente com seu vice, Bruno Dancieri. Foram 69 votos recebidos por unanimidade, [&hellip;]<\/p>\n","protected":false},"author":1,"featured_media":92082,"comment_status":"closed","ping_status":"open","sticky":false,"template":"","format":"standard","meta":{"footnotes":""},"categories":[114,110],"tags":[],"class_list":["post-92081","post","type-post","status-publish","format-standard","has-post-thumbnail","hentry","category-geralecomercio","category-noticiasdestaque"],"_links":{"self":[{"href":"https:\/\/jorgezanoni.com.br\/2019\/wp-json\/wp\/v2\/posts\/92081","targetHints":{"allow":["GET"]}}],"collection":[{"href":"https:\/\/jorgezanoni.com.br\/2019\/wp-json\/wp\/v2\/posts"}],"about":[{"href":"https:\/\/jorgezanoni.com.br\/2019\/wp-json\/wp\/v2\/types\/post"}],"author":[{"embeddable":true,"href":"https:\/\/jorgezanoni.com.br\/2019\/wp-json\/wp\/v2\/users\/1"}],"replies":[{"embeddable":true,"href":"https:\/\/jorgezanoni.com.br\/2019\/wp-json\/wp\/v2\/comments?post=92081"}],"version-history":[{"count":2,"href":"https:\/\/jorgezanoni.com.br\/2019\/wp-json\/wp\/v2\/posts\/92081\/revisions"}],"predecessor-version":[{"id":92084,"href":"https:\/\/jorgezanoni.com.br\/2019\/wp-json\/wp\/v2\/posts\/92081\/revisions\/92084"}],"wp:featuredmedia":[{"embeddable":true,"href":"https:\/\/jorgezanoni.com.br\/2019\/wp-json\/wp\/v2\/media\/92082"}],"wp:attachment":[{"href":"https:\/\/jorgezanoni.com.br\/2019\/wp-json\/wp\/v2\/media?parent=92081"}],"wp:term":[{"taxonomy":"category","embeddable":true,"href":"https:\/\/jorgezanoni.com.br\/2019\/wp-json\/wp\/v2\/categories?post=92081"},{"taxonomy":"post_tag","embeddable":true,"href":"https:\/\/jorgezanoni.com.br\/2019\/wp-json\/wp\/v2\/tags?post=92081"}],"curies":[{"name":"wp","href":"https:\/\/api.w.org\/{rel}","templated":true}]}}