{"id":91832,"date":"2025-01-02T23:06:23","date_gmt":"2025-01-02T23:06:23","guid":{"rendered":"https:\/\/jorgezanoni.com.br\/2019\/?p=91832"},"modified":"2025-01-02T23:06:23","modified_gmt":"2025-01-02T23:06:23","slug":"dracena-encerra-exercicio-com-r-13-milhoes-em-caixa-e-superavit-de-quase-6-milhoes-em-2-024","status":"publish","type":"post","link":"https:\/\/jorgezanoni.com.br\/2019\/dracena-encerra-exercicio-com-r-13-milhoes-em-caixa-e-superavit-de-quase-6-milhoes-em-2-024\/","title":{"rendered":"Dracena encerra exerc\u00edcio com R$ 13 milh\u00f5es em caixa e super\u00e1vit de quase 6 milh\u00f5es em 2.024"},"content":{"rendered":"<p>A Secretaria de Gabinete e Governo do munic\u00edpio de Dracena divulgou um relat\u00f3rio de presta\u00e7\u00e3o de contas, destacando o fechamento positivo das finan\u00e7as municipais em 2024. De acordo com o balan\u00e7o assinado pelo contador do munic\u00edpio, Dracena encerrou o exerc\u00edcio de 2024 com um saldo positivo.<br \/>\nConforme o demonstrativo cont\u00e1bil e a apura\u00e7\u00e3o preliminar realizada na tarde de segunda-feira (30\/12), Dracena apresentou um saldo total de R$ 13.014.026,26 nas contas-correntes da prefeitura, al\u00e9m de um super\u00e1vit de R$ 5.987.322,30.<br \/>\nDessa forma, o munic\u00edpio destaca o equil\u00edbrio financeiro alcan\u00e7ado e a transpar\u00eancia na gest\u00e3o p\u00fablica.<\/p>\n<p><img loading=\"lazy\" decoding=\"async\" class=\"alignnone size-full wp-image-91833\" src=\"https:\/\/jorgezanoni.com.br\/2019\/wp-content\/uploads\/2025\/01\/Prestacao-de-contas-novo.jpg\" alt=\"\" width=\"847\" height=\"1200\" srcset=\"https:\/\/jorgezanoni.com.br\/2019\/wp-content\/uploads\/2025\/01\/Prestacao-de-contas-novo.jpg 847w, https:\/\/jorgezanoni.com.br\/2019\/wp-content\/uploads\/2025\/01\/Prestacao-de-contas-novo-212x300.jpg 212w, https:\/\/jorgezanoni.com.br\/2019\/wp-content\/uploads\/2025\/01\/Prestacao-de-contas-novo-723x1024.jpg 723w, https:\/\/jorgezanoni.com.br\/2019\/wp-content\/uploads\/2025\/01\/Prestacao-de-contas-novo-768x1088.jpg 768w, https:\/\/jorgezanoni.com.br\/2019\/wp-content\/uploads\/2025\/01\/Prestacao-de-contas-novo-696x986.jpg 696w, https:\/\/jorgezanoni.com.br\/2019\/wp-content\/uploads\/2025\/01\/Prestacao-de-contas-novo-296x420.jpg 296w\" sizes=\"auto, (max-width: 847px) 100vw, 847px\" \/><\/p>\n","protected":false},"excerpt":{"rendered":"<p>A Secretaria de Gabinete e Governo do munic\u00edpio de Dracena divulgou um relat\u00f3rio de presta\u00e7\u00e3o de contas, destacando o fechamento positivo das finan\u00e7as municipais em 2024. De acordo com o balan\u00e7o assinado pelo contador do munic\u00edpio, Dracena encerrou o exerc\u00edcio de 2024 com um saldo positivo. Conforme o demonstrativo cont\u00e1bil e a apura\u00e7\u00e3o preliminar realizada [&hellip;]<\/p>\n","protected":false},"author":1,"featured_media":91834,"comment_status":"closed","ping_status":"open","sticky":false,"template":"","format":"standard","meta":{"footnotes":""},"categories":[179,184,110,116],"tags":[],"class_list":["post-91832","post","type-post","status-publish","format-standard","has-post-thumbnail","hentry","category-cidadeseregiao","category-dracena","category-noticiasdestaque","category-politicaeeconomia"],"_links":{"self":[{"href":"https:\/\/jorgezanoni.com.br\/2019\/wp-json\/wp\/v2\/posts\/91832","targetHints":{"allow":["GET"]}}],"collection":[{"href":"https:\/\/jorgezanoni.com.br\/2019\/wp-json\/wp\/v2\/posts"}],"about":[{"href":"https:\/\/jorgezanoni.com.br\/2019\/wp-json\/wp\/v2\/types\/post"}],"author":[{"embeddable":true,"href":"https:\/\/jorgezanoni.com.br\/2019\/wp-json\/wp\/v2\/users\/1"}],"replies":[{"embeddable":true,"href":"https:\/\/jorgezanoni.com.br\/2019\/wp-json\/wp\/v2\/comments?post=91832"}],"version-history":[{"count":1,"href":"https:\/\/jorgezanoni.com.br\/2019\/wp-json\/wp\/v2\/posts\/91832\/revisions"}],"predecessor-version":[{"id":91835,"href":"https:\/\/jorgezanoni.com.br\/2019\/wp-json\/wp\/v2\/posts\/91832\/revisions\/91835"}],"wp:featuredmedia":[{"embeddable":true,"href":"https:\/\/jorgezanoni.com.br\/2019\/wp-json\/wp\/v2\/media\/91834"}],"wp:attachment":[{"href":"https:\/\/jorgezanoni.com.br\/2019\/wp-json\/wp\/v2\/media?parent=91832"}],"wp:term":[{"taxonomy":"category","embeddable":true,"href":"https:\/\/jorgezanoni.com.br\/2019\/wp-json\/wp\/v2\/categories?post=91832"},{"taxonomy":"post_tag","embeddable":true,"href":"https:\/\/jorgezanoni.com.br\/2019\/wp-json\/wp\/v2\/tags?post=91832"}],"curies":[{"name":"wp","href":"https:\/\/api.w.org\/{rel}","templated":true}]}}