{"id":91792,"date":"2024-12-31T15:23:43","date_gmt":"2024-12-31T15:23:43","guid":{"rendered":"https:\/\/jorgezanoni.com.br\/2019\/?p=91792"},"modified":"2024-12-31T15:35:00","modified_gmt":"2024-12-31T15:35:00","slug":"prestacao-de-contas-da-prefeitura-municipal-de-dracena","status":"publish","type":"post","link":"https:\/\/jorgezanoni.com.br\/2019\/prestacao-de-contas-da-prefeitura-municipal-de-dracena\/","title":{"rendered":"Presta\u00e7\u00e3o de Contas da Prefeitura Municipal de Dracena"},"content":{"rendered":"<p>Em seu \u00fal\u00e7timo dia de mandato, o Prefeito Andr\u00e9 Lemos, apresenta aos mun\u00edcipes, a PRESTA\u00c7\u00c3O DE CONTAS da Prefeitura Municipal de Dracena.<\/p>\n<p><img loading=\"lazy\" decoding=\"async\" class=\"alignnone size-full wp-image-91793\" src=\"https:\/\/jorgezanoni.com.br\/2019\/wp-content\/uploads\/2024\/12\/word.png\" alt=\"\" width=\"640\" height=\"905\" srcset=\"https:\/\/jorgezanoni.com.br\/2019\/wp-content\/uploads\/2024\/12\/word.png 640w, https:\/\/jorgezanoni.com.br\/2019\/wp-content\/uploads\/2024\/12\/word-212x300.png 212w, https:\/\/jorgezanoni.com.br\/2019\/wp-content\/uploads\/2024\/12\/word-297x420.png 297w\" sizes=\"auto, (max-width: 640px) 100vw, 640px\" \/><\/p>\n","protected":false},"excerpt":{"rendered":"<p>Em seu \u00fal\u00e7timo dia de mandato, o Prefeito Andr\u00e9 Lemos, apresenta aos mun\u00edcipes, a PRESTA\u00c7\u00c3O DE CONTAS da Prefeitura Municipal de Dracena.<\/p>\n","protected":false},"author":1,"featured_media":91796,"comment_status":"closed","ping_status":"open","sticky":false,"template":"","format":"standard","meta":{"footnotes":""},"categories":[179,184,110,116],"tags":[],"class_list":["post-91792","post","type-post","status-publish","format-standard","has-post-thumbnail","hentry","category-cidadeseregiao","category-dracena","category-noticiasdestaque","category-politicaeeconomia"],"_links":{"self":[{"href":"https:\/\/jorgezanoni.com.br\/2019\/wp-json\/wp\/v2\/posts\/91792","targetHints":{"allow":["GET"]}}],"collection":[{"href":"https:\/\/jorgezanoni.com.br\/2019\/wp-json\/wp\/v2\/posts"}],"about":[{"href":"https:\/\/jorgezanoni.com.br\/2019\/wp-json\/wp\/v2\/types\/post"}],"author":[{"embeddable":true,"href":"https:\/\/jorgezanoni.com.br\/2019\/wp-json\/wp\/v2\/users\/1"}],"replies":[{"embeddable":true,"href":"https:\/\/jorgezanoni.com.br\/2019\/wp-json\/wp\/v2\/comments?post=91792"}],"version-history":[{"count":1,"href":"https:\/\/jorgezanoni.com.br\/2019\/wp-json\/wp\/v2\/posts\/91792\/revisions"}],"predecessor-version":[{"id":91794,"href":"https:\/\/jorgezanoni.com.br\/2019\/wp-json\/wp\/v2\/posts\/91792\/revisions\/91794"}],"wp:featuredmedia":[{"embeddable":true,"href":"https:\/\/jorgezanoni.com.br\/2019\/wp-json\/wp\/v2\/media\/91796"}],"wp:attachment":[{"href":"https:\/\/jorgezanoni.com.br\/2019\/wp-json\/wp\/v2\/media?parent=91792"}],"wp:term":[{"taxonomy":"category","embeddable":true,"href":"https:\/\/jorgezanoni.com.br\/2019\/wp-json\/wp\/v2\/categories?post=91792"},{"taxonomy":"post_tag","embeddable":true,"href":"https:\/\/jorgezanoni.com.br\/2019\/wp-json\/wp\/v2\/tags?post=91792"}],"curies":[{"name":"wp","href":"https:\/\/api.w.org\/{rel}","templated":true}]}}