{"id":91617,"date":"2024-12-23T15:51:05","date_gmt":"2024-12-23T15:51:05","guid":{"rendered":"https:\/\/jorgezanoni.com.br\/2019\/?p=91617"},"modified":"2024-12-23T15:53:15","modified_gmt":"2024-12-23T15:53:15","slug":"homem-morre-em-gravissimo-acidente-na-rodovia-integracao-sp-563","status":"publish","type":"post","link":"https:\/\/jorgezanoni.com.br\/2019\/homem-morre-em-gravissimo-acidente-na-rodovia-integracao-sp-563\/","title":{"rendered":"Homem morre em grav\u00edssimo acidente envolvendo tr\u00eas ve\u00edculos na rodovia da Integra\u00e7\u00e3o SP-563"},"content":{"rendered":"<p style=\"text-align: justify;\"><strong>Claudemir Domingues de Souza, de 48 anos, veio a \u00f3bito na manh\u00e3 desta segunda-feira (23.dez.), ao se envolver em grav\u00edssimo acidente de tr\u00e2nsito no Km 213 da rodovia Euclides Oliveira Figueiredo, a \u201cRodovia da Integra\u00e7\u00e3o\u201d (SP 563), com tr\u00eas ve\u00edculos acidentados.<\/strong><\/p>\n<p style=\"text-align: justify;\">Outras seis pessoas, incluindo um beb\u00ea, tamb\u00e9m se feriram, felizmente sem muita gravidade. A Pol\u00edcia Rodovi\u00e1ria registrou o acidente no 2\u00ba DP.<\/p>\n<p style=\"text-align: justify;\">Segundo informa\u00e7\u00f5es de um dos motoristas envolvidos no acidente, nesse caso o condutor da picape Chevrolet S10, na cor prata, ele retornava com a esposa, sua filha ainda beb\u00ea e a sogra, seguindo pela Integra\u00e7\u00e3o no sentido Pereira Barreto \u00e0 Andradina.<\/p>\n<p style=\"text-align: justify;\">Dois Km ap\u00f3s passarem o trevinho que d\u00e1 acesso \u00e0 Usina sucroaco\u00f3leiro Raizen\/unidade Gasa e UHE de Tr\u00eas Irm\u00e3os, e tamb\u00e9m da Fazenda Guanabara, teve a trajet\u00f3ria interceptada pelo ve\u00edculo Volkswagen Gol, na cor branco, dirigido por Claudemir Souza que, por motivos a serem investigados pela Pol\u00edcia Civil, invadiu o sentido contr\u00e1rio de sua m\u00e3o de dire\u00e7\u00e3o.<\/p>\n<p style=\"text-align: justify;\">O motorista da S10 informou ainda \u00e0 reportagem que desviou o que pode do Gol, mas ele acabou batendo na lateral traseira esquerda. O violento choque fez com que a S10 capotasse com as 4 pessoas a bordo e, devido ao choque, literalmente partiu o Gol em dois.<\/p>\n<p style=\"text-align: justify;\">A S10 ainda bateu em um Hyundai HB20, na cor preto (e n\u00e3o um Toyota Corolla, conforme est\u00e1 descrito no v\u00eddeo PELO REP\u00d3RTER Manoel Messias). Desgovernado, o HB20 ainda caiu na canaleta lateral de escoamento de \u00e1guas pluviais. O casal que ocupava o ve\u00edculo sofreu ferimentos sem muita gravidade.<\/p>\n<p style=\"text-align: justify;\">O Corpo de Bombeiros foi acionado, comparecendo com uma unidade de Resgate e outra de suporte, al\u00e9m do servi\u00e7o de UTI m\u00f3vel do munic\u00edpio de Andradina, socorrendo primeiramente o motorista do Gol at\u00e9 a UPA \u2013 Unidade de Pronto Atendimento. Foi necess\u00e1rio realizar manobras de ressuscita\u00e7\u00e3o no mesmo antes da condu\u00e7\u00e3o at\u00e9 a unidade de sa\u00fade.<\/p>\n<p style=\"text-align: justify;\">As demais v\u00edtimas passaram por exames m\u00e9dicos e foram liberadas a medida que se recobravam do susto.<\/p>\n<p style=\"text-align: justify;\">A Pista onde aconteceu o acidente precisou ser interditada parcialmente para o trabalho do socorro das v\u00edtimas e da per\u00edcia t\u00e9cnico\/cient\u00edfica, permanecendo no sistema PARE\/SIGA, at\u00e9 que os ve\u00edculos fossem retirados do local e a pista limpa, causando pequenos congestionamentos.<\/p>\n<p><img loading=\"lazy\" decoding=\"async\" class=\"alignnone size-full wp-image-91619\" src=\"https:\/\/jorgezanoni.com.br\/2019\/wp-content\/uploads\/2024\/12\/andra2-Pequeno.jpg\" alt=\"\" width=\"640\" height=\"480\" srcset=\"https:\/\/jorgezanoni.com.br\/2019\/wp-content\/uploads\/2024\/12\/andra2-Pequeno.jpg 640w, https:\/\/jorgezanoni.com.br\/2019\/wp-content\/uploads\/2024\/12\/andra2-Pequeno-300x225.jpg 300w, https:\/\/jorgezanoni.com.br\/2019\/wp-content\/uploads\/2024\/12\/andra2-Pequeno-80x60.jpg 80w, https:\/\/jorgezanoni.com.br\/2019\/wp-content\/uploads\/2024\/12\/andra2-Pequeno-265x198.jpg 265w, https:\/\/jorgezanoni.com.br\/2019\/wp-content\/uploads\/2024\/12\/andra2-Pequeno-560x420.jpg 560w\" sizes=\"auto, (max-width: 640px) 100vw, 640px\" \/> <img loading=\"lazy\" decoding=\"async\" class=\"alignnone size-full wp-image-91620\" src=\"https:\/\/jorgezanoni.com.br\/2019\/wp-content\/uploads\/2024\/12\/andra-Pequeno.jpg\" alt=\"\" width=\"640\" height=\"480\" srcset=\"https:\/\/jorgezanoni.com.br\/2019\/wp-content\/uploads\/2024\/12\/andra-Pequeno.jpg 640w, https:\/\/jorgezanoni.com.br\/2019\/wp-content\/uploads\/2024\/12\/andra-Pequeno-300x225.jpg 300w, https:\/\/jorgezanoni.com.br\/2019\/wp-content\/uploads\/2024\/12\/andra-Pequeno-80x60.jpg 80w, https:\/\/jorgezanoni.com.br\/2019\/wp-content\/uploads\/2024\/12\/andra-Pequeno-265x198.jpg 265w, https:\/\/jorgezanoni.com.br\/2019\/wp-content\/uploads\/2024\/12\/andra-Pequeno-560x420.jpg 560w\" sizes=\"auto, (max-width: 640px) 100vw, 640px\" \/><\/p>\n<p>Fonte: Mil Not\u00edcias<\/p>\n","protected":false},"excerpt":{"rendered":"<p>Claudemir Domingues de Souza, de 48 anos, veio a \u00f3bito na manh\u00e3 desta segunda-feira (23.dez.), ao se envolver em grav\u00edssimo acidente de tr\u00e2nsito no Km 213 da rodovia Euclides Oliveira Figueiredo, a \u201cRodovia da Integra\u00e7\u00e3o\u201d (SP 563), com tr\u00eas ve\u00edculos acidentados. Outras seis pessoas, incluindo um beb\u00ea, tamb\u00e9m se feriram, felizmente sem muita gravidade. A [&hellip;]<\/p>\n","protected":false},"author":1,"featured_media":91618,"comment_status":"closed","ping_status":"open","sticky":false,"template":"","format":"standard","meta":{"footnotes":""},"categories":[170,110],"tags":[],"class_list":["post-91617","post","type-post","status-publish","format-standard","has-post-thumbnail","hentry","category-acidentes","category-noticiasdestaque"],"_links":{"self":[{"href":"https:\/\/jorgezanoni.com.br\/2019\/wp-json\/wp\/v2\/posts\/91617","targetHints":{"allow":["GET"]}}],"collection":[{"href":"https:\/\/jorgezanoni.com.br\/2019\/wp-json\/wp\/v2\/posts"}],"about":[{"href":"https:\/\/jorgezanoni.com.br\/2019\/wp-json\/wp\/v2\/types\/post"}],"author":[{"embeddable":true,"href":"https:\/\/jorgezanoni.com.br\/2019\/wp-json\/wp\/v2\/users\/1"}],"replies":[{"embeddable":true,"href":"https:\/\/jorgezanoni.com.br\/2019\/wp-json\/wp\/v2\/comments?post=91617"}],"version-history":[{"count":4,"href":"https:\/\/jorgezanoni.com.br\/2019\/wp-json\/wp\/v2\/posts\/91617\/revisions"}],"predecessor-version":[{"id":91624,"href":"https:\/\/jorgezanoni.com.br\/2019\/wp-json\/wp\/v2\/posts\/91617\/revisions\/91624"}],"wp:featuredmedia":[{"embeddable":true,"href":"https:\/\/jorgezanoni.com.br\/2019\/wp-json\/wp\/v2\/media\/91618"}],"wp:attachment":[{"href":"https:\/\/jorgezanoni.com.br\/2019\/wp-json\/wp\/v2\/media?parent=91617"}],"wp:term":[{"taxonomy":"category","embeddable":true,"href":"https:\/\/jorgezanoni.com.br\/2019\/wp-json\/wp\/v2\/categories?post=91617"},{"taxonomy":"post_tag","embeddable":true,"href":"https:\/\/jorgezanoni.com.br\/2019\/wp-json\/wp\/v2\/tags?post=91617"}],"curies":[{"name":"wp","href":"https:\/\/api.w.org\/{rel}","templated":true}]}}