{"id":91580,"date":"2024-12-22T14:43:02","date_gmt":"2024-12-22T14:43:02","guid":{"rendered":"https:\/\/jorgezanoni.com.br\/2019\/?p=91580"},"modified":"2024-12-22T14:43:02","modified_gmt":"2024-12-22T14:43:02","slug":"veiculo-desgovernado-bate-em-arvore-em-praca-no-jardim-das-palmeiras","status":"publish","type":"post","link":"https:\/\/jorgezanoni.com.br\/2019\/veiculo-desgovernado-bate-em-arvore-em-praca-no-jardim-das-palmeiras\/","title":{"rendered":"Ve\u00edculo desgovernado bate em \u00e1rvore em Pra\u00e7a no Jardim das Palmeiras"},"content":{"rendered":"<p style=\"text-align: justify;\"><strong>Acidente foi registrado na Rua Bol\u00edvia na madrugada deste domingo (22), em Dracena.<\/strong><\/p>\n<p style=\"text-align: justify;\">Segundo informa\u00e7\u00f5es obtidas pela reportagem do SITE JZ e TOP TV., uma mulher moradora de Andradina perdeu o contr\u00f4le da dire\u00e7\u00e3o de um Fiat Toro, e acabou batendo contra uma \u00e1rvore.<\/p>\n<p style=\"text-align: justify;\">Ela ficou inconsciente por alguns minutos, sendo assistida por populares, e acabou socorrida por uma Unidade de Resgate deo Corpo de Bombeiros, at\u00e9 o Pronto Atendimento Municipal.<\/p>\n<p style=\"text-align: justify;\">O ve\u00edculo foi guinchado para um p\u00e1tio autorizado, por estar com a documenta\u00e7\u00e3o vencida.<\/p>\n<p style=\"text-align: justify;\">Pol\u00edcias Militar e T\u00e9cnica estiveram no local para os devidos procedimentos e um laudo vai apurar as reais causas do acidente.<\/p>\n<p><img loading=\"lazy\" decoding=\"async\" class=\"alignnone size-full wp-image-91582\" src=\"https:\/\/jorgezanoni.com.br\/2019\/wp-content\/uploads\/2024\/12\/acid.jpg\" alt=\"\" width=\"963\" height=\"1280\" srcset=\"https:\/\/jorgezanoni.com.br\/2019\/wp-content\/uploads\/2024\/12\/acid.jpg 963w, https:\/\/jorgezanoni.com.br\/2019\/wp-content\/uploads\/2024\/12\/acid-226x300.jpg 226w, https:\/\/jorgezanoni.com.br\/2019\/wp-content\/uploads\/2024\/12\/acid-770x1024.jpg 770w, https:\/\/jorgezanoni.com.br\/2019\/wp-content\/uploads\/2024\/12\/acid-768x1021.jpg 768w, https:\/\/jorgezanoni.com.br\/2019\/wp-content\/uploads\/2024\/12\/acid-696x925.jpg 696w, https:\/\/jorgezanoni.com.br\/2019\/wp-content\/uploads\/2024\/12\/acid-316x420.jpg 316w\" sizes=\"auto, (max-width: 963px) 100vw, 963px\" \/> <img loading=\"lazy\" decoding=\"async\" class=\"alignnone size-full wp-image-91583\" src=\"https:\/\/jorgezanoni.com.br\/2019\/wp-content\/uploads\/2024\/12\/acid1.jpg\" alt=\"\" width=\"963\" height=\"1280\" srcset=\"https:\/\/jorgezanoni.com.br\/2019\/wp-content\/uploads\/2024\/12\/acid1.jpg 963w, https:\/\/jorgezanoni.com.br\/2019\/wp-content\/uploads\/2024\/12\/acid1-226x300.jpg 226w, https:\/\/jorgezanoni.com.br\/2019\/wp-content\/uploads\/2024\/12\/acid1-770x1024.jpg 770w, https:\/\/jorgezanoni.com.br\/2019\/wp-content\/uploads\/2024\/12\/acid1-768x1021.jpg 768w, https:\/\/jorgezanoni.com.br\/2019\/wp-content\/uploads\/2024\/12\/acid1-696x925.jpg 696w, https:\/\/jorgezanoni.com.br\/2019\/wp-content\/uploads\/2024\/12\/acid1-316x420.jpg 316w\" sizes=\"auto, (max-width: 963px) 100vw, 963px\" \/><\/p>\n<p>Jorge Zanoni<\/p>\n<p>Fotos de Internauta<\/p>\n","protected":false},"excerpt":{"rendered":"<p>Acidente foi registrado na Rua Bol\u00edvia na madrugada deste domingo (22), em Dracena. Segundo informa\u00e7\u00f5es obtidas pela reportagem do SITE JZ e TOP TV., uma mulher moradora de Andradina perdeu o contr\u00f4le da dire\u00e7\u00e3o de um Fiat Toro, e acabou batendo contra uma \u00e1rvore. Ela ficou inconsciente por alguns minutos, sendo assistida por populares, e [&hellip;]<\/p>\n","protected":false},"author":1,"featured_media":91581,"comment_status":"closed","ping_status":"open","sticky":false,"template":"","format":"standard","meta":{"footnotes":""},"categories":[170,110],"tags":[],"class_list":["post-91580","post","type-post","status-publish","format-standard","has-post-thumbnail","hentry","category-acidentes","category-noticiasdestaque"],"_links":{"self":[{"href":"https:\/\/jorgezanoni.com.br\/2019\/wp-json\/wp\/v2\/posts\/91580","targetHints":{"allow":["GET"]}}],"collection":[{"href":"https:\/\/jorgezanoni.com.br\/2019\/wp-json\/wp\/v2\/posts"}],"about":[{"href":"https:\/\/jorgezanoni.com.br\/2019\/wp-json\/wp\/v2\/types\/post"}],"author":[{"embeddable":true,"href":"https:\/\/jorgezanoni.com.br\/2019\/wp-json\/wp\/v2\/users\/1"}],"replies":[{"embeddable":true,"href":"https:\/\/jorgezanoni.com.br\/2019\/wp-json\/wp\/v2\/comments?post=91580"}],"version-history":[{"count":1,"href":"https:\/\/jorgezanoni.com.br\/2019\/wp-json\/wp\/v2\/posts\/91580\/revisions"}],"predecessor-version":[{"id":91585,"href":"https:\/\/jorgezanoni.com.br\/2019\/wp-json\/wp\/v2\/posts\/91580\/revisions\/91585"}],"wp:featuredmedia":[{"embeddable":true,"href":"https:\/\/jorgezanoni.com.br\/2019\/wp-json\/wp\/v2\/media\/91581"}],"wp:attachment":[{"href":"https:\/\/jorgezanoni.com.br\/2019\/wp-json\/wp\/v2\/media?parent=91580"}],"wp:term":[{"taxonomy":"category","embeddable":true,"href":"https:\/\/jorgezanoni.com.br\/2019\/wp-json\/wp\/v2\/categories?post=91580"},{"taxonomy":"post_tag","embeddable":true,"href":"https:\/\/jorgezanoni.com.br\/2019\/wp-json\/wp\/v2\/tags?post=91580"}],"curies":[{"name":"wp","href":"https:\/\/api.w.org\/{rel}","templated":true}]}}