{"id":91540,"date":"2024-12-20T18:12:47","date_gmt":"2024-12-20T18:12:47","guid":{"rendered":"https:\/\/jorgezanoni.com.br\/2019\/?p=91540"},"modified":"2024-12-20T18:12:47","modified_gmt":"2024-12-20T18:12:47","slug":"villa-anna-um-refugio-de-cuidado-e-conforto-para-idosos-da-regiao","status":"publish","type":"post","link":"https:\/\/jorgezanoni.com.br\/2019\/villa-anna-um-refugio-de-cuidado-e-conforto-para-idosos-da-regiao\/","title":{"rendered":"Villa Anna: Um ref\u00fagio de cuidado e conforto para idosos da regi\u00e3o"},"content":{"rendered":"<p style=\"text-align: justify;\"><strong>O Villa Anna \u00e9 um residencial de idosos e home care, que se destaca pela excel\u00eancia no atendimento e pelo ambiente acolhedor, pensado para proporcionar: sa\u00fade, qualidade de vida, seguran\u00e7a para os idosos e tranquilidade para seus familiares.<\/strong><\/p>\n<p style=\"text-align: justify;\"><strong>Saiba mais pelo site www.villanna.com.br<\/strong><\/p>\n<p style=\"text-align: justify;\">Com uma infraestrutura moderna e adaptada \u00e0 todas as necessidades, o Villa Anna est\u00e1 localizado em Adamantina, na Rua Santos Dumont, n\u00b0200, Vila Industrial.<\/p>\n<p style=\"text-align: justify;\">Inaugurado em 2012, a diretora e idealizadora da entidade \u00e9 a psic\u00f3loga Ana Karina Romanini Figueiredo, que se inspirou no projeto depois de trabalhar tr\u00eas anos como psic\u00f3loga em uma tradicional casa de repouso em S\u00e3o Jos\u00e9 do Rio Preto. Segundo Ana Karina, o principal objetivo do residencial \u00e9 proporcionar, qualidade de vida, sa\u00fade f\u00edsica, mental, social e espiritual, transmitindo respeito, carinho e amor para que os h\u00f3spedes e seus familiares, sintam-se em casa.<\/p>\n<p style=\"text-align: justify;\">O Villa Anna \u00e9 mais do que um Residencial de Idosos, \u00e9 um espa\u00e7o dedicado ao cuidado completo e visa promover a sa\u00fade integral dos idosos, sendo que oferece uma infraestrutura com acomoda\u00e7\u00f5es confort\u00e1veis, alimenta\u00e7\u00e3o balanceada e, principalmente, uma equipe de profissionais capacitados e comprometidos com o bem-estar de seus h\u00f3spedes.<\/p>\n<p style=\"text-align: justify;\">No Villa Anna, cada idoso \u00e9 tratado de maneira \u00fanica e a aten\u00e7\u00e3o personalizada \u00e9 um dos maiores diferenciais do residencial, que vai al\u00e9m dos cuidados b\u00e1sicos para garantir sa\u00fade, uma vida plena e satisfat\u00f3ria para os idosos e seus familiares.<\/p>\n<p style=\"text-align: justify;\">O residencial oferece diferentes modalidades de hospedagem com planos flex\u00edveis e v\u00e1rios servi\u00e7os para garantir o bem-estar e o atendimento especializado de acordo com as necessidades de cada fam\u00edlia.<\/p>\n<p style=\"text-align: justify;\">Conhe\u00e7a as modalidades oferecidas para h\u00f3spedes com graus de depend\u00eancia variados:<br \/>\n-H\u00f3spede Residente: Acomoda\u00e7\u00e3o permanente no residencial, com cuidados 24 horas, proporcionando um ambiente seguro e acolhedor.<br \/>\n-H\u00f3spede Tempor\u00e1rio: Para aqueles que precisam de cuidados por um per\u00edodo determinado, seja por recupera\u00e7\u00e3o de sa\u00fade ou por qualquer outra necessidade, podendo se hospedar por quanto tempo for necess\u00e1rio.<br \/>\n-Centro Dia: Servi\u00e7o destinado a idosos que desejam passar o dia no residencial, participando de atividades, recebendo cuidados e retornando para a casa \u00e0 noite.<br \/>\n-Home Care: Servi\u00e7os especializados da \u00e1rea da sa\u00fade, como enfermagem, fisioterapia, fonoaudiologia, nutricionista e m\u00e9dicos, prestados no conforto da casa do paciente, conforme a demanda da fam\u00edlia.<\/p>\n<p style=\"text-align: justify;\">Dentro dos servi\u00e7os de hospedagem, o Villa Anna oferece um atendimento integral, garantindo que todos os h\u00f3spedes tenham \u00e0 disposi\u00e7\u00e3o uma assist\u00eancia completa e especializada que conta com assist\u00eancia de enfermagem 24 horas com cuidado cont\u00ednuo para garantir a sa\u00fade e o bem-estar dos residentes, m\u00e9dico cl\u00ednico geral que presta assist\u00eancia presencial duas vezes por semana e tamb\u00e9m a dist\u00e2ncia, fisioterapia em grupo uma vez por semana, acompanhamento nutricional com refei\u00e7\u00f5es balanceadas, adequadas \u00e0s necessidades espec\u00edficas de cada idoso com seis refei\u00e7\u00f5es di\u00e1rias, al\u00e9m de servi\u00e7os de hotelaria garantindo o conforto e a higiene dos h\u00f3spedes.<\/p>\n<p style=\"text-align: justify;\">N\u00e3o h\u00e1 hor\u00e1rio de visitas, com isso os familiares podem visitar seus entes queridos a qualquer hora do dia, garantindo maior flexibilidade e conviv\u00eancia.<\/p>\n<p style=\"text-align: justify;\">A infraestrutura \u00e9 toda adaptada \u00e0s necessidades dos idosos. O local \u00e9 projetado para oferecer seguran\u00e7a, com piso antiderrapante, corrim\u00f5es e outros ajustes para garantir o bem-estar. Todos os espa\u00e7os do Villa Anna s\u00e3o equipados com ar-condicionado, proporcionando conforto em todas as esta\u00e7\u00f5es do ano.<\/p>\n<p style=\"text-align: justify;\">Amplo espa\u00e7o verde, com um ambiente tranquilo e arejado, perfeito para passeios e atividades ao ar livre, promovendo a sa\u00fade f\u00edsica e mental.<\/p>\n<p style=\"text-align: justify;\">O residencial promove diversas atividades que estimulam a socializa\u00e7\u00e3o, como oficinas de arte, jogos e exerc\u00edcios em grupo, criando um ambiente de conviv\u00eancia e intera\u00e7\u00e3o.<\/p>\n<p style=\"text-align: justify;\">Com um modelo de hotelaria assistida flex\u00edvel e personalizado, o Villa Anna se destaca como uma excelente op\u00e7\u00e3o para quem busca qualidade de vida, seguran\u00e7a e cuidados especializados para os idosos.<\/p>\n<p style=\"text-align: justify;\">Seja no residencial, no centro dia, no home care ou como h\u00f3spede tempor\u00e1rio, a experi\u00eancia no Villa Anna \u00e9 pensada para atender de forma \u00fanica e eficaz cada necessidade.<\/p>\n<p style=\"text-align: justify;\">Com infraestrutura adaptada, profissionais qualificados e um ambiente acolhedor, o Villa Anna se posiciona como um verdadeiro lar para aqueles que buscam um envelhecimento saud\u00e1vel e pleno.<\/p>\n<p><strong>Conhe\u00e7a mais sobre o Villa Anna:<\/strong><br \/>\n<strong>http:\/\/www.villanna.com.br\/<\/strong><br \/>\n<strong>Fones: 18 3522 1282 \/ (18)996323520<\/strong><br \/>\n<strong>contato@villanna.com.br<\/strong><\/p>\n<p>VEJA ALGUMAS IMAGENS DO RESIDENCIAL:<\/p>\n<p><img loading=\"lazy\" decoding=\"async\" class=\"alignnone size-full wp-image-91541\" src=\"https:\/\/jorgezanoni.com.br\/2019\/wp-content\/uploads\/2024\/12\/vila1-Pequeno.jpg\" alt=\"\" width=\"361\" height=\"480\" srcset=\"https:\/\/jorgezanoni.com.br\/2019\/wp-content\/uploads\/2024\/12\/vila1-Pequeno.jpg 361w, https:\/\/jorgezanoni.com.br\/2019\/wp-content\/uploads\/2024\/12\/vila1-Pequeno-226x300.jpg 226w, https:\/\/jorgezanoni.com.br\/2019\/wp-content\/uploads\/2024\/12\/vila1-Pequeno-316x420.jpg 316w\" sizes=\"auto, (max-width: 361px) 100vw, 361px\" \/> <img loading=\"lazy\" decoding=\"async\" class=\"alignnone size-full wp-image-91542\" src=\"https:\/\/jorgezanoni.com.br\/2019\/wp-content\/uploads\/2024\/12\/vila2-Pequeno.jpg\" alt=\"\" width=\"361\" height=\"480\" srcset=\"https:\/\/jorgezanoni.com.br\/2019\/wp-content\/uploads\/2024\/12\/vila2-Pequeno.jpg 361w, https:\/\/jorgezanoni.com.br\/2019\/wp-content\/uploads\/2024\/12\/vila2-Pequeno-226x300.jpg 226w, https:\/\/jorgezanoni.com.br\/2019\/wp-content\/uploads\/2024\/12\/vila2-Pequeno-316x420.jpg 316w\" sizes=\"auto, (max-width: 361px) 100vw, 361px\" \/> <img loading=\"lazy\" decoding=\"async\" class=\"alignnone size-full wp-image-91543\" src=\"https:\/\/jorgezanoni.com.br\/2019\/wp-content\/uploads\/2024\/12\/vila3-Pequeno.jpg\" alt=\"\" width=\"361\" height=\"480\" srcset=\"https:\/\/jorgezanoni.com.br\/2019\/wp-content\/uploads\/2024\/12\/vila3-Pequeno.jpg 361w, https:\/\/jorgezanoni.com.br\/2019\/wp-content\/uploads\/2024\/12\/vila3-Pequeno-226x300.jpg 226w, https:\/\/jorgezanoni.com.br\/2019\/wp-content\/uploads\/2024\/12\/vila3-Pequeno-316x420.jpg 316w\" sizes=\"auto, (max-width: 361px) 100vw, 361px\" \/> <img loading=\"lazy\" decoding=\"async\" class=\"alignnone size-full wp-image-91544\" src=\"https:\/\/jorgezanoni.com.br\/2019\/wp-content\/uploads\/2024\/12\/vila4-Pequeno.jpg\" alt=\"\" width=\"638\" height=\"480\" srcset=\"https:\/\/jorgezanoni.com.br\/2019\/wp-content\/uploads\/2024\/12\/vila4-Pequeno.jpg 638w, https:\/\/jorgezanoni.com.br\/2019\/wp-content\/uploads\/2024\/12\/vila4-Pequeno-300x226.jpg 300w, https:\/\/jorgezanoni.com.br\/2019\/wp-content\/uploads\/2024\/12\/vila4-Pequeno-80x60.jpg 80w, https:\/\/jorgezanoni.com.br\/2019\/wp-content\/uploads\/2024\/12\/vila4-Pequeno-265x198.jpg 265w, https:\/\/jorgezanoni.com.br\/2019\/wp-content\/uploads\/2024\/12\/vila4-Pequeno-558x420.jpg 558w\" sizes=\"auto, (max-width: 638px) 100vw, 638px\" \/> <img loading=\"lazy\" decoding=\"async\" class=\"alignnone size-full wp-image-91545\" src=\"https:\/\/jorgezanoni.com.br\/2019\/wp-content\/uploads\/2024\/12\/vila5-Pequeno.jpg\" alt=\"\" width=\"638\" height=\"480\" srcset=\"https:\/\/jorgezanoni.com.br\/2019\/wp-content\/uploads\/2024\/12\/vila5-Pequeno.jpg 638w, https:\/\/jorgezanoni.com.br\/2019\/wp-content\/uploads\/2024\/12\/vila5-Pequeno-300x226.jpg 300w, https:\/\/jorgezanoni.com.br\/2019\/wp-content\/uploads\/2024\/12\/vila5-Pequeno-80x60.jpg 80w, https:\/\/jorgezanoni.com.br\/2019\/wp-content\/uploads\/2024\/12\/vila5-Pequeno-265x198.jpg 265w, https:\/\/jorgezanoni.com.br\/2019\/wp-content\/uploads\/2024\/12\/vila5-Pequeno-558x420.jpg 558w\" sizes=\"auto, (max-width: 638px) 100vw, 638px\" \/> <img loading=\"lazy\" decoding=\"async\" class=\"alignnone size-full wp-image-91546\" src=\"https:\/\/jorgezanoni.com.br\/2019\/wp-content\/uploads\/2024\/12\/vila6-Pequeno.jpg\" alt=\"\" width=\"361\" height=\"480\" srcset=\"https:\/\/jorgezanoni.com.br\/2019\/wp-content\/uploads\/2024\/12\/vila6-Pequeno.jpg 361w, https:\/\/jorgezanoni.com.br\/2019\/wp-content\/uploads\/2024\/12\/vila6-Pequeno-226x300.jpg 226w, https:\/\/jorgezanoni.com.br\/2019\/wp-content\/uploads\/2024\/12\/vila6-Pequeno-316x420.jpg 316w\" sizes=\"auto, (max-width: 361px) 100vw, 361px\" \/> <img loading=\"lazy\" decoding=\"async\" class=\"alignnone size-full wp-image-91547\" src=\"https:\/\/jorgezanoni.com.br\/2019\/wp-content\/uploads\/2024\/12\/vila7-Pequeno.jpg\" alt=\"\" width=\"480\" height=\"480\" srcset=\"https:\/\/jorgezanoni.com.br\/2019\/wp-content\/uploads\/2024\/12\/vila7-Pequeno.jpg 480w, https:\/\/jorgezanoni.com.br\/2019\/wp-content\/uploads\/2024\/12\/vila7-Pequeno-300x300.jpg 300w, https:\/\/jorgezanoni.com.br\/2019\/wp-content\/uploads\/2024\/12\/vila7-Pequeno-150x150.jpg 150w, https:\/\/jorgezanoni.com.br\/2019\/wp-content\/uploads\/2024\/12\/vila7-Pequeno-420x420.jpg 420w\" sizes=\"auto, (max-width: 480px) 100vw, 480px\" \/> <img loading=\"lazy\" decoding=\"async\" class=\"alignnone size-full wp-image-91549\" src=\"https:\/\/jorgezanoni.com.br\/2019\/wp-content\/uploads\/2024\/12\/vila9-Pequeno.jpg\" alt=\"\" width=\"854\" height=\"480\" srcset=\"https:\/\/jorgezanoni.com.br\/2019\/wp-content\/uploads\/2024\/12\/vila9-Pequeno.jpg 854w, https:\/\/jorgezanoni.com.br\/2019\/wp-content\/uploads\/2024\/12\/vila9-Pequeno-300x169.jpg 300w, https:\/\/jorgezanoni.com.br\/2019\/wp-content\/uploads\/2024\/12\/vila9-Pequeno-768x432.jpg 768w, https:\/\/jorgezanoni.com.br\/2019\/wp-content\/uploads\/2024\/12\/vila9-Pequeno-696x391.jpg 696w, https:\/\/jorgezanoni.com.br\/2019\/wp-content\/uploads\/2024\/12\/vila9-Pequeno-747x420.jpg 747w\" sizes=\"auto, (max-width: 854px) 100vw, 854px\" \/><\/p>\n<p>Fonte: Villa Anna<\/p>\n","protected":false},"excerpt":{"rendered":"<p>O Villa Anna \u00e9 um residencial de idosos e home care, que se destaca pela excel\u00eancia no atendimento e pelo ambiente acolhedor, pensado para proporcionar: sa\u00fade, qualidade de vida, seguran\u00e7a para os idosos e tranquilidade para seus familiares. Saiba mais pelo site www.villanna.com.br Com uma infraestrutura moderna e adaptada \u00e0 todas as necessidades, o Villa [&hellip;]<\/p>\n","protected":false},"author":1,"featured_media":91548,"comment_status":"closed","ping_status":"open","sticky":false,"template":"","format":"standard","meta":{"footnotes":""},"categories":[195,179,114,110],"tags":[],"class_list":["post-91540","post","type-post","status-publish","format-standard","has-post-thumbnail","hentry","category-adamantina","category-cidadeseregiao","category-geralecomercio","category-noticiasdestaque"],"_links":{"self":[{"href":"https:\/\/jorgezanoni.com.br\/2019\/wp-json\/wp\/v2\/posts\/91540","targetHints":{"allow":["GET"]}}],"collection":[{"href":"https:\/\/jorgezanoni.com.br\/2019\/wp-json\/wp\/v2\/posts"}],"about":[{"href":"https:\/\/jorgezanoni.com.br\/2019\/wp-json\/wp\/v2\/types\/post"}],"author":[{"embeddable":true,"href":"https:\/\/jorgezanoni.com.br\/2019\/wp-json\/wp\/v2\/users\/1"}],"replies":[{"embeddable":true,"href":"https:\/\/jorgezanoni.com.br\/2019\/wp-json\/wp\/v2\/comments?post=91540"}],"version-history":[{"count":1,"href":"https:\/\/jorgezanoni.com.br\/2019\/wp-json\/wp\/v2\/posts\/91540\/revisions"}],"predecessor-version":[{"id":91550,"href":"https:\/\/jorgezanoni.com.br\/2019\/wp-json\/wp\/v2\/posts\/91540\/revisions\/91550"}],"wp:featuredmedia":[{"embeddable":true,"href":"https:\/\/jorgezanoni.com.br\/2019\/wp-json\/wp\/v2\/media\/91548"}],"wp:attachment":[{"href":"https:\/\/jorgezanoni.com.br\/2019\/wp-json\/wp\/v2\/media?parent=91540"}],"wp:term":[{"taxonomy":"category","embeddable":true,"href":"https:\/\/jorgezanoni.com.br\/2019\/wp-json\/wp\/v2\/categories?post=91540"},{"taxonomy":"post_tag","embeddable":true,"href":"https:\/\/jorgezanoni.com.br\/2019\/wp-json\/wp\/v2\/tags?post=91540"}],"curies":[{"name":"wp","href":"https:\/\/api.w.org\/{rel}","templated":true}]}}