{"id":91521,"date":"2024-12-20T11:45:36","date_gmt":"2024-12-20T11:45:36","guid":{"rendered":"https:\/\/jorgezanoni.com.br\/2019\/?p=91521"},"modified":"2024-12-20T11:45:36","modified_gmt":"2024-12-20T11:45:36","slug":"policia-militar-prende-homem-em-flagrante-por-trafico-de-drogas-em-dracena-8","status":"publish","type":"post","link":"https:\/\/jorgezanoni.com.br\/2019\/policia-militar-prende-homem-em-flagrante-por-trafico-de-drogas-em-dracena-8\/","title":{"rendered":"Pol\u00edcia Militar prende homem em flagrante por Tr\u00e1fico de Drogas em Dracena"},"content":{"rendered":"<p style=\"text-align: justify;\">Na data de ontem (20) por volta das 19h30 equipe de For\u00e7a T\u00e1tica do 25\u00ba Batalh\u00e3o de Pol\u00edcia Militar do Interior em patrulhamento pelo munic\u00edpio de Dracena avistou um indiv\u00edduo em uma motocicleta que empreendeu fuga ap\u00f3s dispensar algo pela rua ao visualizar a viatura. Constatado ser uma por\u00e7\u00e3o de coca\u00edna os policiais realizaram acompanhamento at\u00e9 obter \u00eaxito em abordar o indiv\u00edduo (masculino, 26 anos) que questionado, negou sobre as drogas e ou obt\u00ea-las em sua resid\u00eancia, franqueando a entrada dos policiais para devida constata\u00e7\u00e3o. Ao ser deslocado at\u00e9 seu endere\u00e7o, o indiv\u00edduo confessou que havia mais drogas e indicou aos policiais onde as possu\u00eda, sendo localizado 27 por\u00e7\u00f5es de coca\u00edna prontas para venda e uma pedra bruta a ser fracionada. Diante dos fatos, foi dado voz de pris\u00e3o e conduzido juntamente com as drogas at\u00e9 o Plant\u00e3o Policial de Dracena. O indiv\u00edduo permaneceu \u00e0 disposi\u00e7\u00e3o da Justi\u00e7a.<\/p>\n<p>Fonte: Comunica\u00e7\u00e3o Social Pol\u00edcia Miitar<\/p>\n","protected":false},"excerpt":{"rendered":"<p>Na data de ontem (20) por volta das 19h30 equipe de For\u00e7a T\u00e1tica do 25\u00ba Batalh\u00e3o de Pol\u00edcia Militar do Interior em patrulhamento pelo munic\u00edpio de Dracena avistou um indiv\u00edduo em uma motocicleta que empreendeu fuga ap\u00f3s dispensar algo pela rua ao visualizar a viatura. Constatado ser uma por\u00e7\u00e3o de coca\u00edna os policiais realizaram acompanhamento [&hellip;]<\/p>\n","protected":false},"author":1,"featured_media":91522,"comment_status":"closed","ping_status":"open","sticky":false,"template":"","format":"standard","meta":{"footnotes":""},"categories":[110,2],"tags":[],"class_list":["post-91521","post","type-post","status-publish","format-standard","has-post-thumbnail","hentry","category-noticiasdestaque","category-policial"],"_links":{"self":[{"href":"https:\/\/jorgezanoni.com.br\/2019\/wp-json\/wp\/v2\/posts\/91521","targetHints":{"allow":["GET"]}}],"collection":[{"href":"https:\/\/jorgezanoni.com.br\/2019\/wp-json\/wp\/v2\/posts"}],"about":[{"href":"https:\/\/jorgezanoni.com.br\/2019\/wp-json\/wp\/v2\/types\/post"}],"author":[{"embeddable":true,"href":"https:\/\/jorgezanoni.com.br\/2019\/wp-json\/wp\/v2\/users\/1"}],"replies":[{"embeddable":true,"href":"https:\/\/jorgezanoni.com.br\/2019\/wp-json\/wp\/v2\/comments?post=91521"}],"version-history":[{"count":1,"href":"https:\/\/jorgezanoni.com.br\/2019\/wp-json\/wp\/v2\/posts\/91521\/revisions"}],"predecessor-version":[{"id":91523,"href":"https:\/\/jorgezanoni.com.br\/2019\/wp-json\/wp\/v2\/posts\/91521\/revisions\/91523"}],"wp:featuredmedia":[{"embeddable":true,"href":"https:\/\/jorgezanoni.com.br\/2019\/wp-json\/wp\/v2\/media\/91522"}],"wp:attachment":[{"href":"https:\/\/jorgezanoni.com.br\/2019\/wp-json\/wp\/v2\/media?parent=91521"}],"wp:term":[{"taxonomy":"category","embeddable":true,"href":"https:\/\/jorgezanoni.com.br\/2019\/wp-json\/wp\/v2\/categories?post=91521"},{"taxonomy":"post_tag","embeddable":true,"href":"https:\/\/jorgezanoni.com.br\/2019\/wp-json\/wp\/v2\/tags?post=91521"}],"curies":[{"name":"wp","href":"https:\/\/api.w.org\/{rel}","templated":true}]}}