{"id":91401,"date":"2024-12-13T16:57:22","date_gmt":"2024-12-13T16:57:22","guid":{"rendered":"https:\/\/jorgezanoni.com.br\/2019\/?p=91401"},"modified":"2024-12-13T16:58:53","modified_gmt":"2024-12-13T16:58:53","slug":"tv-fronteira-continuara-transmitindo-sinal-da-tv-globo-em-2025","status":"publish","type":"post","link":"https:\/\/jorgezanoni.com.br\/2019\/tv-fronteira-continuara-transmitindo-sinal-da-tv-globo-em-2025\/","title":{"rendered":"TV Fronteira continuar\u00e1 transmitindo sinal da TV Globo em 2025"},"content":{"rendered":"<p style=\"text-align: justify;\">A TV Fronteira, emissora com sede em Presidente Prudente, continuar\u00e1 a ser a transmissora da TV Globo na regi\u00e3o em 2025. Ocorreu uma reviravolta nas negocia\u00e7\u00f5es nos \u00faltimos dias entre a dire\u00e7\u00e3o da emissora prudentina com o alto comando da TV carioca, e uma extens\u00e3o do contrato foi confirmada entre as partes.<\/p>\n<p style=\"text-align: justify;\">No \u00faltimo m\u00eas de outubro, a pr\u00f3pria TV Globo havia confirmado que o contrato com a TV Fronteira n\u00e3o seria renovado, e que a partir de janeiro de 2025 a TV Tem seria a respons\u00e1vel pela gera\u00e7\u00e3o de sinal da principal rede de TV aberta do pa\u00eds para 55 munic\u00edpios da regi\u00e3o.<\/p>\n<p style=\"text-align: justify;\">Estamos aguardando um posicionamento oficial sobre o assunto, por parte da emissora.<\/p>\n<p style=\"text-align: justify;\"><strong>O caso<\/strong><br \/>\nNo final de outubro passado a not\u00edcia da suspens\u00e3o da parceria entre a TV Fronteira e TV Globo foi destaque em todo o pa\u00eds com publica\u00e7\u00e3o em sites como o UOL, Folha de S\u00e3o Paulo, Revista Oeste, entre outros. A alega\u00e7\u00e3o era de que Paulo Lima, executivo da TV Fronteira, teria se utilizado de espa\u00e7o na emissora regional para promover sua imagem em telejornais locais durante campanha para se tornar prefeito de Presidente Prudente.<\/p>\n<p style=\"text-align: justify;\">De acordo com o portal F5, a Globo se incomodou com a atitude do parceiro de neg\u00f3cios, al\u00e9m de ter discordado de declara\u00e7\u00f5es conservadoras feitas por ele em uma pe\u00e7a publicit\u00e1ria feita para uma funda\u00e7\u00e3o.<\/p>\n<p style=\"text-align: justify;\">T\u00e3o logo a decis\u00e3o foi anunciada, o empres\u00e1rio Paulo Lima se reuniu por diversas vezes com a alta c\u00fapula da TV Globo no Rio de Janeiro para reverter a situa\u00e7\u00e3o.<\/p>\n<p style=\"text-align: justify;\"><strong>TV Fronteira<\/strong><br \/>\nA TV Fronteira \u00e9 respons\u00e1vel pela gera\u00e7\u00e3o do sinal da TV Globo na regi\u00e3o Oeste do Estado de S\u00e3o Paulo desde 1994. S\u00e3o 30 anos de exist\u00eancia do canal com forte atua\u00e7\u00e3o jornal\u00edstica na regi\u00e3o.<\/p>\n<p style=\"text-align: justify;\">Al\u00e9m da contribui\u00e7\u00e3o positiva com o trabalho de informa\u00e7\u00e3o regional, a emissora tamb\u00e9m foi respons\u00e1vel pelo fortalecimento da atividade profissional do jornalismo com a descoberta de grandes talentos que hoje atuam em grandes centros de informa\u00e7\u00e3o do pa\u00eds.<\/p>\n<p>Fonte: Portal Bueno<\/p>\n<p>Foto G1<\/p>\n<p>&nbsp;<\/p>\n","protected":false},"excerpt":{"rendered":"<p>A TV Fronteira, emissora com sede em Presidente Prudente, continuar\u00e1 a ser a transmissora da TV Globo na regi\u00e3o em 2025. Ocorreu uma reviravolta nas negocia\u00e7\u00f5es nos \u00faltimos dias entre a dire\u00e7\u00e3o da emissora prudentina com o alto comando da TV carioca, e uma extens\u00e3o do contrato foi confirmada entre as partes. No \u00faltimo m\u00eas [&hellip;]<\/p>\n","protected":false},"author":1,"featured_media":91402,"comment_status":"closed","ping_status":"open","sticky":false,"template":"","format":"standard","meta":{"footnotes":""},"categories":[114,110],"tags":[],"class_list":["post-91401","post","type-post","status-publish","format-standard","has-post-thumbnail","hentry","category-geralecomercio","category-noticiasdestaque"],"_links":{"self":[{"href":"https:\/\/jorgezanoni.com.br\/2019\/wp-json\/wp\/v2\/posts\/91401","targetHints":{"allow":["GET"]}}],"collection":[{"href":"https:\/\/jorgezanoni.com.br\/2019\/wp-json\/wp\/v2\/posts"}],"about":[{"href":"https:\/\/jorgezanoni.com.br\/2019\/wp-json\/wp\/v2\/types\/post"}],"author":[{"embeddable":true,"href":"https:\/\/jorgezanoni.com.br\/2019\/wp-json\/wp\/v2\/users\/1"}],"replies":[{"embeddable":true,"href":"https:\/\/jorgezanoni.com.br\/2019\/wp-json\/wp\/v2\/comments?post=91401"}],"version-history":[{"count":2,"href":"https:\/\/jorgezanoni.com.br\/2019\/wp-json\/wp\/v2\/posts\/91401\/revisions"}],"predecessor-version":[{"id":91404,"href":"https:\/\/jorgezanoni.com.br\/2019\/wp-json\/wp\/v2\/posts\/91401\/revisions\/91404"}],"wp:featuredmedia":[{"embeddable":true,"href":"https:\/\/jorgezanoni.com.br\/2019\/wp-json\/wp\/v2\/media\/91402"}],"wp:attachment":[{"href":"https:\/\/jorgezanoni.com.br\/2019\/wp-json\/wp\/v2\/media?parent=91401"}],"wp:term":[{"taxonomy":"category","embeddable":true,"href":"https:\/\/jorgezanoni.com.br\/2019\/wp-json\/wp\/v2\/categories?post=91401"},{"taxonomy":"post_tag","embeddable":true,"href":"https:\/\/jorgezanoni.com.br\/2019\/wp-json\/wp\/v2\/tags?post=91401"}],"curies":[{"name":"wp","href":"https:\/\/api.w.org\/{rel}","templated":true}]}}