{"id":91339,"date":"2024-12-10T23:39:46","date_gmt":"2024-12-10T23:39:46","guid":{"rendered":"https:\/\/jorgezanoni.com.br\/2019\/?p=91339"},"modified":"2024-12-10T23:39:46","modified_gmt":"2024-12-10T23:39:46","slug":"policia-civil-recupera-ferramentas-furtadas-em-junqueiropolis","status":"publish","type":"post","link":"https:\/\/jorgezanoni.com.br\/2019\/policia-civil-recupera-ferramentas-furtadas-em-junqueiropolis\/","title":{"rendered":"Pol\u00edcia Civil recupera ferramentas furtadas em Junqueir\u00f3polis"},"content":{"rendered":"<p style=\"text-align: justify;\">A Pol\u00edcia Civil do Estado de S\u00e3o Paulo, por interm\u00e9dio da Delegacia de Pol\u00edcia de Junqueir\u00f3polis, recuperou nesta ter\u00e7a-feira (10) diversas ferramentas e equipamentos el\u00e9tricos furtados de uma obra no bairro Florenza, em Junqueir\u00f3polis. A a\u00e7\u00e3o foi resultado de um trabalho de investiga\u00e7\u00e3o detalhado, que incluiu a an\u00e1lise de imagens de c\u00e2meras de seguran\u00e7a e o levantamento de informa\u00e7\u00f5es que conectaram o suspeito ao crime.<br \/>\nA opera\u00e7\u00e3o de hoje deu continuidade \u00e0s dilig\u00eancias realizadas na segunda-feira (9), quando os policiais localizaram uma ro\u00e7adeira motorizada profissional, tamb\u00e9m furtada no final de agosto. Com novas evid\u00eancias obtidas por meio de imagens que identificaram o ve\u00edculo do suspeito pr\u00f3ximo ao local do furto, a equipe retornou \u00e0 resid\u00eancia de um homem de 38 anos, onde encontrou outros itens subtra\u00eddos.<br \/>\nDurante a abordagem, o suspeito confessou o delito e indicou o local onde os objetos estavam guardados. Foram apreendidos uma caixa de ferramentas contendo diversas pe\u00e7as, uma serra el\u00e9trica, uma esmerilhadeira, uma serra circular el\u00e9trica, uma extens\u00e3o de fio grosso e um ma\u00e7arico. O material subtra\u00eddo da obra em constru\u00e7\u00e3o foi devidamente restitu\u00eddo \u00e0 v\u00edtima.<br \/>\nO homem, ao ser ouvido, relatou enfrentar problemas psicol\u00f3gicos, como depress\u00e3o, o que alegou ter contribu\u00eddo para seu comportamento delituoso. Apesar de n\u00e3o haver situa\u00e7\u00e3o de flagrante, ele foi indiciado por furto qualificado, cuja pena prevista varia de 2 a 8 anos de reclus\u00e3o, conforme decis\u00e3o judicial.<br \/>\nA Pol\u00edcia Civil refor\u00e7a seu compromisso com a seguran\u00e7a da comunidade e destaca o papel crucial da investiga\u00e7\u00e3o para a elucida\u00e7\u00e3o de crimes e a recupera\u00e7\u00e3o de bens subtra\u00eddos.<\/p>\n<p>Fonte: Comunica\u00e7\u00e3o Social Pol\u00edcia Civil<\/p>\n","protected":false},"excerpt":{"rendered":"<p>A Pol\u00edcia Civil do Estado de S\u00e3o Paulo, por interm\u00e9dio da Delegacia de Pol\u00edcia de Junqueir\u00f3polis, recuperou nesta ter\u00e7a-feira (10) diversas ferramentas e equipamentos el\u00e9tricos furtados de uma obra no bairro Florenza, em Junqueir\u00f3polis. A a\u00e7\u00e3o foi resultado de um trabalho de investiga\u00e7\u00e3o detalhado, que incluiu a an\u00e1lise de imagens de c\u00e2meras de seguran\u00e7a e [&hellip;]<\/p>\n","protected":false},"author":1,"featured_media":91340,"comment_status":"closed","ping_status":"open","sticky":false,"template":"","format":"standard","meta":{"footnotes":""},"categories":[110,2],"tags":[],"class_list":["post-91339","post","type-post","status-publish","format-standard","has-post-thumbnail","hentry","category-noticiasdestaque","category-policial"],"_links":{"self":[{"href":"https:\/\/jorgezanoni.com.br\/2019\/wp-json\/wp\/v2\/posts\/91339","targetHints":{"allow":["GET"]}}],"collection":[{"href":"https:\/\/jorgezanoni.com.br\/2019\/wp-json\/wp\/v2\/posts"}],"about":[{"href":"https:\/\/jorgezanoni.com.br\/2019\/wp-json\/wp\/v2\/types\/post"}],"author":[{"embeddable":true,"href":"https:\/\/jorgezanoni.com.br\/2019\/wp-json\/wp\/v2\/users\/1"}],"replies":[{"embeddable":true,"href":"https:\/\/jorgezanoni.com.br\/2019\/wp-json\/wp\/v2\/comments?post=91339"}],"version-history":[{"count":1,"href":"https:\/\/jorgezanoni.com.br\/2019\/wp-json\/wp\/v2\/posts\/91339\/revisions"}],"predecessor-version":[{"id":91341,"href":"https:\/\/jorgezanoni.com.br\/2019\/wp-json\/wp\/v2\/posts\/91339\/revisions\/91341"}],"wp:featuredmedia":[{"embeddable":true,"href":"https:\/\/jorgezanoni.com.br\/2019\/wp-json\/wp\/v2\/media\/91340"}],"wp:attachment":[{"href":"https:\/\/jorgezanoni.com.br\/2019\/wp-json\/wp\/v2\/media?parent=91339"}],"wp:term":[{"taxonomy":"category","embeddable":true,"href":"https:\/\/jorgezanoni.com.br\/2019\/wp-json\/wp\/v2\/categories?post=91339"},{"taxonomy":"post_tag","embeddable":true,"href":"https:\/\/jorgezanoni.com.br\/2019\/wp-json\/wp\/v2\/tags?post=91339"}],"curies":[{"name":"wp","href":"https:\/\/api.w.org\/{rel}","templated":true}]}}