{"id":91336,"date":"2024-12-10T23:30:29","date_gmt":"2024-12-10T23:30:29","guid":{"rendered":"https:\/\/jorgezanoni.com.br\/2019\/?p=91336"},"modified":"2024-12-10T23:30:29","modified_gmt":"2024-12-10T23:30:29","slug":"policia-civil-recupera-rocadeira-furtada-em-construcao-e-identifica-suspeito-em-junqueiropolis","status":"publish","type":"post","link":"https:\/\/jorgezanoni.com.br\/2019\/policia-civil-recupera-rocadeira-furtada-em-construcao-e-identifica-suspeito-em-junqueiropolis\/","title":{"rendered":"Pol\u00edcia Civil recupera ro\u00e7adeira furtada em constru\u00e7\u00e3o e identifica suspeito em Junqueir\u00f3polis"},"content":{"rendered":"<p style=\"text-align: justify;\">A Pol\u00edcia Civil do Estado de S\u00e3o Paulo, por interm\u00e9dio da Delegacia de Pol\u00edcia de Junqueir\u00f3polis, recuperou nesta segunda-feira (9) uma ro\u00e7adeira motorizada profissional furtada no final de agosto em uma obra no bairro Florenza, em Junqueir\u00f3polis\/SP. A a\u00e7\u00e3o tamb\u00e9m resultou na identifica\u00e7\u00e3o de um suspeito envolvido no caso.<\/p>\n<p style=\"text-align: justify;\">Assim que o furto foi registrado, os agentes do Setor de Investiga\u00e7\u00f5es Gerais (SIG) iniciaram dilig\u00eancias para identificar o autor do crime e localizar n\u00e3o apenas a ro\u00e7adeira, mas tamb\u00e9m outras ferramentas que foram subtra\u00eddas de um c\u00f4modo da constru\u00e7\u00e3o.<\/p>\n<p style=\"text-align: justify;\">Durante o curso das investiga\u00e7\u00f5es, os policiais civis receberam informa\u00e7\u00f5es de que uma pessoa estava oferecendo para venda um equipamento com caracter\u00edsticas similares \u00e0s da ro\u00e7adeira furtada. Ap\u00f3s aprofundar as apura\u00e7\u00f5es, os agentes identificaram o suspeito, um homem de 38 anos. Questionado, ele confessou ter adquirido a ro\u00e7adeira por R$ 200 de um indiv\u00edduo desconhecido, alegando n\u00e3o saber que o equipamento era produto de crime.<\/p>\n<p style=\"text-align: justify;\">A ro\u00e7adeira foi entregue espontaneamente \u00e0 Pol\u00edcia Civil pelo suspeito. Ap\u00f3s a v\u00edtima reconhecer o equipamento como sendo de sua propriedade, o objeto foi formalmente apreendido e devolvido ao leg\u00edtimo dono.<\/p>\n<p style=\"text-align: justify;\">O inqu\u00e9rito policial segue em andamento com o objetivo de localizar as demais ferramentas furtadas e esclarecer completamente as circunst\u00e2ncias do crime. O suspeito, inicialmente, poder\u00e1 responder pelo crime de recepta\u00e7\u00e3o, previsto no Art. 180 do C\u00f3digo Penal. No entanto, novas evid\u00eancias poder\u00e3o resultar em altera\u00e7\u00f5es na tipifica\u00e7\u00e3o penal.<\/p>\n<p style=\"text-align: justify;\">A Pol\u00edcia Civil refor\u00e7a a import\u00e2ncia de que a popula\u00e7\u00e3o colabore com informa\u00e7\u00f5es que auxiliem no combate \u00e0 criminalidade. Den\u00fancias podem ser feitas de forma an\u00f4nima pelo n\u00famero 197, contribuindo para o sucesso das investiga\u00e7\u00f5es.<\/p>\n<p>Fonte: Comunica\u00e7\u00e3o Social Pol\u00edcia Civil<\/p>\n","protected":false},"excerpt":{"rendered":"<p>A Pol\u00edcia Civil do Estado de S\u00e3o Paulo, por interm\u00e9dio da Delegacia de Pol\u00edcia de Junqueir\u00f3polis, recuperou nesta segunda-feira (9) uma ro\u00e7adeira motorizada profissional furtada no final de agosto em uma obra no bairro Florenza, em Junqueir\u00f3polis\/SP. A a\u00e7\u00e3o tamb\u00e9m resultou na identifica\u00e7\u00e3o de um suspeito envolvido no caso. Assim que o furto foi registrado, [&hellip;]<\/p>\n","protected":false},"author":1,"featured_media":91337,"comment_status":"closed","ping_status":"open","sticky":false,"template":"","format":"standard","meta":{"footnotes":""},"categories":[110,2],"tags":[],"class_list":["post-91336","post","type-post","status-publish","format-standard","has-post-thumbnail","hentry","category-noticiasdestaque","category-policial"],"_links":{"self":[{"href":"https:\/\/jorgezanoni.com.br\/2019\/wp-json\/wp\/v2\/posts\/91336","targetHints":{"allow":["GET"]}}],"collection":[{"href":"https:\/\/jorgezanoni.com.br\/2019\/wp-json\/wp\/v2\/posts"}],"about":[{"href":"https:\/\/jorgezanoni.com.br\/2019\/wp-json\/wp\/v2\/types\/post"}],"author":[{"embeddable":true,"href":"https:\/\/jorgezanoni.com.br\/2019\/wp-json\/wp\/v2\/users\/1"}],"replies":[{"embeddable":true,"href":"https:\/\/jorgezanoni.com.br\/2019\/wp-json\/wp\/v2\/comments?post=91336"}],"version-history":[{"count":1,"href":"https:\/\/jorgezanoni.com.br\/2019\/wp-json\/wp\/v2\/posts\/91336\/revisions"}],"predecessor-version":[{"id":91338,"href":"https:\/\/jorgezanoni.com.br\/2019\/wp-json\/wp\/v2\/posts\/91336\/revisions\/91338"}],"wp:featuredmedia":[{"embeddable":true,"href":"https:\/\/jorgezanoni.com.br\/2019\/wp-json\/wp\/v2\/media\/91337"}],"wp:attachment":[{"href":"https:\/\/jorgezanoni.com.br\/2019\/wp-json\/wp\/v2\/media?parent=91336"}],"wp:term":[{"taxonomy":"category","embeddable":true,"href":"https:\/\/jorgezanoni.com.br\/2019\/wp-json\/wp\/v2\/categories?post=91336"},{"taxonomy":"post_tag","embeddable":true,"href":"https:\/\/jorgezanoni.com.br\/2019\/wp-json\/wp\/v2\/tags?post=91336"}],"curies":[{"name":"wp","href":"https:\/\/api.w.org\/{rel}","templated":true}]}}