{"id":91186,"date":"2024-12-05T12:00:48","date_gmt":"2024-12-05T12:00:48","guid":{"rendered":"https:\/\/jorgezanoni.com.br\/2019\/?p=91186"},"modified":"2024-12-05T12:00:48","modified_gmt":"2024-12-05T12:00:48","slug":"policia-militar-prende-homens-em-flagrante-por-furto-em-dracena","status":"publish","type":"post","link":"https:\/\/jorgezanoni.com.br\/2019\/policia-militar-prende-homens-em-flagrante-por-furto-em-dracena\/","title":{"rendered":"Pol\u00edcia Militar prende homens em flagrante por furto em Dracena"},"content":{"rendered":"<p style=\"text-align: justify;\">Na data de ontem (04) por volta das 22h30 policiais militares do 25\u00ba Batalh\u00e3o de Pol\u00edcia Militar do Interior pelo munic\u00edpio de Dracena ap\u00f3s receberem den\u00fancias de uma equipe de monitoramento que um indiv\u00edduo estava em cima do muro de uma determinada escola, cortando fios de c\u00e2meras de seguran\u00e7a da propriedade da prefeitura, rapidamente equipe se deslocou at\u00e9 o local e no patrulhamento pela regi\u00e3o obtiveram \u00eaxito em localizar dois indiv\u00edduos com as caracter\u00edsticas, nada de il\u00edcito foi encontrado em abordagem, por\u00e9m em busca pelas imedia\u00e7\u00f5es foram localizadas uma bolsa e em seu interior duas c\u00e2meras de filmagem juntamente com um alicate, os indiv\u00edduos (masculinos, 38 e 40 anos) confessaram o delito. Diante dos fatos, foi dado voz de pris\u00e3o aos autores, sendo conduzidos ao Plant\u00e3o Policial onde a Autoridade de Plant\u00e3o, ratificou pris\u00e3o em flagrante. Os indiv\u00edduos permanecerem presos.<\/p>\n<p>Fonte: Com. Social Pol\u00edcia Militar<\/p>\n","protected":false},"excerpt":{"rendered":"<p>Na data de ontem (04) por volta das 22h30 policiais militares do 25\u00ba Batalh\u00e3o de Pol\u00edcia Militar do Interior pelo munic\u00edpio de Dracena ap\u00f3s receberem den\u00fancias de uma equipe de monitoramento que um indiv\u00edduo estava em cima do muro de uma determinada escola, cortando fios de c\u00e2meras de seguran\u00e7a da propriedade da prefeitura, rapidamente equipe [&hellip;]<\/p>\n","protected":false},"author":1,"featured_media":91187,"comment_status":"closed","ping_status":"open","sticky":false,"template":"","format":"standard","meta":{"footnotes":""},"categories":[110,2],"tags":[],"class_list":["post-91186","post","type-post","status-publish","format-standard","has-post-thumbnail","hentry","category-noticiasdestaque","category-policial"],"_links":{"self":[{"href":"https:\/\/jorgezanoni.com.br\/2019\/wp-json\/wp\/v2\/posts\/91186","targetHints":{"allow":["GET"]}}],"collection":[{"href":"https:\/\/jorgezanoni.com.br\/2019\/wp-json\/wp\/v2\/posts"}],"about":[{"href":"https:\/\/jorgezanoni.com.br\/2019\/wp-json\/wp\/v2\/types\/post"}],"author":[{"embeddable":true,"href":"https:\/\/jorgezanoni.com.br\/2019\/wp-json\/wp\/v2\/users\/1"}],"replies":[{"embeddable":true,"href":"https:\/\/jorgezanoni.com.br\/2019\/wp-json\/wp\/v2\/comments?post=91186"}],"version-history":[{"count":1,"href":"https:\/\/jorgezanoni.com.br\/2019\/wp-json\/wp\/v2\/posts\/91186\/revisions"}],"predecessor-version":[{"id":91188,"href":"https:\/\/jorgezanoni.com.br\/2019\/wp-json\/wp\/v2\/posts\/91186\/revisions\/91188"}],"wp:featuredmedia":[{"embeddable":true,"href":"https:\/\/jorgezanoni.com.br\/2019\/wp-json\/wp\/v2\/media\/91187"}],"wp:attachment":[{"href":"https:\/\/jorgezanoni.com.br\/2019\/wp-json\/wp\/v2\/media?parent=91186"}],"wp:term":[{"taxonomy":"category","embeddable":true,"href":"https:\/\/jorgezanoni.com.br\/2019\/wp-json\/wp\/v2\/categories?post=91186"},{"taxonomy":"post_tag","embeddable":true,"href":"https:\/\/jorgezanoni.com.br\/2019\/wp-json\/wp\/v2\/tags?post=91186"}],"curies":[{"name":"wp","href":"https:\/\/api.w.org\/{rel}","templated":true}]}}