{"id":91181,"date":"2024-12-05T11:55:31","date_gmt":"2024-12-05T11:55:31","guid":{"rendered":"https:\/\/jorgezanoni.com.br\/2019\/?p=91181"},"modified":"2024-12-05T11:55:31","modified_gmt":"2024-12-05T11:55:31","slug":"chuvas-fortes-provocam-interdicoes-de-estradas-em-andradina-e-castilho","status":"publish","type":"post","link":"https:\/\/jorgezanoni.com.br\/2019\/chuvas-fortes-provocam-interdicoes-de-estradas-em-andradina-e-castilho\/","title":{"rendered":"Chuvas fortes provocam interdi\u00e7\u00f5es de estradas em Andradina e Castilho"},"content":{"rendered":"<p style=\"text-align: justify;\">As chuvas fortes que ca\u00edram durante a madrugada de quarta-feira (04), provocou estragos e transtornos \u00e0s popula\u00e7\u00f5es das cidades de Andradina e Castilho, al\u00e9m de provocar interdi\u00e7\u00f5es totais ou parciais de vias desses dois munic\u00edpios do noroeste paulista. Por sorte n\u00e3o foram registradas v\u00edtimas em nenhum dos casos e a Defesa Civil, bem como Pol\u00edcia Militar, homens do DER (em caso das rodovias), Departamento de Obras desses munic\u00edpios, trabalham para solu\u00e7\u00e3o dos problemas o mais r\u00e1pido poss\u00edvel. Motoristas devem redobrar a aten\u00e7\u00e3o ao trafegarem por esses trechos interditados total, ou parcialmente.<\/p>\n<p style=\"text-align: justify;\">Na cidade de Andradina, al\u00e9m dos estragos em estradas rurais, a forte chuva das madrugada provocou o transbordamento de uma lagoa existente na Fazenda Guanabara (do grupo Grendene), localizada na altura do KM 209 da rodovia Euclides Oliveira Figueiredo, onde uma adutora n\u00e3o foi suficiente para dar vaz\u00e3o a toda \u00e1gua acumulada na beira da pista, causando eros\u00e3o no acostamento, bem como a \u00e1gua acabou passando por cima da pista.<\/p>\n<p style=\"text-align: justify;\">A Pol\u00edcia Rodovi\u00e1ria, bem como homens do DER \u2013 Departamento de Estradas e Rodagens, providenciaram a interdi\u00e7\u00e3o de uma das pistas da rodovia da Integra\u00e7\u00e3o, que vai sentido Andradina \u00e0 Pereira Barreto, operando no sistema PARE\/SIGA.<\/p>\n<p style=\"text-align: justify;\">LOCAL DA TRAG\u00c9DIA<\/p>\n<p style=\"text-align: justify;\">O local interditado \u00e9 o mesmo onde uma funcion\u00e1ria da usina perdeu a vida recentemente ao sair pelo acostamento durante uma madrugada, cair em um buraco onde est\u00e1 a referida adutora, e bater o carro que dirigia contra a mureta de concreto na vaz\u00e3o dessa adutora. Vale lembrar que o local da eros\u00e3o \u00e9 contr\u00e1rio ao dessa mureta, portando eventos aconteceram em lados opostos.<\/p>\n<p style=\"text-align: justify;\">CASTILHO<\/p>\n<p style=\"text-align: justify;\">J\u00e1 em Castilho, al\u00e9m da destrui\u00e7\u00e3o de estradas rurais, a forte chuva causou destrui\u00e7\u00e3o parcial da ponte da Fazenda Tr\u00eas Barras, por\u00e9m, n\u00e3o h\u00e1 informa\u00e7\u00e3o de interdi\u00e7\u00e3o do local. A Defesa Civil, Brigada de Castilho e usina trabalham na sinaliza\u00e7\u00e3o e manuten\u00e7\u00e3o dos locais mais atingidos.<\/p>\n<p style=\"text-align: justify;\">PREVIS\u00c3O<\/p>\n<p style=\"text-align: justify;\">A passagem de um ciclone extratropical deve provocar temporais em diversas regi\u00f5es do interior de S\u00e3o Paulo, em especial ao noroeste paulista e \u00e0 regi\u00e3o de Andradina, que pode registrar chuvas acumuladas at\u00e9 o pr\u00f3ximo domingo, 9. A previs\u00e3o \u00e9 de dias nublados, pancadas de chuva a qualquer hora e rajadas de vento que podem alcan\u00e7ar 60 km\/h.<\/p>\n<p style=\"text-align: justify;\">Segundo o IPMET, toda a regi\u00e3o de Ara\u00e7atuba (incluindo Andradina), ter\u00e1 uma semana de chuvas at\u00e9 domingo, 9, com um acumulado de at\u00e9 70 mm. Ao longo dos dias, o tempo deve permanecer nublado, com pancadas de chuva previstas a qualquer hora.<\/p>\n<p style=\"text-align: justify;\">A Defesa Civil alerta a popula\u00e7\u00e3o para os riscos associados aos temporais, como rajadas de vento e queda de raios. A recomenda\u00e7\u00e3o \u00e9 buscar abrigo em locais seguros, evitar \u00e1reas sujeitas a alagamentos e redobrar a aten\u00e7\u00e3o durante deslocamentos.<\/p>\n<p><img loading=\"lazy\" decoding=\"async\" class=\"alignnone size-full wp-image-91183\" src=\"https:\/\/jorgezanoni.com.br\/2019\/wp-content\/uploads\/2024\/12\/mil2-Pequeno.jpg\" alt=\"\" width=\"640\" height=\"480\" srcset=\"https:\/\/jorgezanoni.com.br\/2019\/wp-content\/uploads\/2024\/12\/mil2-Pequeno.jpg 640w, https:\/\/jorgezanoni.com.br\/2019\/wp-content\/uploads\/2024\/12\/mil2-Pequeno-300x225.jpg 300w, https:\/\/jorgezanoni.com.br\/2019\/wp-content\/uploads\/2024\/12\/mil2-Pequeno-80x60.jpg 80w, https:\/\/jorgezanoni.com.br\/2019\/wp-content\/uploads\/2024\/12\/mil2-Pequeno-265x198.jpg 265w, https:\/\/jorgezanoni.com.br\/2019\/wp-content\/uploads\/2024\/12\/mil2-Pequeno-560x420.jpg 560w\" sizes=\"auto, (max-width: 640px) 100vw, 640px\" \/> <img loading=\"lazy\" decoding=\"async\" class=\"alignnone size-full wp-image-91184\" src=\"https:\/\/jorgezanoni.com.br\/2019\/wp-content\/uploads\/2024\/12\/mil-Pequeno.jpg\" alt=\"\" width=\"360\" height=\"480\" srcset=\"https:\/\/jorgezanoni.com.br\/2019\/wp-content\/uploads\/2024\/12\/mil-Pequeno.jpg 360w, https:\/\/jorgezanoni.com.br\/2019\/wp-content\/uploads\/2024\/12\/mil-Pequeno-225x300.jpg 225w, https:\/\/jorgezanoni.com.br\/2019\/wp-content\/uploads\/2024\/12\/mil-Pequeno-315x420.jpg 315w\" sizes=\"auto, (max-width: 360px) 100vw, 360px\" \/><\/p>\n<p>Fonte: Mil Not\u00edcias<\/p>\n<p>&nbsp;<\/p>\n","protected":false},"excerpt":{"rendered":"<p>As chuvas fortes que ca\u00edram durante a madrugada de quarta-feira (04), provocou estragos e transtornos \u00e0s popula\u00e7\u00f5es das cidades de Andradina e Castilho, al\u00e9m de provocar interdi\u00e7\u00f5es totais ou parciais de vias desses dois munic\u00edpios do noroeste paulista. Por sorte n\u00e3o foram registradas v\u00edtimas em nenhum dos casos e a Defesa Civil, bem como Pol\u00edcia [&hellip;]<\/p>\n","protected":false},"author":1,"featured_media":91182,"comment_status":"closed","ping_status":"open","sticky":false,"template":"","format":"standard","meta":{"footnotes":""},"categories":[180,110],"tags":[],"class_list":["post-91181","post","type-post","status-publish","format-standard","has-post-thumbnail","hentry","category-estradastransitoveiculos","category-noticiasdestaque"],"_links":{"self":[{"href":"https:\/\/jorgezanoni.com.br\/2019\/wp-json\/wp\/v2\/posts\/91181","targetHints":{"allow":["GET"]}}],"collection":[{"href":"https:\/\/jorgezanoni.com.br\/2019\/wp-json\/wp\/v2\/posts"}],"about":[{"href":"https:\/\/jorgezanoni.com.br\/2019\/wp-json\/wp\/v2\/types\/post"}],"author":[{"embeddable":true,"href":"https:\/\/jorgezanoni.com.br\/2019\/wp-json\/wp\/v2\/users\/1"}],"replies":[{"embeddable":true,"href":"https:\/\/jorgezanoni.com.br\/2019\/wp-json\/wp\/v2\/comments?post=91181"}],"version-history":[{"count":1,"href":"https:\/\/jorgezanoni.com.br\/2019\/wp-json\/wp\/v2\/posts\/91181\/revisions"}],"predecessor-version":[{"id":91185,"href":"https:\/\/jorgezanoni.com.br\/2019\/wp-json\/wp\/v2\/posts\/91181\/revisions\/91185"}],"wp:featuredmedia":[{"embeddable":true,"href":"https:\/\/jorgezanoni.com.br\/2019\/wp-json\/wp\/v2\/media\/91182"}],"wp:attachment":[{"href":"https:\/\/jorgezanoni.com.br\/2019\/wp-json\/wp\/v2\/media?parent=91181"}],"wp:term":[{"taxonomy":"category","embeddable":true,"href":"https:\/\/jorgezanoni.com.br\/2019\/wp-json\/wp\/v2\/categories?post=91181"},{"taxonomy":"post_tag","embeddable":true,"href":"https:\/\/jorgezanoni.com.br\/2019\/wp-json\/wp\/v2\/tags?post=91181"}],"curies":[{"name":"wp","href":"https:\/\/api.w.org\/{rel}","templated":true}]}}