{"id":91130,"date":"2024-12-02T15:40:23","date_gmt":"2024-12-02T15:40:23","guid":{"rendered":"https:\/\/jorgezanoni.com.br\/2019\/?p=91130"},"modified":"2024-12-02T15:40:23","modified_gmt":"2024-12-02T15:40:23","slug":"pesquisa-do-sebrae-sp-aponta-crescimento-de-400-no-numero-de-marmitarias-no-oeste-paulista","status":"publish","type":"post","link":"https:\/\/jorgezanoni.com.br\/2019\/pesquisa-do-sebrae-sp-aponta-crescimento-de-400-no-numero-de-marmitarias-no-oeste-paulista\/","title":{"rendered":"Pesquisa do Sebrae-SP aponta crescimento de 400% no n\u00famero de marmitarias no Oeste Paulista"},"content":{"rendered":"<p style=\"text-align: justify;\"><strong><em>Outras cidades da regi\u00e3o tamb\u00e9m registraram aumento em cinco anos. A pesquisa ainda aponta o perfil dos consumidores;<\/em><\/strong><\/p>\n<p style=\"text-align: justify;\">Nos \u00faltimos cinco anos, de 2018 a 2023, o Oeste Paulista registrou um crescimento expressivo no n\u00famero de micro e pequenos neg\u00f3cios voltados ao fornecimento de alimentos preparados, as populares marmitas. A maior cidade da regi\u00e3o, Presidente Prudente, liderou esse crescimento com um aumento impressionante de 1.224%, saindo de 37 empreendedores em 2018 para 490 em 2023.<\/p>\n<p style=\"text-align: justify;\">O estudo realizado pelo Sebrae-SP aponta que toda a regi\u00e3o de Presidente Prudente, engloba 54 munic\u00edpios, registrou aumento ou se manteve com o mesmo n\u00famero de MEIs ativos. No total, o n\u00famero de empreendedores desse segmento saltou de 262, em 2018, para 1.313 em 2023, um aumento de 401% no Oeste Paulista. Cidades vizinhas tamb\u00e9m registraram crescimento significativo, como Presidente Venceslau, que passou de 11 neg\u00f3cios em 2018 para 76 em 2023 (590%), e Adamantina, com um aumento de 165.22% (de 21 para 61 neg\u00f3cios).<\/p>\n<p>Esse crescimento reflete uma tend\u00eancia estadual. Em todo o Estado de S\u00e3o Paulo, o n\u00famero de pequenos neg\u00f3cios no ramo de marmitas saltou de 13.114, em 2018, para 97.270, ao final de 2023, um crescimento m\u00e9dio anual de 49%. At\u00e9 mar\u00e7o deste ano, esse n\u00famero j\u00e1 havia ultrapassado os 98 mil empreendimentos.<\/p>\n<p>A pesquisa tamb\u00e9m apontou o perfil do consumidor de marmitas no estado. A prefer\u00eancia \u00e9 por pratos tradicionais, mencionados por 73% dos entrevistados. As refei\u00e7\u00f5es saud\u00e1veis \u200b\u200bseguem em segundo lugar, com 61% das escolhas, enquanto 56% preferem pratos de culin\u00e1ria espec\u00edfica ou internacional. Al\u00e9m disso, 73% dos pedidos incluem bebidas, como \u00e1gua e sucos, e 18% optam por sobremesas. A faixa de pre\u00e7o mais comum para refei\u00e7\u00e3o varia entre R$ 20 e R$ 30, e a maioria dos pagamentos \u00e9 feita via PIX (89%).<\/p>\n<p>Em termos de frequ\u00eancia de consumo, quase metade dos consumidores (49%) afirmou pedir marmitas de duas a tr\u00eas vezes por semana, sendo a sexta-feira o dia de maior procura, com 70% dos pedidos. As plataformas digitais, como aplicativos de entrega e sites especializados, dominam as transa\u00e7\u00f5es, com 82% das transa\u00e7\u00f5es realizadas por esses meios.<\/p>\n<p>&#8220;Esse cen\u00e1rio destaca a relev\u00e2ncia da praticidade no dia a dia dos consumidores e o papel importante das micro e pequenas empresas na economia regional. No Oeste Paulista, onde as temperaturas s\u00e3o elevadas, muitas pessoas optam por n\u00e3o sair para comer, preferindo a comodidade das marmitas. Para os empreendedores desse setor, a estrat\u00e9gia \u00e9 estar sempre atento \u00e0s tend\u00eancias do mercado e garantir uma marmita saborosa e de qualidade&#8221;, concluiu Jos\u00e9 Carlos Cavalcante, gerente do Sebrae-SP.<\/p>\n<p><strong>Outros munic\u00edpios:<\/strong><\/p>\n<p>Adamantina &#8211; 03\/2024 &#8211; 66<\/p>\n<p>Venceslau &#8211; 03\/ 2024 &#8211; 76<\/p>\n<p>Prudente &#8211; 03\/ 2024 &#8211; 491<\/p>\n<p>Dracena<br \/>\n2018 &#8211; 20<\/p>\n<p>2023 &#8211; 80<\/p>\n<p>03\/ 2024 &#8211; 80<\/p>\n<p>Epit\u00e1cio<\/p>\n<p>2018 &#8211; 14<br \/>\n2023 &#8211; 59<\/p>\n<p>03\/ 2024 &#8211; 56<\/p>\n<p>Osvaldo Cruz<\/p>\n<p>2018 &#8211; 13<br \/>\n2023 &#8211; 42<\/p>\n<p>03\/ 2024 &#8211; 42<\/p>\n<p>Pirapozinho<\/p>\n<p>2018 &#8211; n\u00e3o constava<br \/>\n2023 &#8211; 16<br \/>\n03\/ 2024 &#8211; 17<\/p>\n<p>&nbsp;<\/p>\n<p>&nbsp;<\/p>\n","protected":false},"excerpt":{"rendered":"<p>Outras cidades da regi\u00e3o tamb\u00e9m registraram aumento em cinco anos. A pesquisa ainda aponta o perfil dos consumidores; Nos \u00faltimos cinco anos, de 2018 a 2023, o Oeste Paulista registrou um crescimento expressivo no n\u00famero de micro e pequenos neg\u00f3cios voltados ao fornecimento de alimentos preparados, as populares marmitas. A maior cidade da regi\u00e3o, Presidente [&hellip;]<\/p>\n","protected":false},"author":1,"featured_media":91131,"comment_status":"closed","ping_status":"open","sticky":false,"template":"","format":"standard","meta":{"footnotes":""},"categories":[114,110],"tags":[],"class_list":["post-91130","post","type-post","status-publish","format-standard","has-post-thumbnail","hentry","category-geralecomercio","category-noticiasdestaque"],"_links":{"self":[{"href":"https:\/\/jorgezanoni.com.br\/2019\/wp-json\/wp\/v2\/posts\/91130","targetHints":{"allow":["GET"]}}],"collection":[{"href":"https:\/\/jorgezanoni.com.br\/2019\/wp-json\/wp\/v2\/posts"}],"about":[{"href":"https:\/\/jorgezanoni.com.br\/2019\/wp-json\/wp\/v2\/types\/post"}],"author":[{"embeddable":true,"href":"https:\/\/jorgezanoni.com.br\/2019\/wp-json\/wp\/v2\/users\/1"}],"replies":[{"embeddable":true,"href":"https:\/\/jorgezanoni.com.br\/2019\/wp-json\/wp\/v2\/comments?post=91130"}],"version-history":[{"count":1,"href":"https:\/\/jorgezanoni.com.br\/2019\/wp-json\/wp\/v2\/posts\/91130\/revisions"}],"predecessor-version":[{"id":91132,"href":"https:\/\/jorgezanoni.com.br\/2019\/wp-json\/wp\/v2\/posts\/91130\/revisions\/91132"}],"wp:featuredmedia":[{"embeddable":true,"href":"https:\/\/jorgezanoni.com.br\/2019\/wp-json\/wp\/v2\/media\/91131"}],"wp:attachment":[{"href":"https:\/\/jorgezanoni.com.br\/2019\/wp-json\/wp\/v2\/media?parent=91130"}],"wp:term":[{"taxonomy":"category","embeddable":true,"href":"https:\/\/jorgezanoni.com.br\/2019\/wp-json\/wp\/v2\/categories?post=91130"},{"taxonomy":"post_tag","embeddable":true,"href":"https:\/\/jorgezanoni.com.br\/2019\/wp-json\/wp\/v2\/tags?post=91130"}],"curies":[{"name":"wp","href":"https:\/\/api.w.org\/{rel}","templated":true}]}}