{"id":9110,"date":"2019-10-18T23:57:46","date_gmt":"2019-10-18T23:57:46","guid":{"rendered":"https:\/\/jorgezanoni.com.br\/2019\/?p=9110"},"modified":"2019-10-18T23:57:46","modified_gmt":"2019-10-18T23:57:46","slug":"confira-o-plantao-policial-das-ultimas-horas-18-10-19","status":"publish","type":"post","link":"https:\/\/jorgezanoni.com.br\/2019\/confira-o-plantao-policial-das-ultimas-horas-18-10-19\/","title":{"rendered":"Confira o Plant\u00e3o Policial das \u00faltimas horas 18\/10\/19"},"content":{"rendered":"<p style=\"text-align: justify;\"><strong>POL\u00cdCIA MILITAR PRENDE PROCURADO DA JUSTI\u00c7A EM OURO VERDE\/SP.<\/strong><\/p>\n<p style=\"text-align: justify;\">Condenado capturado<\/p>\n<p style=\"text-align: justify;\">Data: 16OUT19 \u00e0s 17h42min.<\/p>\n<p style=\"text-align: justify;\">Endere\u00e7o: Rua S\u00e3o Salvador &#8211; Bairro Para\u00edso &#8211; Ouro Verde\/SP.<\/p>\n<p style=\"text-align: justify;\">Procurado: L.A.S.<\/p>\n<p style=\"text-align: justify;\">Na tarde desta quarta-feira (16), por volta das 17h42min, os Policiais Militares de Ouro Verde, ap\u00f3s tomarem conhecimento do Mandado de Pris\u00e3o em desfavor de L.A.S., foram at\u00e9 a resid\u00eancia do mesmo e ap\u00f3s confirma\u00e7\u00e3o via COPOM, cientificaram o mesmo e o conduziram a delegacia onde permaneceu a disposi\u00e7\u00e3o da justi\u00e7a.<\/p>\n<p style=\"text-align: justify;\"><strong>AP\u00d3S ABORDAGEM, HOMEM \u00c9 PRESO PELA POL\u00cdCIA MILITAR EM OSVALDO CRUZ\/SP.<\/strong><\/p>\n<p style=\"text-align: justify;\">Condenado capturado<\/p>\n<p style=\"text-align: justify;\">Data: 16OUT19 \u00e0s 18h30min.<\/p>\n<p style=\"text-align: justify;\">Endere\u00e7o: Vila Cavaru &#8211; Osvaldo Cruz\/SP.<\/p>\n<p style=\"text-align: justify;\">Procurado: N.P.C.<\/p>\n<p style=\"text-align: justify;\">No in\u00edcio da noite desta quarta-feira, 16, por volta das 18h30min, policias militares durante abordagem a dois indiv\u00edduos na Vila Cavaru em Osvaldo Cruz, nada de il\u00edcito fora encontrado, por\u00e9m, em pesquisa via Copom constou a exist\u00eancia de mandado de pris\u00e3o em desfavor de N.P.C. (de Birigui), onde foi cientificado e informado do Mandado, recebendo voz de pris\u00e3o sendo encaminhado a cadeia p\u00fablica de Adamantina permanecendo a disposi\u00e7\u00e3o da Justi\u00e7a.<\/p>\n<p style=\"text-align: justify;\"><strong>AP\u00d3S ABORDAGEM, POL\u00cdCIA MILITAR PRENDE TR\u00caS HOMENS POR TR\u00c1FICO DE DROGAS EM TUPI PAULISTA\/SP.<\/strong><\/p>\n<p style=\"text-align: justify;\">Tr\u00e1fico de Drogas e Associa\u00e7\u00e3o ao Tr\u00e1fico \u2013 Flagrante<\/p>\n<p style=\"text-align: justify;\">Data: 16OUT19 \u00e0s 17h15min.<\/p>\n<p style=\"text-align: justify;\">Endere\u00e7o: Rua Ant\u00f4nio Simini \u2013Tupi Paulista\/SP.<\/p>\n<p style=\"text-align: justify;\">Indiciado 01: J.C.N.<\/p>\n<p style=\"text-align: justify;\">Indiciado 02: M.R.L.<\/p>\n<p style=\"text-align: justify;\">Indiciado 03: D.V.P.<\/p>\n<p style=\"text-align: justify;\">Apreens\u00f5es:14,36 gr de crack e 4,49 gr de maconha, 01 celular e 01 VW\/Fox vermelho.<\/p>\n<p style=\"text-align: justify;\">No fim da tarde desta quarta-feira, 16, por volta das 17h15min, os Policiais Militares de Tupi Paulista, visualizaram um ve\u00edculo VW Fox de cor vermelha, tendo 03 homens como ocupantes, e estes ao ver a viatura policial, mudaram de comportamento o que motivou a abordagem, sendo ent\u00e3o dado ordem de parada, momento em que um dos ocupantes, arremessou um objeto pela janela. Ao serem abordados, foi realizada busca pessoal nos ocupantes, onde foi localizado com o M.R.L., 01 por\u00e7\u00e3o de maconha e com os outros (J.C.N. e D.V.P.) nada de il\u00edcito fora encontrado. Ao verificar o que haviam dispensado, foi localizado uma pedra bruta de crack. Com apoio do Canil, foi localizado no banco traseiro do carro, mais uma trouxinha de maconha. Diante dos fatos foi dada voz de pris\u00e3o em flagrante delito por tr\u00e1fico de drogas, permanecendo os tr\u00eas indiciados a disposi\u00e7\u00e3o da Justi\u00e7a.<\/p>\n<p style=\"text-align: justify;\"><strong>DOIS HOMENS S\u00c3O ABORDADOS COM DROGAS EM JUNQUEIROPOLIS\/SP.<\/strong><\/p>\n<p style=\"text-align: justify;\">Tr\u00e1fico de Entorpecente \u2013 Flagrante<\/p>\n<p style=\"text-align: justify;\">Data: 16OUT19 \u00e0s 20h30min.<\/p>\n<p style=\"text-align: justify;\">Endere\u00e7o: Av. Geraldo Fudo \u2013Junqueir\u00f3polis\/SP.<\/p>\n<p style=\"text-align: justify;\">Autor 01: S.G.<\/p>\n<p style=\"text-align: justify;\">Autor 02: D.T.<\/p>\n<p style=\"text-align: justify;\">Apreens\u00f5es:01 celular Samsung.<\/p>\n<p style=\"text-align: justify;\">Na noite desta quarta-feira, por volta das 20h30min, durante patrulhamento de For\u00e7a T\u00e1tica por Junqueir\u00f3polis, os Policiais Militares receberam informa\u00e7\u00f5es de que os indiv\u00edduos S.G. e D.T., que s\u00e3o conhecidos dos meios policias pela pr\u00e1tica de tr\u00e1fico de drogas, teriam ido at\u00e9 Dracena adquirir drogas e ap\u00f3s retornariam para Adamantina. Com essas informa\u00e7\u00f5es foi realizado um bloqueio, onde foi abordado um \u00f4nibus, e ao adentrar ao \u00f4nibus, avistaram D.T. sentado na \u00faltima poltrona e ao lado do banheiro estava S.G. em p\u00e9, dispensando algo na privada. Em averigua\u00e7\u00e3o foi localizado na bacia sanit\u00e1ria, um involucro contendo 0,009 kg de coca\u00edna, e em busca pessoal no S.G., foi localizado no bolso de sua bermuda um involucro de maconha, por\u00e9m com D.T., nada de il\u00edcito fora encontrado, apenas a quantia de R$ 47,00. Diante do fato foi dada voz de pris\u00e3o aos autores.<\/p>\n<p style=\"text-align: justify;\"><strong>POL\u00cdCIA MILITAR PRENDE HOMEM EM DRACENA POR AGREDIR COMPANHEIRA.<\/strong><\/p>\n<p style=\"text-align: justify;\">Lei Maria da Penha \u2013 Flagrante.<\/p>\n<p style=\"text-align: justify;\">Data: 17OUT19 \u00e0s 21h21min.<\/p>\n<p style=\"text-align: justify;\">Endere\u00e7o: Rua Euclides da Cunha \u2013 Centro &#8211; Dracena\/SP.<\/p>\n<p style=\"text-align: justify;\">V\u00edtima: G.S.G.<\/p>\n<p style=\"text-align: justify;\">Autor: L.H.C.<\/p>\n<p style=\"text-align: justify;\">Na noite desta quinta-feira(17), por volta das 21h21min, os Policias Militares de Dracena foram acionados para atender uma ocorr\u00eancia pela rua Euclides da Cunha. No local, segundo declara\u00e7\u00f5es, a v\u00edtima G.S.G., chegou correndo e pedindo por socorro, por\u00e9m acabou caindo no ch\u00e3o onde foi agredida pelo seu marido (autor L.H.C.) com chutes na cabe\u00e7a e pelo corpo at\u00e9 desmaiar. Diante do fato, foi dada voz de pris\u00e3o em flagrante delito ao autor, que permaneceu a disposi\u00e7\u00e3o da justi\u00e7a.<strong>\u00a0<\/strong><\/p>\n<p style=\"text-align: justify;\"><strong>#25BPMI<\/strong><\/p>\n<p style=\"text-align: justify;\"><strong>#POLICIAMILITARSP<\/strong><\/p>\n<p style=\"text-align: justify;\"><strong>#AFOR\u00c7AP\u00daBLICADES\u00c3OPAULO<\/strong><\/p>\n<p style=\"text-align: justify;\"><strong>Fonte: COMUNICA\u00c7\u00c3O SOCIAL DO 25\u00ba BPM\/I &#8211; Dr<\/strong><\/p>\n<p style=\"text-align: justify;\"><strong>\u00a0<\/strong><\/p>\n","protected":false},"excerpt":{"rendered":"<p>POL\u00cdCIA MILITAR PRENDE PROCURADO DA JUSTI\u00c7A EM OURO VERDE\/SP. Condenado capturado Data: 16OUT19 \u00e0s 17h42min. Endere\u00e7o: Rua S\u00e3o Salvador &#8211; Bairro Para\u00edso &#8211; Ouro Verde\/SP. Procurado: L.A.S. Na tarde desta quarta-feira (16), por volta das 17h42min, os Policiais Militares de Ouro Verde, ap\u00f3s tomarem conhecimento do Mandado de Pris\u00e3o em desfavor de L.A.S., foram at\u00e9 [&hellip;]<\/p>\n","protected":false},"author":1,"featured_media":9111,"comment_status":"closed","ping_status":"open","sticky":false,"template":"","format":"standard","meta":{"footnotes":""},"categories":[110,2],"tags":[],"class_list":["post-9110","post","type-post","status-publish","format-standard","has-post-thumbnail","hentry","category-noticiasdestaque","category-policial"],"_links":{"self":[{"href":"https:\/\/jorgezanoni.com.br\/2019\/wp-json\/wp\/v2\/posts\/9110","targetHints":{"allow":["GET"]}}],"collection":[{"href":"https:\/\/jorgezanoni.com.br\/2019\/wp-json\/wp\/v2\/posts"}],"about":[{"href":"https:\/\/jorgezanoni.com.br\/2019\/wp-json\/wp\/v2\/types\/post"}],"author":[{"embeddable":true,"href":"https:\/\/jorgezanoni.com.br\/2019\/wp-json\/wp\/v2\/users\/1"}],"replies":[{"embeddable":true,"href":"https:\/\/jorgezanoni.com.br\/2019\/wp-json\/wp\/v2\/comments?post=9110"}],"version-history":[{"count":0,"href":"https:\/\/jorgezanoni.com.br\/2019\/wp-json\/wp\/v2\/posts\/9110\/revisions"}],"wp:featuredmedia":[{"embeddable":true,"href":"https:\/\/jorgezanoni.com.br\/2019\/wp-json\/wp\/v2\/media\/9111"}],"wp:attachment":[{"href":"https:\/\/jorgezanoni.com.br\/2019\/wp-json\/wp\/v2\/media?parent=9110"}],"wp:term":[{"taxonomy":"category","embeddable":true,"href":"https:\/\/jorgezanoni.com.br\/2019\/wp-json\/wp\/v2\/categories?post=9110"},{"taxonomy":"post_tag","embeddable":true,"href":"https:\/\/jorgezanoni.com.br\/2019\/wp-json\/wp\/v2\/tags?post=9110"}],"curies":[{"name":"wp","href":"https:\/\/api.w.org\/{rel}","templated":true}]}}