{"id":90992,"date":"2024-11-27T15:17:32","date_gmt":"2024-11-27T15:17:32","guid":{"rendered":"https:\/\/jorgezanoni.com.br\/2019\/?p=90992"},"modified":"2024-11-27T15:17:32","modified_gmt":"2024-11-27T15:17:32","slug":"em-nome-da-unidade-latinoamericana-neste-novo-tempo-novo-por-sergio-barbosa","status":"publish","type":"post","link":"https:\/\/jorgezanoni.com.br\/2019\/em-nome-da-unidade-latinoamericana-neste-novo-tempo-novo-por-sergio-barbosa\/","title":{"rendered":"Em nome da Unidade Latinoamericana neste novo tempo novo&#8230; (por S\u00e9rgio Barbosa)"},"content":{"rendered":"<p style=\"text-align: justify;\"><strong>EM NOME DA UNIDADE LATINOAMERICANA NESTE NOVO TEMPO NOVO&#8230;<\/strong><\/p>\n<p style=\"text-align: justify;\"><em>\u201cHasta la victoria siempre.\u201d (El Comandante CHE GUEVARA)<\/em><\/p>\n<p style=\"text-align: justify;\"><strong><em>Ao ROBERTO e CRISTINA, dedico!<\/em><\/strong><\/p>\n<p style=\"text-align: justify;\"><strong><em>By seb@r. <\/em><\/strong><\/p>\n<p style=\"text-align: justify;\">Quando eu era universit\u00e1rio no curso de PP do antigo IMS-INSTITUTO METODISTA DE ENSINO SUPERIOR, hoje UMESP ou tamb\u00e9m, como era conhecida naquele tempo de METODISTA ou simplesmente \u201cMET\u00d4\u201d&#8230;<\/p>\n<p style=\"text-align: justify;\">Ou seja, neste in\u00edcio da d\u00e9cada de 80, se bem que no meu caso, j\u00e1 estava com mais de 22 anos, enquanto a minha turma com mais ou menos 18\/19 anos&#8230;<\/p>\n<p style=\"text-align: justify;\">Ainda, estudava no per\u00edodo da manh\u00e3, pois, trabalha no per\u00edodo noturno para pagar as mensalidades e acredito que era o \u201c\u00fanico\u201d que bancava tais custos, os demais colegas eram bancados pelos pais&#8230;<\/p>\n<p style=\"text-align: justify;\">Nada contra, nada a favor, muito pelo contr\u00e1rio, portanto, foi neste in\u00edcio dos anos 80 no bairro de RUDGE RAMOS, SBCAMPO, SP, que tive o primeiro contato com a m\u00fasica \u201cLATINOAMERICANA\u201d&#8230;<\/p>\n<p style=\"text-align: justify;\">E tem mais, foi por interm\u00e9dio de um colega do curso de TEOLOGIA da FATEO que estava localizada neste tempo, no mesmo campus do IMS\/METODISTA, tamb\u00e9m, os\/as denominados\/as \u201cseminaristas\u201d residiam em um Edif\u00edcio na entra do campus pela RUA DO SACRAMENTO&#8230;<\/p>\n<p style=\"text-align: justify;\">Ah! O nome deste pr\u00e9dio de tr\u00eas andares, mais o t\u00e9rreo com apartamentos para os\/as seminaristas casados\/as, se chamava \u201cED\u00cdFICIO JO\u00c3O WESLEY\u201d&#8230;<\/p>\n<p style=\"text-align: justify;\">Mas, o que interessa neste texto \u00e9 o meu primeiro encontro com a musicalidade desta \u201cNUESTRA LATINOAM\u00c9RICA\u201d, al\u00e9m de uma paix\u00e3o \u00e0 primeira vista com \u201cEL COMANDANTE CHE GUEVARA\u201d por meio dos livros e outros&#8230;<\/p>\n<p style=\"text-align: justify;\">Acredito que tudo vale a pena quando voc\u00ea est\u00e1 em busca de novas descobertas neste ou naquele lado, alias, que pode ser o mesmo lado deste lado&#8230;<\/p>\n<p style=\"text-align: justify;\">Os anos se foram desta d\u00e9cada mais do que interessante no CAMPUS DO IMS\/METODISTA e que de vez em quando aparecem nas minhas recorda\u00e7\u00f5es quando estou ouvindo os meus CD\u00b4S DE M\u00daSICA LATINOAMERICANA&#8230;<\/p>\n<p style=\"text-align: justify;\">Foram quatro anos com muitos desencontros naquele campus que era mais do que agitado com os\/as universit\u00e1rios\/as dos cursos de PUBLICIDADE &amp; PROPAGANDA, JORNALISMO E PSICOLOGIA&#8230;<\/p>\n<p style=\"text-align: justify;\">Sem escrever que os dois DIRET\u00d3RIOS ACAD\u00caMICOS (DA\u00b4s) que envolviam os discentes dos cursos de COMUNICA\u00c7\u00c3O SOCIAL (PP, JORNALISMO E RP) e PSICOLOGIA, possu\u00edam no nome dos irm\u00e3os antrop\u00f3logos, VILLAS BOAS, a saber, CLA\u00daDIO E ORLANDO&#8230;<\/p>\n<p style=\"text-align: justify;\">As atividades comuns aos universit\u00e1rios que envolviam manifesta\u00e7\u00f5es diversas contra ou a favor de tudo e todos, bem como, acima desta ou daquela bandeira em benef\u00edcio dos mesmos, eram desenvolvidas em conjunto com os dois DIRET\u00d3RIOS ACAD\u00caMICOS&#8230;<\/p>\n<p style=\"text-align: justify;\">Nos pr\u00f3ximos artigos sobre este tempo do tempo como universit\u00e1rio, pretendo abordar v\u00e1rios momentos que ocorreram naquele campus nos anos de 1980\/1987, pois, depois de tr\u00eas anos no curso de PP, mudei de mala e cuia para o curso de JORNALISMO e em seguida, foram mais 3 anos no curso de TEOLOGIA&#8230;<\/p>\n<p>QUEM VIVEU VAI SABER&#8230;<\/p>\n<p><strong>-mail: <\/strong><a href=\"mailto:barbosa.sebar@gmail.com\"><strong>barbosa.sebar@gmail.com<\/strong><\/a><\/p>\n<p>&nbsp;<\/p>\n","protected":false},"excerpt":{"rendered":"<p>EM NOME DA UNIDADE LATINOAMERICANA NESTE NOVO TEMPO NOVO&#8230; \u201cHasta la victoria siempre.\u201d (El Comandante CHE GUEVARA) Ao ROBERTO e CRISTINA, dedico! By seb@r. Quando eu era universit\u00e1rio no curso de PP do antigo IMS-INSTITUTO METODISTA DE ENSINO SUPERIOR, hoje UMESP ou tamb\u00e9m, como era conhecida naquele tempo de METODISTA ou simplesmente \u201cMET\u00d4\u201d&#8230; Ou seja, [&hellip;]<\/p>\n","protected":false},"author":1,"featured_media":90993,"comment_status":"closed","ping_status":"open","sticky":false,"template":"","format":"standard","meta":{"footnotes":""},"categories":[175],"tags":[],"class_list":["post-90992","post","type-post","status-publish","format-standard","has-post-thumbnail","hentry","category-artigos"],"_links":{"self":[{"href":"https:\/\/jorgezanoni.com.br\/2019\/wp-json\/wp\/v2\/posts\/90992","targetHints":{"allow":["GET"]}}],"collection":[{"href":"https:\/\/jorgezanoni.com.br\/2019\/wp-json\/wp\/v2\/posts"}],"about":[{"href":"https:\/\/jorgezanoni.com.br\/2019\/wp-json\/wp\/v2\/types\/post"}],"author":[{"embeddable":true,"href":"https:\/\/jorgezanoni.com.br\/2019\/wp-json\/wp\/v2\/users\/1"}],"replies":[{"embeddable":true,"href":"https:\/\/jorgezanoni.com.br\/2019\/wp-json\/wp\/v2\/comments?post=90992"}],"version-history":[{"count":1,"href":"https:\/\/jorgezanoni.com.br\/2019\/wp-json\/wp\/v2\/posts\/90992\/revisions"}],"predecessor-version":[{"id":90994,"href":"https:\/\/jorgezanoni.com.br\/2019\/wp-json\/wp\/v2\/posts\/90992\/revisions\/90994"}],"wp:featuredmedia":[{"embeddable":true,"href":"https:\/\/jorgezanoni.com.br\/2019\/wp-json\/wp\/v2\/media\/90993"}],"wp:attachment":[{"href":"https:\/\/jorgezanoni.com.br\/2019\/wp-json\/wp\/v2\/media?parent=90992"}],"wp:term":[{"taxonomy":"category","embeddable":true,"href":"https:\/\/jorgezanoni.com.br\/2019\/wp-json\/wp\/v2\/categories?post=90992"},{"taxonomy":"post_tag","embeddable":true,"href":"https:\/\/jorgezanoni.com.br\/2019\/wp-json\/wp\/v2\/tags?post=90992"}],"curies":[{"name":"wp","href":"https:\/\/api.w.org\/{rel}","templated":true}]}}