{"id":90978,"date":"2024-11-26T17:59:00","date_gmt":"2024-11-26T17:59:00","guid":{"rendered":"https:\/\/jorgezanoni.com.br\/2019\/?p=90978"},"modified":"2024-11-26T17:59:00","modified_gmt":"2024-11-26T17:59:00","slug":"policia-militar-prende-homem-por-furto-em-dracena-2","status":"publish","type":"post","link":"https:\/\/jorgezanoni.com.br\/2019\/policia-militar-prende-homem-por-furto-em-dracena-2\/","title":{"rendered":"Policia Militar prende homem por furto em Dracena"},"content":{"rendered":"<p style=\"text-align: justify;\">Na data de ontem (25) por volta das 19h08min policiais militares do 25\u00ba Batalh\u00e3o de Pol\u00edcia Militar do Interior foi solicitada via 190 sendo informado que um indiv\u00edduo havia acabado de realizar um furto em uma pra\u00e7a de alimenta\u00e7\u00e3o abandonada pelo munic\u00edpio de Dracena e teria deixado o local, tomando sentido bairro Tonico Andr\u00e9. Em dilig\u00eancias a equipe realizou patrulhamento vindo a localizar o autor (homem 36 anos) e este confessou a pr\u00e1tica do furto, e informou que tem adentrado o local diariamente e subtra\u00eddo o que encontra no local, e que alguns objetos estariam em sua resid\u00eancia. Na referida resid\u00eancia foram localizados v\u00e1rios objetos sendo todos reconhecidos pelo propriet\u00e1rio do local. Diante dos fatos foi dado voz de pris\u00e3o ao autor e conduzido ao Plant\u00e3o de Pol\u00edcia Judici\u00e1ria permanecendo o autor \u00e0 disposi\u00e7\u00e3o da Justi\u00e7a.<\/p>\n<p>Fonte: Com. Social Pol\u00edcia Militar<\/p>\n","protected":false},"excerpt":{"rendered":"<p>Na data de ontem (25) por volta das 19h08min policiais militares do 25\u00ba Batalh\u00e3o de Pol\u00edcia Militar do Interior foi solicitada via 190 sendo informado que um indiv\u00edduo havia acabado de realizar um furto em uma pra\u00e7a de alimenta\u00e7\u00e3o abandonada pelo munic\u00edpio de Dracena e teria deixado o local, tomando sentido bairro Tonico Andr\u00e9. Em [&hellip;]<\/p>\n","protected":false},"author":1,"featured_media":90979,"comment_status":"closed","ping_status":"open","sticky":false,"template":"","format":"standard","meta":{"footnotes":""},"categories":[110,2],"tags":[],"class_list":["post-90978","post","type-post","status-publish","format-standard","has-post-thumbnail","hentry","category-noticiasdestaque","category-policial"],"_links":{"self":[{"href":"https:\/\/jorgezanoni.com.br\/2019\/wp-json\/wp\/v2\/posts\/90978","targetHints":{"allow":["GET"]}}],"collection":[{"href":"https:\/\/jorgezanoni.com.br\/2019\/wp-json\/wp\/v2\/posts"}],"about":[{"href":"https:\/\/jorgezanoni.com.br\/2019\/wp-json\/wp\/v2\/types\/post"}],"author":[{"embeddable":true,"href":"https:\/\/jorgezanoni.com.br\/2019\/wp-json\/wp\/v2\/users\/1"}],"replies":[{"embeddable":true,"href":"https:\/\/jorgezanoni.com.br\/2019\/wp-json\/wp\/v2\/comments?post=90978"}],"version-history":[{"count":1,"href":"https:\/\/jorgezanoni.com.br\/2019\/wp-json\/wp\/v2\/posts\/90978\/revisions"}],"predecessor-version":[{"id":90980,"href":"https:\/\/jorgezanoni.com.br\/2019\/wp-json\/wp\/v2\/posts\/90978\/revisions\/90980"}],"wp:featuredmedia":[{"embeddable":true,"href":"https:\/\/jorgezanoni.com.br\/2019\/wp-json\/wp\/v2\/media\/90979"}],"wp:attachment":[{"href":"https:\/\/jorgezanoni.com.br\/2019\/wp-json\/wp\/v2\/media?parent=90978"}],"wp:term":[{"taxonomy":"category","embeddable":true,"href":"https:\/\/jorgezanoni.com.br\/2019\/wp-json\/wp\/v2\/categories?post=90978"},{"taxonomy":"post_tag","embeddable":true,"href":"https:\/\/jorgezanoni.com.br\/2019\/wp-json\/wp\/v2\/tags?post=90978"}],"curies":[{"name":"wp","href":"https:\/\/api.w.org\/{rel}","templated":true}]}}