{"id":90790,"date":"2024-11-16T18:29:41","date_gmt":"2024-11-16T18:29:41","guid":{"rendered":"https:\/\/jorgezanoni.com.br\/2019\/?p=90790"},"modified":"2024-11-16T18:29:41","modified_gmt":"2024-11-16T18:29:41","slug":"veiculo-dirigido-na-contramao-de-direcao-provoca-acidente-com-moto-no-centro-de-dracena","status":"publish","type":"post","link":"https:\/\/jorgezanoni.com.br\/2019\/veiculo-dirigido-na-contramao-de-direcao-provoca-acidente-com-moto-no-centro-de-dracena\/","title":{"rendered":"Ve\u00edculo dirigido na contram\u00e3o de dire\u00e7\u00e3o provoca acidente com moto no centro de Dracena"},"content":{"rendered":"<p style=\"text-align: justify;\"><strong>Acidente foi na Rua Edison da Silva Campos esquina com a Rua Dom Pedro.<\/strong><\/p>\n<p style=\"text-align: justify;\">Segundo informa\u00e7\u00f5es obtidas no local pela reportagem do SITE JZ e TOP TV, um veiculo Toyota Corolla placas Mercosul, que estava na Rua XV de Novembro, adentrou a Edison da Silva Campos no sentido centro-bairro (contram\u00e3o) e o motociclista pilotava a moto placa de Dracena pela Dom Pedro no sentido bairro-centro, quando virou a esquerda acontecendo a batida.<\/p>\n<p style=\"text-align: justify;\">Com o forte impacto, o motociclista voou e quebrou o para-brisa do carro, sofrendo aparentemente escoria\u00e7\u00f5es de natureza considera leve.<\/p>\n<p style=\"text-align: justify;\">Uma Unidade de Resgate do Corpo de Bombeiros compareceu ao local e levou o piloto at\u00e9 o Pronto Atendimento Municipal. O motorista que disse residir a pouco tempo em Dracena, n\u00e3o se feriu.<\/p>\n<p style=\"text-align: justify;\">Pol\u00edcia Militar e T\u00e9cnica estiveram no local para os levantamentos e apura\u00e7\u00f5es dos fatos que ir\u00e3o apontar as reais causas do acidente.<\/p>\n<p><img loading=\"lazy\" decoding=\"async\" class=\"alignnone size-full wp-image-90791\" src=\"https:\/\/jorgezanoni.com.br\/2019\/wp-content\/uploads\/2024\/11\/IMG_3207-Pequeno.jpg\" alt=\"\" width=\"640\" height=\"480\" srcset=\"https:\/\/jorgezanoni.com.br\/2019\/wp-content\/uploads\/2024\/11\/IMG_3207-Pequeno.jpg 640w, https:\/\/jorgezanoni.com.br\/2019\/wp-content\/uploads\/2024\/11\/IMG_3207-Pequeno-300x225.jpg 300w, https:\/\/jorgezanoni.com.br\/2019\/wp-content\/uploads\/2024\/11\/IMG_3207-Pequeno-80x60.jpg 80w, https:\/\/jorgezanoni.com.br\/2019\/wp-content\/uploads\/2024\/11\/IMG_3207-Pequeno-265x198.jpg 265w, https:\/\/jorgezanoni.com.br\/2019\/wp-content\/uploads\/2024\/11\/IMG_3207-Pequeno-560x420.jpg 560w\" sizes=\"auto, (max-width: 640px) 100vw, 640px\" \/> <img loading=\"lazy\" decoding=\"async\" class=\"alignnone size-full wp-image-90793\" src=\"https:\/\/jorgezanoni.com.br\/2019\/wp-content\/uploads\/2024\/11\/IMG_3209-Pequeno.jpg\" alt=\"\" width=\"640\" height=\"480\" srcset=\"https:\/\/jorgezanoni.com.br\/2019\/wp-content\/uploads\/2024\/11\/IMG_3209-Pequeno.jpg 640w, https:\/\/jorgezanoni.com.br\/2019\/wp-content\/uploads\/2024\/11\/IMG_3209-Pequeno-300x225.jpg 300w, https:\/\/jorgezanoni.com.br\/2019\/wp-content\/uploads\/2024\/11\/IMG_3209-Pequeno-80x60.jpg 80w, https:\/\/jorgezanoni.com.br\/2019\/wp-content\/uploads\/2024\/11\/IMG_3209-Pequeno-265x198.jpg 265w, https:\/\/jorgezanoni.com.br\/2019\/wp-content\/uploads\/2024\/11\/IMG_3209-Pequeno-560x420.jpg 560w\" sizes=\"auto, (max-width: 640px) 100vw, 640px\" \/> <img loading=\"lazy\" decoding=\"async\" class=\"alignnone size-full wp-image-90794\" src=\"https:\/\/jorgezanoni.com.br\/2019\/wp-content\/uploads\/2024\/11\/IMG_3210-Pequeno.jpg\" alt=\"\" width=\"640\" height=\"480\" srcset=\"https:\/\/jorgezanoni.com.br\/2019\/wp-content\/uploads\/2024\/11\/IMG_3210-Pequeno.jpg 640w, https:\/\/jorgezanoni.com.br\/2019\/wp-content\/uploads\/2024\/11\/IMG_3210-Pequeno-300x225.jpg 300w, https:\/\/jorgezanoni.com.br\/2019\/wp-content\/uploads\/2024\/11\/IMG_3210-Pequeno-80x60.jpg 80w, https:\/\/jorgezanoni.com.br\/2019\/wp-content\/uploads\/2024\/11\/IMG_3210-Pequeno-265x198.jpg 265w, https:\/\/jorgezanoni.com.br\/2019\/wp-content\/uploads\/2024\/11\/IMG_3210-Pequeno-560x420.jpg 560w\" sizes=\"auto, (max-width: 640px) 100vw, 640px\" \/><\/p>\n<p>Jorge Zanoni<\/p>\n","protected":false},"excerpt":{"rendered":"<p>Acidente foi na Rua Edison da Silva Campos esquina com a Rua Dom Pedro. Segundo informa\u00e7\u00f5es obtidas no local pela reportagem do SITE JZ e TOP TV, um veiculo Toyota Corolla placas Mercosul, que estava na Rua XV de Novembro, adentrou a Edison da Silva Campos no sentido centro-bairro (contram\u00e3o) e o motociclista pilotava a [&hellip;]<\/p>\n","protected":false},"author":1,"featured_media":90792,"comment_status":"closed","ping_status":"open","sticky":false,"template":"","format":"standard","meta":{"footnotes":""},"categories":[170,110],"tags":[],"class_list":["post-90790","post","type-post","status-publish","format-standard","has-post-thumbnail","hentry","category-acidentes","category-noticiasdestaque"],"_links":{"self":[{"href":"https:\/\/jorgezanoni.com.br\/2019\/wp-json\/wp\/v2\/posts\/90790","targetHints":{"allow":["GET"]}}],"collection":[{"href":"https:\/\/jorgezanoni.com.br\/2019\/wp-json\/wp\/v2\/posts"}],"about":[{"href":"https:\/\/jorgezanoni.com.br\/2019\/wp-json\/wp\/v2\/types\/post"}],"author":[{"embeddable":true,"href":"https:\/\/jorgezanoni.com.br\/2019\/wp-json\/wp\/v2\/users\/1"}],"replies":[{"embeddable":true,"href":"https:\/\/jorgezanoni.com.br\/2019\/wp-json\/wp\/v2\/comments?post=90790"}],"version-history":[{"count":1,"href":"https:\/\/jorgezanoni.com.br\/2019\/wp-json\/wp\/v2\/posts\/90790\/revisions"}],"predecessor-version":[{"id":90795,"href":"https:\/\/jorgezanoni.com.br\/2019\/wp-json\/wp\/v2\/posts\/90790\/revisions\/90795"}],"wp:featuredmedia":[{"embeddable":true,"href":"https:\/\/jorgezanoni.com.br\/2019\/wp-json\/wp\/v2\/media\/90792"}],"wp:attachment":[{"href":"https:\/\/jorgezanoni.com.br\/2019\/wp-json\/wp\/v2\/media?parent=90790"}],"wp:term":[{"taxonomy":"category","embeddable":true,"href":"https:\/\/jorgezanoni.com.br\/2019\/wp-json\/wp\/v2\/categories?post=90790"},{"taxonomy":"post_tag","embeddable":true,"href":"https:\/\/jorgezanoni.com.br\/2019\/wp-json\/wp\/v2\/tags?post=90790"}],"curies":[{"name":"wp","href":"https:\/\/api.w.org\/{rel}","templated":true}]}}