{"id":90652,"date":"2024-11-10T14:40:39","date_gmt":"2024-11-10T14:40:39","guid":{"rendered":"https:\/\/jorgezanoni.com.br\/2019\/?p=90652"},"modified":"2024-11-10T14:40:39","modified_gmt":"2024-11-10T14:40:39","slug":"policia-militar-prende-casal-por-extorsao-mediante-sequestro-carcere-privado-e-trafico-de-drogas-em-dracena","status":"publish","type":"post","link":"https:\/\/jorgezanoni.com.br\/2019\/policia-militar-prende-casal-por-extorsao-mediante-sequestro-carcere-privado-e-trafico-de-drogas-em-dracena\/","title":{"rendered":"Pol\u00edcia Militar prende casal por extors\u00e3o mediante sequestro, c\u00e1rcere privado e tr\u00e1fico de Drogas em Dracena"},"content":{"rendered":"<p style=\"text-align: justify;\">POL\u00cdCIA MILITAR EM DRACENA EM A\u00c7\u00c3O DE FOR\u00c7A T\u00c1TICA PRENDE CASAL POR EXTORS\u00c3O MEDIANTE SEQUESTRO, C\u00c1RCERE PRIVADO E TR\u00c1FICO DE DROGAS.<\/p>\n<p style=\"text-align: justify;\">Na noite de ontem (9) por volta das 19h30min policiais militares da Companhia de For\u00e7a T\u00e1tica do 25\u00ba BPMI receberam via r\u00e1dio ocorr\u00eancia pela cidade de Dracena, onde indiv\u00edduos (um casal homem 32 anos e mulher 30 anos) em atitude suspeita estavam por uma fazenda. Rapidamente a equipe se deslocou ao referido local e deparou com o casal descendo de uma motocicleta coagindo o genitor da v\u00edtima. Foi realizada abordagem no casal e nada de il\u00edcito fora encontrado, e em conversa com os indiv\u00edduos foi realmente constatado que aquele casal que se encontrava coagindo a testemunha\/genitor, estariam pelo local na tentativa de estorquir mediante amea\u00e7a \u00e0quela fam\u00edlia com a inten\u00e7\u00e3o de adquirir recurso financeiro. V\u00edtima (homem 35 anos) relatou que tem problemas relacionados \u00e0 droga e que compra a droga com o indiciado em quest\u00e3o, e que no dia 28 de outubro, quando foi comprar droga, o indiv\u00edduo cujo foi indiciado, o pegou a for\u00e7a e o trancou em um pequeno quarto que fica no fundo da resid\u00eancia, n\u00e3o o deixando sair daquele c\u00f4modo, o alimentando apenas com p\u00e3o e \u00e1gua. Relatou que durante a semana, este indiciado, o obrigou a realizar compras e retirar dinheiro em um banco e retornaram para a casa, de onde a v\u00edtima conseguiu fugir do c\u00e1rcere dias ap\u00f3s por\u00e9m seus documentos e cart\u00f5es de cr\u00e9ditos ficaram retidos na casa pelo indiciado, e que elaborou boletim de ocorr\u00eancia do fato em uma Delegacia de Dracena.<br \/>\nDiante dos fatos, a equipe deslocou at\u00e9 a resid\u00eancia do casal sendo localizado as drogas, sendo uma pedra bruta de crack de aproximadamente 24 (vinte e quatro) gramas escondida dentro de um saco de arroz, 04 (quatro) inv\u00f3lucros de coca\u00edna, totalizando 03 (tres) gramas, prontos para a venda que estavam no quarto do casal, balan\u00e7a de precis\u00e3o e apetrechos para embalagem da droga, bem como informou onde estava a carteira da v\u00edtima, contendo em seu interior os documentos e cart\u00f5es de cr\u00e9dito. Partes e objetos conduzidos at\u00e9 o Plant\u00e3o de Pol\u00edcia permanecendo ambos a disposi\u00e7\u00e3o da Justi\u00e7a.<\/p>\n<p>Fonte: Com. Social Pol\u00edcia Militar<\/p>\n","protected":false},"excerpt":{"rendered":"<p>POL\u00cdCIA MILITAR EM DRACENA EM A\u00c7\u00c3O DE FOR\u00c7A T\u00c1TICA PRENDE CASAL POR EXTORS\u00c3O MEDIANTE SEQUESTRO, C\u00c1RCERE PRIVADO E TR\u00c1FICO DE DROGAS. Na noite de ontem (9) por volta das 19h30min policiais militares da Companhia de For\u00e7a T\u00e1tica do 25\u00ba BPMI receberam via r\u00e1dio ocorr\u00eancia pela cidade de Dracena, onde indiv\u00edduos (um casal homem 32 anos [&hellip;]<\/p>\n","protected":false},"author":1,"featured_media":90653,"comment_status":"closed","ping_status":"open","sticky":false,"template":"","format":"standard","meta":{"footnotes":""},"categories":[110,2],"tags":[],"class_list":["post-90652","post","type-post","status-publish","format-standard","has-post-thumbnail","hentry","category-noticiasdestaque","category-policial"],"_links":{"self":[{"href":"https:\/\/jorgezanoni.com.br\/2019\/wp-json\/wp\/v2\/posts\/90652","targetHints":{"allow":["GET"]}}],"collection":[{"href":"https:\/\/jorgezanoni.com.br\/2019\/wp-json\/wp\/v2\/posts"}],"about":[{"href":"https:\/\/jorgezanoni.com.br\/2019\/wp-json\/wp\/v2\/types\/post"}],"author":[{"embeddable":true,"href":"https:\/\/jorgezanoni.com.br\/2019\/wp-json\/wp\/v2\/users\/1"}],"replies":[{"embeddable":true,"href":"https:\/\/jorgezanoni.com.br\/2019\/wp-json\/wp\/v2\/comments?post=90652"}],"version-history":[{"count":1,"href":"https:\/\/jorgezanoni.com.br\/2019\/wp-json\/wp\/v2\/posts\/90652\/revisions"}],"predecessor-version":[{"id":90654,"href":"https:\/\/jorgezanoni.com.br\/2019\/wp-json\/wp\/v2\/posts\/90652\/revisions\/90654"}],"wp:featuredmedia":[{"embeddable":true,"href":"https:\/\/jorgezanoni.com.br\/2019\/wp-json\/wp\/v2\/media\/90653"}],"wp:attachment":[{"href":"https:\/\/jorgezanoni.com.br\/2019\/wp-json\/wp\/v2\/media?parent=90652"}],"wp:term":[{"taxonomy":"category","embeddable":true,"href":"https:\/\/jorgezanoni.com.br\/2019\/wp-json\/wp\/v2\/categories?post=90652"},{"taxonomy":"post_tag","embeddable":true,"href":"https:\/\/jorgezanoni.com.br\/2019\/wp-json\/wp\/v2\/tags?post=90652"}],"curies":[{"name":"wp","href":"https:\/\/api.w.org\/{rel}","templated":true}]}}