{"id":9061,"date":"2019-10-17T21:50:15","date_gmt":"2019-10-17T21:50:15","guid":{"rendered":"https:\/\/jorgezanoni.com.br\/2019\/?p=9061"},"modified":"2019-10-17T21:50:15","modified_gmt":"2019-10-17T21:50:15","slug":"governador-faz-visita-oficial-na-noite-de-hoje-ao-rotary-club-de-dracena-imperial","status":"publish","type":"post","link":"https:\/\/jorgezanoni.com.br\/2019\/governador-faz-visita-oficial-na-noite-de-hoje-ao-rotary-club-de-dracena-imperial\/","title":{"rendered":"Governador faz visita oficial na noite de hoje ao Rotary Club de Dracena Imperial"},"content":{"rendered":"<p style=\"text-align: justify;\"><strong>Na noite desta quinta-feira (17), o Presidente do Rotary Club de Dracena Imperial, presidido por Paulo Rog\u00e9rio Zimiani Garcia, recebe a visita do Governador do Distr\u00edto 4510.<\/strong><\/p>\n<p style=\"text-align: justify;\">O Distrito 4510 do Rotary International, localizado na regi\u00e3o centro-oeste do interior do Estado de S\u00e3o Paulo, tem como Governador desde in\u00edcio do m\u00eas de julho, o associado\u00a0 Marcos Ant\u00f4nio Carchedi, pertencente ao Rotary Club de Mar\u00edlia-Tradi\u00e7\u00e3o desde a sua funda\u00e7\u00e3o em 2007.<\/p>\n<p><img loading=\"lazy\" decoding=\"async\" class=\"alignnone size-full wp-image-9062\" src=\"https:\/\/jorgezanoni.com.br\/2019\/wp-content\/uploads\/2019\/10\/Carchedi-010719.jpg\" alt=\"\" width=\"4160\" height=\"2340\" srcset=\"https:\/\/jorgezanoni.com.br\/2019\/wp-content\/uploads\/2019\/10\/Carchedi-010719.jpg 4160w, https:\/\/jorgezanoni.com.br\/2019\/wp-content\/uploads\/2019\/10\/Carchedi-010719-300x169.jpg 300w, https:\/\/jorgezanoni.com.br\/2019\/wp-content\/uploads\/2019\/10\/Carchedi-010719-768x432.jpg 768w, https:\/\/jorgezanoni.com.br\/2019\/wp-content\/uploads\/2019\/10\/Carchedi-010719-1024x576.jpg 1024w, https:\/\/jorgezanoni.com.br\/2019\/wp-content\/uploads\/2019\/10\/Carchedi-010719-696x392.jpg 696w, https:\/\/jorgezanoni.com.br\/2019\/wp-content\/uploads\/2019\/10\/Carchedi-010719-1068x601.jpg 1068w, https:\/\/jorgezanoni.com.br\/2019\/wp-content\/uploads\/2019\/10\/Carchedi-010719-747x420.jpg 747w\" sizes=\"auto, (max-width: 4160px) 100vw, 4160px\" \/><\/p>\n<p style=\"text-align: justify;\">O per\u00edodo da gest\u00e3o 2019-20 \u00e9 de 12 meses, come\u00e7ando no m\u00eas de julho deste ano, at\u00e9 o m\u00eas de junho do ano que vem. Isso acontece tamb\u00e9m com os 67 clubes da regi\u00e3o centro-oeste paulista existentes nos 38 munic\u00edpios interioranos.<\/p>\n<p style=\"text-align: justify;\">O lema da Gest\u00e3o 2019-20 \u00e9: \u201cO Rotary conecta o Mundo\u201d, lan\u00e7ado atrav\u00e9s do presidente do Rotary International, Mark Daniel Malone, que tamb\u00e9m iniciou a gest\u00e3o no m\u00eas de julho.<\/p>\n<p style=\"text-align: justify;\">Marcos Ant\u00f4nio Carchedi \u00e9 natural de S\u00e3o Paulo, est\u00e1 com 66 anos de idade, graduado pela Academia Militar do Barro Branco e tamb\u00e9m na \u00e1rea de Educa\u00e7\u00e3o F\u00edsica, tem mestrado e doutorado em Ci\u00eancias de Seguran\u00e7a e Ordem P\u00fablica. \u00c9 Tenente-Coronel da Pol\u00edcia Militar do Estado de S\u00e3o Paulo do Corpo de Bombeiros.<\/p>\n<p style=\"text-align: justify;\">Esteve como presidente do clube de Marilia e Governador Assistente, ocupando alguns cargos na governadoria distrital, at\u00e9 assumir a gest\u00e3o do distrito neste m\u00eas de julho.<\/p>\n<p style=\"text-align: justify;\">Passou por treinamento em Fortaleza (CE) e em San Diego (EUA), bem como promoveu instru\u00e7\u00e3o para a Equipe Distrital, Presidentes de Clube e coordenadores de comiss\u00e3o de trabalho nos clubes. \u201cForam dois anos de planejamento, que est\u00e3o sendo colocados em pr\u00e1tica nos pr\u00f3ximos 12 meses\u201d.<\/p>\n<p style=\"text-align: justify;\">A partir do m\u00eas de julho o novo dirigente rot\u00e1rio come\u00e7ou a realizar as visitas oficiais aos clubes sendo: 12 visitas em julho, outras 15 em agosto, mais 15 visitas em setembro, outras 15 visitas em outubro e mais 10 delas em novembro. \u201cOptei por come\u00e7ar mais cedo e terminar mais cedo este compromisso importante no primeiro semestre rot\u00e1rio\u201d, disse Marcos Ant\u00f4nio Carchedi que divulgou o calend\u00e1rio de visitas oficiais com anteced\u00eancia.<\/p>\n<p style=\"text-align: justify;\">\u201cMesmo assim pode acontecer mudan\u00e7as\u201d, acredita o dirigente rot\u00e1rio regional que organizar\u00e1 quatro semin\u00e1rios distritais nas cidades de: Mar\u00edlia, Presidente Prudente e Assis; a Reuni\u00e3o dos Governadores do Estado de S\u00e3o Paulo (Regoesp) no m\u00eas de fevereiro de 2020, em Mar\u00edlia e uma confer\u00eancia distrital no m\u00eas de maio na cidade de \u00c1guas de S\u00e3o Pedro. \u201cAinda existem os eventos voltados para os programas da juventude\u201d, lembrou o dirigente.<\/p>\n<p style=\"text-align: justify;\">O Governador do ano rot\u00e1rio 2019\/20 que visita oficialmente o Rotary Club de Dracena Imperial, est\u00e1 acompanhado da esposa Regina.<\/p>\n<p style=\"text-align: justify;\">Compilado do Site do Distrito 4510<\/p>\n<p style=\"text-align: justify;\">\n<p style=\"text-align: justify;\">\n","protected":false},"excerpt":{"rendered":"<p>Na noite desta quinta-feira (17), o Presidente do Rotary Club de Dracena Imperial, presidido por Paulo Rog\u00e9rio Zimiani Garcia, recebe a visita do Governador do Distr\u00edto 4510. O Distrito 4510 do Rotary International, localizado na regi\u00e3o centro-oeste do interior do Estado de S\u00e3o Paulo, tem como Governador desde in\u00edcio do m\u00eas de julho, o associado\u00a0 [&hellip;]<\/p>\n","protected":false},"author":1,"featured_media":9063,"comment_status":"closed","ping_status":"open","sticky":false,"template":"","format":"standard","meta":{"footnotes":""},"categories":[114,110],"tags":[],"class_list":["post-9061","post","type-post","status-publish","format-standard","has-post-thumbnail","hentry","category-geralecomercio","category-noticiasdestaque"],"_links":{"self":[{"href":"https:\/\/jorgezanoni.com.br\/2019\/wp-json\/wp\/v2\/posts\/9061","targetHints":{"allow":["GET"]}}],"collection":[{"href":"https:\/\/jorgezanoni.com.br\/2019\/wp-json\/wp\/v2\/posts"}],"about":[{"href":"https:\/\/jorgezanoni.com.br\/2019\/wp-json\/wp\/v2\/types\/post"}],"author":[{"embeddable":true,"href":"https:\/\/jorgezanoni.com.br\/2019\/wp-json\/wp\/v2\/users\/1"}],"replies":[{"embeddable":true,"href":"https:\/\/jorgezanoni.com.br\/2019\/wp-json\/wp\/v2\/comments?post=9061"}],"version-history":[{"count":0,"href":"https:\/\/jorgezanoni.com.br\/2019\/wp-json\/wp\/v2\/posts\/9061\/revisions"}],"wp:featuredmedia":[{"embeddable":true,"href":"https:\/\/jorgezanoni.com.br\/2019\/wp-json\/wp\/v2\/media\/9063"}],"wp:attachment":[{"href":"https:\/\/jorgezanoni.com.br\/2019\/wp-json\/wp\/v2\/media?parent=9061"}],"wp:term":[{"taxonomy":"category","embeddable":true,"href":"https:\/\/jorgezanoni.com.br\/2019\/wp-json\/wp\/v2\/categories?post=9061"},{"taxonomy":"post_tag","embeddable":true,"href":"https:\/\/jorgezanoni.com.br\/2019\/wp-json\/wp\/v2\/tags?post=9061"}],"curies":[{"name":"wp","href":"https:\/\/api.w.org\/{rel}","templated":true}]}}