{"id":90561,"date":"2024-11-05T21:28:38","date_gmt":"2024-11-05T21:28:38","guid":{"rendered":"https:\/\/jorgezanoni.com.br\/2019\/?p=90561"},"modified":"2024-11-05T21:28:38","modified_gmt":"2024-11-05T21:28:38","slug":"sicredi-centro-oeste-paulista-reinaugura-agencia-em-marilia-com-espaco-ampliado-e-moderno","status":"publish","type":"post","link":"https:\/\/jorgezanoni.com.br\/2019\/sicredi-centro-oeste-paulista-reinaugura-agencia-em-marilia-com-espaco-ampliado-e-moderno\/","title":{"rendered":"Sicredi Centro Oeste Paulista reinaugura ag\u00eancia em Mar\u00edlia com espa\u00e7o ampliado e moderno"},"content":{"rendered":"<p class=\"v1MsoNormal\" style=\"text-align: justify;\" align=\"center\"><strong><i>24 anos ap\u00f3s funda\u00e7\u00e3o, cooperativa amplia ag\u00eancia para 1.183 m\u00b2, com estacionamento exclusivo e novas instala\u00e7\u00f5es para melhor atender associados.<\/i><\/strong><\/p>\n<p class=\"v1MsoNormal\" style=\"text-align: justify;\">A Sicredi Centro Oeste Paulista reinaugurou, nesta segunda-feira (4\/11), a ag\u00eancia Rio Branco em Mar\u00edlia (SP), o primeiro ponto de atendimento, onde a cooperativa foi fundada h\u00e1 24 anos. Com o objetivo de atender \u00e0 crescente demanda e oferecer um ambiente moderno e acolhedor para seus associados, a cooperativa expandiu suas instala\u00e7\u00f5es, que agora ocupam uma \u00e1rea total de 1.183 metros quadrados.<\/p>\n<p class=\"v1MsoNormal\" style=\"text-align: justify;\">No mesmo espa\u00e7o, funciona tamb\u00e9m a Sede da cooperativa, um ponto estrat\u00e9gico para a atua\u00e7\u00e3o, onde o Presidente do Conselho de Administra\u00e7\u00e3o se re\u00fane com os conselheiros, diretores, associados e comunidade. A nova estrutura inclui um estacionamento exclusivo com 12 vagas, proporcionando mais conforto e conveni\u00eancia aos associados.<\/p>\n<p class=\"v1MsoNormal\" style=\"text-align: justify;\">Para o presidente da Sicredi Centro Oeste Paulista, Dr. Jo\u00e3o Alberto Salvi, a reinaugura\u00e7\u00e3o da ag\u00eancia representa mais que uma amplia\u00e7\u00e3o f\u00edsica: \u00e9 um marco na hist\u00f3ria da cooperativa e um reflexo do compromisso do Sicredi com o desenvolvimento da comunidade. &#8220;H\u00e1 24 anos, foi aqui em Mar\u00edlia que demos os primeiros passos com habilidade, dedica\u00e7\u00e3o e esp\u00edrito cooperativista. Hoje, estamos entregando \u00e0 comunidade uma ag\u00eancia moderna e funcional, que traduz o nosso respeito e o nosso desejo de continuar crescendo junto com cada associado&#8221;, destacou Salvi.<\/p>\n<p class=\"v1MsoNormal\" style=\"text-align: justify;\">A cerim\u00f4nia de reinaugura\u00e7\u00e3o contou com a presen\u00e7a de diversas autoridades locais, entre elas o prefeito de Mar\u00edlia, Daniel Alonso, al\u00e9m de representantes da Associa\u00e7\u00e3o Comercial, da Unimed e S\u00f3cios Fundadores da cooperativa. Todos prestigiaram o evento e refor\u00e7aram a import\u00e2ncia do cooperativismo para o desenvolvimento regional, celebrando, ao lado dos associados e do Sicredi, esse novo cap\u00edtulo na hist\u00f3ria do cooperativismo de cr\u00e9dito em Mar\u00edlia.<\/p>\n<p class=\"v1MsoNormal\" style=\"text-align: justify;\">Colaboradores da Ag\u00eancia e o Presidente da Central Sicredi PR\/SP\/RJ, Manfred Alfonso Dasenbrock, juntamente com diretores, tamb\u00e9m estiveram presentes, enriquecendo ainda mais o evento. Antes da cerim\u00f4nia de inaugura\u00e7\u00e3o, a cooperativa recebeu a imprensa para uma coletiva na mais nova sala do Conselho, onde acontecem reuni\u00f5es estrat\u00e9gicas que definem os rumos da cooperativa.<\/p>\n<p class=\"v1MsoNormal\" style=\"text-align: justify;\">&#8220;O Conselho de Administra\u00e7\u00e3o, bem como o Conselho Fiscal, s\u00e3o estruturas muito importantes. Aqui, tomamos decis\u00f5es, ouvimos associados, prestamos contas e nos relacionamos com a comunidade. Essa proximidade entre todos \u00e9 fundamental para o sucesso&#8221;, finaliza Jo\u00e3o Salvi, presidente da Sicredi Centro Oeste Paulista.<\/p>\n<p class=\"v1MsoNormal\" style=\"text-align: justify;\"><b><i>Sobre o Sicredi<\/i><\/b><i><\/i><\/p>\n<p class=\"v1MsoNormal\" style=\"text-align: justify;\"><i>O Sicredi \u00e9 uma institui\u00e7\u00e3o financeira cooperativa comprometida com o crescimento de seus associados e com o desenvolvimento das regi\u00f5es onde atua. Possui um modelo de gest\u00e3o que valoriza a participa\u00e7\u00e3o dos mais de 8,5 milh\u00f5es de associados, que exercem o papel de donos do neg\u00f3cio. Com mais de 2.800 ag\u00eancias, o Sicredi est\u00e1 presente fisicamente em todos os estados brasileiros e no Distrito Federal, disponibilizando uma gama completa de solu\u00e7\u00f5es financeiras e n\u00e3o financeiras.<\/i><\/p>\n<p class=\"v1MsoNormal\"><b><i>Site do Sicredi:\u00a0<a href=\"http:\/\/www.sicredi.com.br\/\" target=\"_blank\" rel=\"noopener noreferrer\">www.sicredi.com.br<\/a><\/i><\/b><\/p>\n<p class=\"v1MsoNormal\"><b><i>Redes Sociais:\u00a0<\/i><\/b><em><b><u><span lang=\"EN-US\"><a href=\"http:\/\/www.facebook.com\/sicredicentrooestepaulista\" target=\"_blank\" rel=\"noopener noreferrer\"><i><span lang=\"PT-BR\">Facebook<\/span><\/i><\/a><\/span><\/u><\/b><\/em><em>\u00a0|<\/em>\u00a0<em><b><u><span lang=\"EN-US\"><a href=\"https:\/\/www.linkedin.com\/company\/sicredi-centro-oeste-paulista\/\" target=\"_blank\" rel=\"noopener noreferrer\"><i><span lang=\"PT-BR\">LinkedIn<\/span><\/i><\/a><\/span><\/u><\/b><\/em><em>\u00a0|<\/em>\u00a0<em><b><u><span lang=\"EN-US\"><a href=\"http:\/\/www.youtube.com\/sicredicentrooestepaulista\" target=\"_blank\" rel=\"noopener noreferrer\"><i><span lang=\"PT-BR\">YouTube<\/span><\/i><\/a><\/span><\/u><\/b><\/em><span lang=\"EN-US\">\u00a0<\/span><em>|\u00a0<\/em><em><b><u><span lang=\"EN-US\"><a href=\"http:\/\/www.instagram.com\/sicredicentrooestepaulista\" target=\"_blank\" rel=\"noopener noreferrer\"><i><span lang=\"PT-BR\">Instagram<\/span><\/i><\/a><\/span><\/u><\/b><\/em><\/p>\n<p><img loading=\"lazy\" decoding=\"async\" class=\"alignnone size-full wp-image-90563\" src=\"https:\/\/jorgezanoni.com.br\/2019\/wp-content\/uploads\/2024\/11\/si-1.jpeg\" alt=\"\" width=\"1599\" height=\"1066\" srcset=\"https:\/\/jorgezanoni.com.br\/2019\/wp-content\/uploads\/2024\/11\/si-1.jpeg 1599w, https:\/\/jorgezanoni.com.br\/2019\/wp-content\/uploads\/2024\/11\/si-1-300x200.jpeg 300w, https:\/\/jorgezanoni.com.br\/2019\/wp-content\/uploads\/2024\/11\/si-1-1024x683.jpeg 1024w, https:\/\/jorgezanoni.com.br\/2019\/wp-content\/uploads\/2024\/11\/si-1-768x512.jpeg 768w, https:\/\/jorgezanoni.com.br\/2019\/wp-content\/uploads\/2024\/11\/si-1-1536x1024.jpeg 1536w, https:\/\/jorgezanoni.com.br\/2019\/wp-content\/uploads\/2024\/11\/si-1-696x464.jpeg 696w, https:\/\/jorgezanoni.com.br\/2019\/wp-content\/uploads\/2024\/11\/si-1-1068x712.jpeg 1068w, https:\/\/jorgezanoni.com.br\/2019\/wp-content\/uploads\/2024\/11\/si-1-630x420.jpeg 630w\" sizes=\"auto, (max-width: 1599px) 100vw, 1599px\" \/> <img loading=\"lazy\" decoding=\"async\" class=\"alignnone size-full wp-image-90564\" src=\"https:\/\/jorgezanoni.com.br\/2019\/wp-content\/uploads\/2024\/11\/si1-Pequeno.jpeg\" alt=\"\" width=\"720\" height=\"480\" srcset=\"https:\/\/jorgezanoni.com.br\/2019\/wp-content\/uploads\/2024\/11\/si1-Pequeno.jpeg 720w, https:\/\/jorgezanoni.com.br\/2019\/wp-content\/uploads\/2024\/11\/si1-Pequeno-300x200.jpeg 300w, https:\/\/jorgezanoni.com.br\/2019\/wp-content\/uploads\/2024\/11\/si1-Pequeno-696x464.jpeg 696w, https:\/\/jorgezanoni.com.br\/2019\/wp-content\/uploads\/2024\/11\/si1-Pequeno-630x420.jpeg 630w\" sizes=\"auto, (max-width: 720px) 100vw, 720px\" \/> <img loading=\"lazy\" decoding=\"async\" class=\"alignnone size-full wp-image-90565\" src=\"https:\/\/jorgezanoni.com.br\/2019\/wp-content\/uploads\/2024\/11\/SI2-Pequeno.jpeg\" alt=\"\" width=\"720\" height=\"480\" srcset=\"https:\/\/jorgezanoni.com.br\/2019\/wp-content\/uploads\/2024\/11\/SI2-Pequeno.jpeg 720w, https:\/\/jorgezanoni.com.br\/2019\/wp-content\/uploads\/2024\/11\/SI2-Pequeno-300x200.jpeg 300w, https:\/\/jorgezanoni.com.br\/2019\/wp-content\/uploads\/2024\/11\/SI2-Pequeno-696x464.jpeg 696w, https:\/\/jorgezanoni.com.br\/2019\/wp-content\/uploads\/2024\/11\/SI2-Pequeno-630x420.jpeg 630w\" sizes=\"auto, (max-width: 720px) 100vw, 720px\" \/> <img loading=\"lazy\" decoding=\"async\" class=\"alignnone size-full wp-image-90566\" src=\"https:\/\/jorgezanoni.com.br\/2019\/wp-content\/uploads\/2024\/11\/si3-Pequeno.jpeg\" alt=\"\" width=\"720\" height=\"480\" srcset=\"https:\/\/jorgezanoni.com.br\/2019\/wp-content\/uploads\/2024\/11\/si3-Pequeno.jpeg 720w, https:\/\/jorgezanoni.com.br\/2019\/wp-content\/uploads\/2024\/11\/si3-Pequeno-300x200.jpeg 300w, https:\/\/jorgezanoni.com.br\/2019\/wp-content\/uploads\/2024\/11\/si3-Pequeno-696x464.jpeg 696w, https:\/\/jorgezanoni.com.br\/2019\/wp-content\/uploads\/2024\/11\/si3-Pequeno-630x420.jpeg 630w\" sizes=\"auto, (max-width: 720px) 100vw, 720px\" \/> <img loading=\"lazy\" decoding=\"async\" class=\"alignnone size-full wp-image-90567\" src=\"https:\/\/jorgezanoni.com.br\/2019\/wp-content\/uploads\/2024\/11\/si4-Pequeno.jpeg\" alt=\"\" width=\"720\" height=\"480\" srcset=\"https:\/\/jorgezanoni.com.br\/2019\/wp-content\/uploads\/2024\/11\/si4-Pequeno.jpeg 720w, https:\/\/jorgezanoni.com.br\/2019\/wp-content\/uploads\/2024\/11\/si4-Pequeno-300x200.jpeg 300w, https:\/\/jorgezanoni.com.br\/2019\/wp-content\/uploads\/2024\/11\/si4-Pequeno-696x464.jpeg 696w, https:\/\/jorgezanoni.com.br\/2019\/wp-content\/uploads\/2024\/11\/si4-Pequeno-630x420.jpeg 630w\" sizes=\"auto, (max-width: 720px) 100vw, 720px\" \/><\/p>\n<p class=\"v1MsoNormal\">Fonte: Comunica\u00e7\u00e3o e Marketing<\/p>\n","protected":false},"excerpt":{"rendered":"<p>24 anos ap\u00f3s funda\u00e7\u00e3o, cooperativa amplia ag\u00eancia para 1.183 m\u00b2, com estacionamento exclusivo e novas instala\u00e7\u00f5es para melhor atender associados. A Sicredi Centro Oeste Paulista reinaugurou, nesta segunda-feira (4\/11), a ag\u00eancia Rio Branco em Mar\u00edlia (SP), o primeiro ponto de atendimento, onde a cooperativa foi fundada h\u00e1 24 anos. Com o objetivo de atender \u00e0 [&hellip;]<\/p>\n","protected":false},"author":1,"featured_media":90568,"comment_status":"closed","ping_status":"open","sticky":false,"template":"","format":"standard","meta":{"footnotes":""},"categories":[110,116],"tags":[],"class_list":["post-90561","post","type-post","status-publish","format-standard","has-post-thumbnail","hentry","category-noticiasdestaque","category-politicaeeconomia"],"_links":{"self":[{"href":"https:\/\/jorgezanoni.com.br\/2019\/wp-json\/wp\/v2\/posts\/90561","targetHints":{"allow":["GET"]}}],"collection":[{"href":"https:\/\/jorgezanoni.com.br\/2019\/wp-json\/wp\/v2\/posts"}],"about":[{"href":"https:\/\/jorgezanoni.com.br\/2019\/wp-json\/wp\/v2\/types\/post"}],"author":[{"embeddable":true,"href":"https:\/\/jorgezanoni.com.br\/2019\/wp-json\/wp\/v2\/users\/1"}],"replies":[{"embeddable":true,"href":"https:\/\/jorgezanoni.com.br\/2019\/wp-json\/wp\/v2\/comments?post=90561"}],"version-history":[{"count":1,"href":"https:\/\/jorgezanoni.com.br\/2019\/wp-json\/wp\/v2\/posts\/90561\/revisions"}],"predecessor-version":[{"id":90569,"href":"https:\/\/jorgezanoni.com.br\/2019\/wp-json\/wp\/v2\/posts\/90561\/revisions\/90569"}],"wp:featuredmedia":[{"embeddable":true,"href":"https:\/\/jorgezanoni.com.br\/2019\/wp-json\/wp\/v2\/media\/90568"}],"wp:attachment":[{"href":"https:\/\/jorgezanoni.com.br\/2019\/wp-json\/wp\/v2\/media?parent=90561"}],"wp:term":[{"taxonomy":"category","embeddable":true,"href":"https:\/\/jorgezanoni.com.br\/2019\/wp-json\/wp\/v2\/categories?post=90561"},{"taxonomy":"post_tag","embeddable":true,"href":"https:\/\/jorgezanoni.com.br\/2019\/wp-json\/wp\/v2\/tags?post=90561"}],"curies":[{"name":"wp","href":"https:\/\/api.w.org\/{rel}","templated":true}]}}