{"id":9054,"date":"2019-10-17T17:46:12","date_gmt":"2019-10-17T17:46:12","guid":{"rendered":"https:\/\/jorgezanoni.com.br\/2019\/?p=9054"},"modified":"2019-10-17T17:46:12","modified_gmt":"2019-10-17T17:46:12","slug":"trabalhadores-de-usina-sucroalcooleira-encontram-filhote-de-jaguatirica-em-meio-a-canavial-em-junqueiropolis","status":"publish","type":"post","link":"https:\/\/jorgezanoni.com.br\/2019\/trabalhadores-de-usina-sucroalcooleira-encontram-filhote-de-jaguatirica-em-meio-a-canavial-em-junqueiropolis\/","title":{"rendered":"Trabalhadores de usina sucroalcooleira encontram filhote de jaguatirica em meio a canavial em Junqueir\u00f3polis"},"content":{"rendered":"<h2 class=\"content-head__subtitle\" style=\"text-align: justify;\"><strong>F\u00eamea, que apresentou o peso de 240 gramas, foi resgatada pela Pol\u00edcia Militar Ambiental e levada a uma cl\u00ednica veterin\u00e1ria particular na cidade vizinha de Dracena.<\/strong><\/h2>\n<div class=\"mc-column content-text active-extra-styles \" data-block-type=\"unstyled\" data-block-weight=\"25\" data-block-id=\"2\">\n<p class=\"content-text__container \" style=\"text-align: justify;\" data-track-category=\"Link no Texto\" data-track-links=\"\">A Pol\u00edcia Militar Ambiental resgatou na manh\u00e3 desta quinta-feira (17) um filhote de jaguatirica que foi encontrado em meio a um canavial em\u00a0<a href=\"https:\/\/g1.globo.com\/sp\/presidente-prudente-regiao\/cidade\/junqueiropolis\/\">Junqueir\u00f3polis (SP)<\/a>.<\/p>\n<\/div>\n<div class=\"wall protected-content\">\n<div class=\"mc-column content-text active-extra-styles \" style=\"text-align: justify;\" data-block-type=\"unstyled\" data-block-weight=\"26\" data-block-id=\"3\">\n<p class=\"content-text__container \" data-track-category=\"Link no Texto\" data-track-links=\"\">A corpora\u00e7\u00e3o foi acionada, por volta das 10h, por trabalhadores de uma usina sucroalcooleira que se depararam com o animal na \u00e1rea de planta\u00e7\u00e3o de cana-de-a\u00e7\u00facar.<\/p>\n<\/div>\n<div class=\"mc-column content-text active-extra-styles \" style=\"text-align: justify;\" data-block-type=\"unstyled\" data-block-weight=\"8\" data-block-id=\"4\">\n<p class=\"content-text__container \" data-track-category=\"Link no Texto\" data-track-links=\"\">A f\u00eamea apresentou o peso de 240 gramas.<\/p>\n<\/div>\n<div class=\"mc-column content-text active-extra-styles \" style=\"text-align: justify;\" data-block-type=\"unstyled\" data-block-weight=\"49\" data-block-id=\"5\">\n<p class=\"content-text__container \" data-track-category=\"Link no Texto\" data-track-links=\"\">Como se trata de um filhote ainda em est\u00e1gio de lacta\u00e7\u00e3o, que estava no local sem a m\u00e3e, os policiais levaram o animal a uma cl\u00ednica veterin\u00e1ria particular na cidade vizinha de\u00a0<a href=\"https:\/\/g1.globo.com\/sp\/presidente-prudente-regiao\/cidade\/dracena\/\">Dracena (SP)<\/a>. No local, a f\u00eamea est\u00e1 sob os cuidados do m\u00e9dico veterin\u00e1rio Colombo Guerra Carvalho J\u00fanior.<\/p>\n<\/div>\n<div class=\"mc-column content-text active-extra-styles \" style=\"text-align: justify;\" data-block-type=\"unstyled\" data-block-weight=\"25\" data-block-id=\"6\">\n<p class=\"content-text__container \" data-track-category=\"Link no Texto\" data-track-links=\"\">Segundo a pol\u00edcia, o filhote ter\u00e1 de ficar sob cuidados humanos em cativeiro por um per\u00edodo de aproximadamente dois meses at\u00e9 ganhar peso e desenvolvimento.<\/p>\n<\/div>\n<div class=\"mc-column content-text active-extra-styles \" style=\"text-align: justify;\" data-block-type=\"unstyled\" data-block-weight=\"21\" data-block-id=\"7\">\n<p class=\"content-text__container \" data-track-category=\"Link no Texto\" data-track-links=\"\">Depois disso, ainda de acordo com a corpora\u00e7\u00e3o, o animal ser\u00e1 solto em\u00a0<em>habitat\u00a0<\/em>natural no Parque Estadual do Rio Aguape\u00ed.<\/p>\n<\/div>\n<div class=\"mc-column content-text active-extra-styles\" style=\"text-align: justify;\" data-block-type=\"raw\" data-block-weight=\"6\" data-block-id=\"8\">\n<ul class=\"content-unordered-list\">\n<li><a href=\"http:\/\/faunaeflora.terradagente.g1.globo.com\/fauna\/mamiferos\/NOT,0,0,1222996,Jaguatirica.aspx\" target=\"_blank\" rel=\"noopener noreferrer\">Saiba mais sobre a esp\u00e9cie jaguatirica<\/a><\/li>\n<\/ul>\n<\/div>\n<div class=\"mc-column content-text active-extra-styles \" style=\"text-align: justify;\" data-block-type=\"unstyled\" data-block-weight=\"25\" data-block-id=\"9\">\n<p class=\"content-text__container \" data-track-category=\"Link no Texto\" data-track-links=\"\">A jaguatirica (<em>Leopardus pardalis<\/em>) \u00e9 um felino carn\u00edvoro que se alimenta de pequenos roedores e mam\u00edferos menores do que a esp\u00e9cie, aves, r\u00e9pteis e peixes.<\/p>\n<\/div>\n<div class=\"mc-column content-text active-extra-styles \" style=\"text-align: justify;\" data-block-type=\"unstyled\" data-block-weight=\"33\" data-block-id=\"10\">\n<p class=\"content-text__container \" data-track-category=\"Link no Texto\" data-track-links=\"\">Segundo a pol\u00edcia, \u00e9 comum o aparecimento desse tipo de esp\u00e9cie nos canaviais, porque se tornam um ref\u00fagio natural, devido \u00e0 restri\u00e7\u00e3o do uso do fogo para a queima da palha da cana-de-a\u00e7\u00facar.<\/p>\n<\/div>\n<div class=\"mc-column content-text active-extra-styles \" style=\"text-align: justify;\" data-block-type=\"unstyled\" data-block-weight=\"42\" data-block-id=\"12\">\n<p class=\"content-text__container \" data-track-category=\"Link no Texto\" data-track-links=\"\">De m\u00e9dio porte,\u00a0<a href=\"http:\/\/faunaeflora.terradagente.g1.globo.com\/fauna\/mamiferos\/NOT,0,0,1222996,Jaguatirica.aspx\" target=\"_blank\" rel=\"noopener noreferrer\">os machos s\u00e3o maiores do que as f\u00eameas, podendo medir um metro, mais a cauda com at\u00e9 40 cent\u00edmetros, pesando entre oito e 15 quilos<\/a>. A jaguatirica tem colora\u00e7\u00e3o vari\u00e1vel, de cinza-amarelado bem p\u00e1lido ou amarelo-claro a um castanho-ocr\u00e1ceo.<\/p>\n<\/div>\n<div class=\"mc-column content-text active-extra-styles \" style=\"text-align: justify;\" data-block-type=\"unstyled\" data-block-weight=\"65\" data-block-id=\"13\">\n<p class=\"content-text__container \" data-track-category=\"Link no Texto\" data-track-links=\"\">As manchas negras tendem a formar rosetas abertas, desenhando tra\u00e7os longitudinais. S\u00e3o animais solit\u00e1rios, de h\u00e1bitos noturnos, e excelentes nadadores e escaladores de \u00e1rvores. O territ\u00f3rio de um macho adulto varia em torno de 18 km\u00b2. Procuram um par somente na \u00e9poca de acasalamento. A gesta\u00e7\u00e3o varia entre 70 e 85 dias, nascendo de um a quatro filhotes com peso de 120 a 340 gramas.<\/p>\n<\/div>\n<div class=\"mc-column content-text active-extra-styles \" data-block-type=\"unstyled\" data-block-weight=\"32\" data-block-id=\"14\">\n<p class=\"content-text__container \" style=\"text-align: justify;\" data-track-category=\"Link no Texto\" data-track-links=\"\">Distribu\u00edda territorialmente entre as Am\u00e9ricas Central, do Norte e do Sul, a esp\u00e9cie tem como\u00a0<em>habitat\u00a0<\/em>ambientes de caatinga, cerrado e pantanal, mas principalmente florestas tropicais e subtropicais (inclusive matas de galeria).<\/p>\n<p style=\"text-align: justify;\" data-track-category=\"Link no Texto\" data-track-links=\"\"><img loading=\"lazy\" decoding=\"async\" class=\"alignnone size-full wp-image-9055\" src=\"https:\/\/jorgezanoni.com.br\/2019\/wp-content\/uploads\/2019\/10\/jaguar1.jpg\" alt=\"\" width=\"1600\" height=\"1200\" srcset=\"https:\/\/jorgezanoni.com.br\/2019\/wp-content\/uploads\/2019\/10\/jaguar1.jpg 1600w, https:\/\/jorgezanoni.com.br\/2019\/wp-content\/uploads\/2019\/10\/jaguar1-300x225.jpg 300w, https:\/\/jorgezanoni.com.br\/2019\/wp-content\/uploads\/2019\/10\/jaguar1-768x576.jpg 768w, https:\/\/jorgezanoni.com.br\/2019\/wp-content\/uploads\/2019\/10\/jaguar1-1024x768.jpg 1024w, https:\/\/jorgezanoni.com.br\/2019\/wp-content\/uploads\/2019\/10\/jaguar1-80x60.jpg 80w, https:\/\/jorgezanoni.com.br\/2019\/wp-content\/uploads\/2019\/10\/jaguar1-265x198.jpg 265w, https:\/\/jorgezanoni.com.br\/2019\/wp-content\/uploads\/2019\/10\/jaguar1-696x522.jpg 696w, https:\/\/jorgezanoni.com.br\/2019\/wp-content\/uploads\/2019\/10\/jaguar1-1068x801.jpg 1068w, https:\/\/jorgezanoni.com.br\/2019\/wp-content\/uploads\/2019\/10\/jaguar1-560x420.jpg 560w\" sizes=\"auto, (max-width: 1600px) 100vw, 1600px\" \/> <img loading=\"lazy\" decoding=\"async\" class=\"alignnone size-full wp-image-9056\" src=\"https:\/\/jorgezanoni.com.br\/2019\/wp-content\/uploads\/2019\/10\/jaguar2.jpg\" alt=\"\" width=\"1600\" height=\"1200\" srcset=\"https:\/\/jorgezanoni.com.br\/2019\/wp-content\/uploads\/2019\/10\/jaguar2.jpg 1600w, https:\/\/jorgezanoni.com.br\/2019\/wp-content\/uploads\/2019\/10\/jaguar2-300x225.jpg 300w, https:\/\/jorgezanoni.com.br\/2019\/wp-content\/uploads\/2019\/10\/jaguar2-768x576.jpg 768w, https:\/\/jorgezanoni.com.br\/2019\/wp-content\/uploads\/2019\/10\/jaguar2-1024x768.jpg 1024w, https:\/\/jorgezanoni.com.br\/2019\/wp-content\/uploads\/2019\/10\/jaguar2-80x60.jpg 80w, https:\/\/jorgezanoni.com.br\/2019\/wp-content\/uploads\/2019\/10\/jaguar2-265x198.jpg 265w, https:\/\/jorgezanoni.com.br\/2019\/wp-content\/uploads\/2019\/10\/jaguar2-696x522.jpg 696w, https:\/\/jorgezanoni.com.br\/2019\/wp-content\/uploads\/2019\/10\/jaguar2-1068x801.jpg 1068w, https:\/\/jorgezanoni.com.br\/2019\/wp-content\/uploads\/2019\/10\/jaguar2-560x420.jpg 560w\" sizes=\"auto, (max-width: 1600px) 100vw, 1600px\" \/> <img loading=\"lazy\" decoding=\"async\" class=\"alignnone size-full wp-image-9057\" src=\"https:\/\/jorgezanoni.com.br\/2019\/wp-content\/uploads\/2019\/10\/jaguar3.jpg\" alt=\"\" width=\"1600\" height=\"1200\" srcset=\"https:\/\/jorgezanoni.com.br\/2019\/wp-content\/uploads\/2019\/10\/jaguar3.jpg 1600w, https:\/\/jorgezanoni.com.br\/2019\/wp-content\/uploads\/2019\/10\/jaguar3-300x225.jpg 300w, https:\/\/jorgezanoni.com.br\/2019\/wp-content\/uploads\/2019\/10\/jaguar3-768x576.jpg 768w, https:\/\/jorgezanoni.com.br\/2019\/wp-content\/uploads\/2019\/10\/jaguar3-1024x768.jpg 1024w, https:\/\/jorgezanoni.com.br\/2019\/wp-content\/uploads\/2019\/10\/jaguar3-80x60.jpg 80w, https:\/\/jorgezanoni.com.br\/2019\/wp-content\/uploads\/2019\/10\/jaguar3-265x198.jpg 265w, https:\/\/jorgezanoni.com.br\/2019\/wp-content\/uploads\/2019\/10\/jaguar3-696x522.jpg 696w, https:\/\/jorgezanoni.com.br\/2019\/wp-content\/uploads\/2019\/10\/jaguar3-1068x801.jpg 1068w, https:\/\/jorgezanoni.com.br\/2019\/wp-content\/uploads\/2019\/10\/jaguar3-560x420.jpg 560w\" sizes=\"auto, (max-width: 1600px) 100vw, 1600px\" \/> <img loading=\"lazy\" decoding=\"async\" class=\"alignnone size-full wp-image-9058\" src=\"https:\/\/jorgezanoni.com.br\/2019\/wp-content\/uploads\/2019\/10\/jaguar4.jpg\" alt=\"\" width=\"1600\" height=\"2133\" srcset=\"https:\/\/jorgezanoni.com.br\/2019\/wp-content\/uploads\/2019\/10\/jaguar4.jpg 1600w, https:\/\/jorgezanoni.com.br\/2019\/wp-content\/uploads\/2019\/10\/jaguar4-225x300.jpg 225w, https:\/\/jorgezanoni.com.br\/2019\/wp-content\/uploads\/2019\/10\/jaguar4-768x1024.jpg 768w, https:\/\/jorgezanoni.com.br\/2019\/wp-content\/uploads\/2019\/10\/jaguar4-696x928.jpg 696w, https:\/\/jorgezanoni.com.br\/2019\/wp-content\/uploads\/2019\/10\/jaguar4-1068x1424.jpg 1068w, https:\/\/jorgezanoni.com.br\/2019\/wp-content\/uploads\/2019\/10\/jaguar4-315x420.jpg 315w\" sizes=\"auto, (max-width: 1600px) 100vw, 1600px\" \/>Jaguatirica foi levada a uma cl\u00ednica veterin\u00e1ria em Dracena \u2014 Foto: Carlos Volpi\/TV Fronteira<\/p>\n<p data-track-category=\"Link no Texto\" data-track-links=\"\">Fonte: G1<\/p>\n<\/div>\n<\/div>\n","protected":false},"excerpt":{"rendered":"<p>F\u00eamea, que apresentou o peso de 240 gramas, foi resgatada pela Pol\u00edcia Militar Ambiental e levada a uma cl\u00ednica veterin\u00e1ria particular na cidade vizinha de Dracena. A Pol\u00edcia Militar Ambiental resgatou na manh\u00e3 desta quinta-feira (17) um filhote de jaguatirica que foi encontrado em meio a um canavial em\u00a0Junqueir\u00f3polis (SP). A corpora\u00e7\u00e3o foi acionada, por [&hellip;]<\/p>\n","protected":false},"author":1,"featured_media":9059,"comment_status":"closed","ping_status":"open","sticky":false,"template":"","format":"standard","meta":{"footnotes":""},"categories":[176,110],"tags":[],"class_list":["post-9054","post","type-post","status-publish","format-standard","has-post-thumbnail","hentry","category-meioambienteeagricultura","category-noticiasdestaque"],"_links":{"self":[{"href":"https:\/\/jorgezanoni.com.br\/2019\/wp-json\/wp\/v2\/posts\/9054","targetHints":{"allow":["GET"]}}],"collection":[{"href":"https:\/\/jorgezanoni.com.br\/2019\/wp-json\/wp\/v2\/posts"}],"about":[{"href":"https:\/\/jorgezanoni.com.br\/2019\/wp-json\/wp\/v2\/types\/post"}],"author":[{"embeddable":true,"href":"https:\/\/jorgezanoni.com.br\/2019\/wp-json\/wp\/v2\/users\/1"}],"replies":[{"embeddable":true,"href":"https:\/\/jorgezanoni.com.br\/2019\/wp-json\/wp\/v2\/comments?post=9054"}],"version-history":[{"count":0,"href":"https:\/\/jorgezanoni.com.br\/2019\/wp-json\/wp\/v2\/posts\/9054\/revisions"}],"wp:featuredmedia":[{"embeddable":true,"href":"https:\/\/jorgezanoni.com.br\/2019\/wp-json\/wp\/v2\/media\/9059"}],"wp:attachment":[{"href":"https:\/\/jorgezanoni.com.br\/2019\/wp-json\/wp\/v2\/media?parent=9054"}],"wp:term":[{"taxonomy":"category","embeddable":true,"href":"https:\/\/jorgezanoni.com.br\/2019\/wp-json\/wp\/v2\/categories?post=9054"},{"taxonomy":"post_tag","embeddable":true,"href":"https:\/\/jorgezanoni.com.br\/2019\/wp-json\/wp\/v2\/tags?post=9054"}],"curies":[{"name":"wp","href":"https:\/\/api.w.org\/{rel}","templated":true}]}}