{"id":90500,"date":"2024-11-02T18:06:40","date_gmt":"2024-11-02T18:06:40","guid":{"rendered":"https:\/\/jorgezanoni.com.br\/2019\/?p=90500"},"modified":"2024-11-02T18:06:40","modified_gmt":"2024-11-02T18:06:40","slug":"policia-civil-prende-tres-homens-procurados-pela-justica-e-apreende-uma-adolescente-na-regiao-de-dracena","status":"publish","type":"post","link":"https:\/\/jorgezanoni.com.br\/2019\/policia-civil-prende-tres-homens-procurados-pela-justica-e-apreende-uma-adolescente-na-regiao-de-dracena\/","title":{"rendered":"Pol\u00edcia Civil prende tr\u00eas homens procurados pela justi\u00e7a e apreende uma adolescente na regi\u00e3o de Dracena"},"content":{"rendered":"<p style=\"text-align: justify;\">A Pol\u00edcia Civil de S\u00e3o Paulo, por interm\u00e9dio das Delegacias de Pol\u00edcia de Tupi Paulista e Paulic\u00e9ia e das Unidades Especializadas &#8211; DIG\/DISE (Delegacia de Investiga\u00e7\u00f5es Gerais e Delegacia de Investiga\u00e7\u00f5es sobre Entorpecentes), realizou nesta sexta-feira (1\u00ba) uma a\u00e7\u00e3o integrada que resultou na pris\u00e3o de tr\u00eas homens procurados pela Justi\u00e7a, al\u00e9m da apreens\u00e3o de uma adolescente infratora. As a\u00e7\u00f5es foram conduzidas nas cidades de Paulic\u00e9ia, Tupi Paulista, Dracena e Panorama.<\/p>\n<p style=\"text-align: justify;\">A primeira pris\u00e3o ocorreu em Paulic\u00e9ia, onde um homem de 52 anos, alvo de mandado de pris\u00e3o preventiva expedido pela 2\u00aa Vara Federal de Ponta Por\u00e3, foi capturado. Ele era investigado por envolvimento em crimes de contrabando. Em Tupi Paulista, outro indiv\u00edduo, de 26 anos, foi detido com base em mandado preventivo expedido pela 2\u00aa Vara Criminal de Ourinhos, sendo acusado de associa\u00e7\u00e3o criminosa e roubo. A terceira pris\u00e3o foi realizada em Dracena pela DIG\/DISE, onde um homem de 32 anos, com condena\u00e7\u00e3o em regime semiaberto por crime de recepta\u00e7\u00e3o de celular, teve seu mandado expedido pelo Juizado Especial Criminal da Comarca de Dracena.<\/p>\n<p style=\"text-align: justify;\">Ap\u00f3s a captura, os detidos foram encaminhados \u00e0s respectivas Delegacias para a formaliza\u00e7\u00e3o dos procedimentos de pol\u00edcia judici\u00e1ria, onde passaram por identifica\u00e7\u00e3o e registro. Em seguida, eles ser\u00e3o submetidos a audi\u00eancias de cust\u00f3dia e transferidos para uma unidade do sistema penitenci\u00e1rio, onde permanecer\u00e3o \u00e0 disposi\u00e7\u00e3o da Justi\u00e7a.<\/p>\n<p style=\"text-align: justify;\">Durante a opera\u00e7\u00e3o, os agentes da Pol\u00edcia Civil tamb\u00e9m apreenderam uma adolescente em Panorama, com ordem de interna\u00e7\u00e3o expedida pelo Juizado da Inf\u00e2ncia e Juventude da Comarca de Panorama. A jovem, cuja idade n\u00e3o foi divulgada, \u00e9 acusada de envolvimento em ato infracional an\u00e1logo ao crime de les\u00e3o corporal. Ap\u00f3s o cumprimento da medida, ela foi encaminhada a uma unidade da Funda\u00e7\u00e3o Casa para o cumprimento da interna\u00e7\u00e3o.<\/p>\n<p style=\"text-align: justify;\">Com essas a\u00e7\u00f5es, a Pol\u00edcia Civil refor\u00e7a seu compromisso com a seguran\u00e7a p\u00fablica e o cumprimento de mandados judiciais, atuando de forma cont\u00ednua no combate \u00e0 criminalidade na regi\u00e3o de Dracena e contribuindo para a manuten\u00e7\u00e3o da ordem e da justi\u00e7a.<\/p>\n<p>Fonte: Com. Social Pol\u00edcia Civil<\/p>\n","protected":false},"excerpt":{"rendered":"<p>A Pol\u00edcia Civil de S\u00e3o Paulo, por interm\u00e9dio das Delegacias de Pol\u00edcia de Tupi Paulista e Paulic\u00e9ia e das Unidades Especializadas &#8211; DIG\/DISE (Delegacia de Investiga\u00e7\u00f5es Gerais e Delegacia de Investiga\u00e7\u00f5es sobre Entorpecentes), realizou nesta sexta-feira (1\u00ba) uma a\u00e7\u00e3o integrada que resultou na pris\u00e3o de tr\u00eas homens procurados pela Justi\u00e7a, al\u00e9m da apreens\u00e3o de uma [&hellip;]<\/p>\n","protected":false},"author":1,"featured_media":90501,"comment_status":"closed","ping_status":"open","sticky":false,"template":"","format":"standard","meta":{"footnotes":""},"categories":[110,2],"tags":[],"class_list":["post-90500","post","type-post","status-publish","format-standard","has-post-thumbnail","hentry","category-noticiasdestaque","category-policial"],"_links":{"self":[{"href":"https:\/\/jorgezanoni.com.br\/2019\/wp-json\/wp\/v2\/posts\/90500","targetHints":{"allow":["GET"]}}],"collection":[{"href":"https:\/\/jorgezanoni.com.br\/2019\/wp-json\/wp\/v2\/posts"}],"about":[{"href":"https:\/\/jorgezanoni.com.br\/2019\/wp-json\/wp\/v2\/types\/post"}],"author":[{"embeddable":true,"href":"https:\/\/jorgezanoni.com.br\/2019\/wp-json\/wp\/v2\/users\/1"}],"replies":[{"embeddable":true,"href":"https:\/\/jorgezanoni.com.br\/2019\/wp-json\/wp\/v2\/comments?post=90500"}],"version-history":[{"count":1,"href":"https:\/\/jorgezanoni.com.br\/2019\/wp-json\/wp\/v2\/posts\/90500\/revisions"}],"predecessor-version":[{"id":90502,"href":"https:\/\/jorgezanoni.com.br\/2019\/wp-json\/wp\/v2\/posts\/90500\/revisions\/90502"}],"wp:featuredmedia":[{"embeddable":true,"href":"https:\/\/jorgezanoni.com.br\/2019\/wp-json\/wp\/v2\/media\/90501"}],"wp:attachment":[{"href":"https:\/\/jorgezanoni.com.br\/2019\/wp-json\/wp\/v2\/media?parent=90500"}],"wp:term":[{"taxonomy":"category","embeddable":true,"href":"https:\/\/jorgezanoni.com.br\/2019\/wp-json\/wp\/v2\/categories?post=90500"},{"taxonomy":"post_tag","embeddable":true,"href":"https:\/\/jorgezanoni.com.br\/2019\/wp-json\/wp\/v2\/tags?post=90500"}],"curies":[{"name":"wp","href":"https:\/\/api.w.org\/{rel}","templated":true}]}}