{"id":90484,"date":"2024-11-01T17:25:31","date_gmt":"2024-11-01T17:25:31","guid":{"rendered":"https:\/\/jorgezanoni.com.br\/2019\/?p=90484"},"modified":"2024-11-01T17:25:31","modified_gmt":"2024-11-01T17:25:31","slug":"dracena-voltara-a-contar-com-base-da-policia-militar-rodoviaria","status":"publish","type":"post","link":"https:\/\/jorgezanoni.com.br\/2019\/dracena-voltara-a-contar-com-base-da-policia-militar-rodoviaria\/","title":{"rendered":"Dracena voltar\u00e1 a contar com base da Pol\u00edcia Militar Rodovi\u00e1ria"},"content":{"rendered":"<p style=\"text-align: justify;\"><strong>Moderno pr\u00e9dio ser\u00e1 constru\u00eddo no Km. 655 sentido Panorama a S\u00e3o Paulo proximidades do Posto de Combust\u00edveis abandonado e da ETEC Carmelina Barbosa.<\/strong><\/p>\n<p style=\"text-align: justify;\">Demos mais um passo na constru\u00e7\u00e3o da nossa t\u00e3o sonhada BASE DA POL\u00cdCIA RODOVI\u00c1RIA DE DRACENA<\/p>\n<p style=\"text-align: justify;\">Na semana passada saiu o Decreto do Governador de SP, declarando a \u00e1rea da futura Base como \u00e1rea de Interesse P\u00fablico.<br \/>\n\u00c9 mais um passo&#8230;\ud83d\ude4f\ud83c\udffd<\/p>\n<p style=\"text-align: justify;\">Desativada desde Setembro de 2013, \u00e9 uma vontade muito antiga de reativarmos.<\/p>\n<p style=\"text-align: justify;\">A futura constru\u00e7\u00e3o estar\u00e1 em uma localiza\u00e7\u00e3o muito mais estrat\u00e9gica, possuindo um projeto moderno para atendimento das demandas atuais para a popula\u00e7\u00e3o, al\u00e9m das a\u00e7\u00f5es de Defesa da vida no tr\u00e2nsito e Combate aos crimes nas Rodovias.<\/p>\n<p style=\"text-align: justify;\">O cronograma da Concession\u00e1ria EIXO para \u00ednicio da obra, correndo tudo bem, tem a previs\u00e3o de in\u00edcio nesse 1\u00ba trimestre de 2025, com poss\u00edvel t\u00e9rmino em meados de Julho tamb\u00e9m de 2025.<\/p>\n<p style=\"text-align: justify;\">file:\/\/\/C:\/Users\/Jorge\/Downloads\/CamScanner%2022-10-2024%2017.59.pdf<\/p>\n<h1 style=\"text-align: justify;\">DIARIO OFICIAL DO ESTADO DE SAO PAULO<\/h1>\n<p style=\"text-align: justify;\">Pubh ado na Edii;ao de 22 de Outubro de 2024 I Caderno Executivo I Se ao Atos Normativos<\/p>\n<h1 style=\"text-align: justify;\">DECRETO N\u00b0 68.982, DE 21 DE OUTUBRO DE 2024<strong>\u00a0<\/strong><\/h1>\n<p style=\"text-align: justify;\">Declara de utilidade publica, para fins de desapropria\\ao pela Eixo SP Concessionaria de Rodovias <em>SIA, <\/em>a area necessaria a<\/p>\n<p style=\"text-align: justify;\">implanta ao de Base Operacional da PMRV no km 654+865m da Rodovia SP-294, no Municfpio de Dracena, e da providencias correlatas.<\/p>\n<p style=\"text-align: justify;\"><strong>0 GOVERNADOR DO ESTADO DE SAO PAULO, <\/strong>no uso de suas atribui\\6es legais e nos termos do disposto no Decreto-Lei federal n\u00b0 3.365, de 21 de junho de 1941. e no Decreto n\u00b0 64.334, de 19 de julho de 2019,<\/p>\n<p style=\"text-align: justify;\"><strong>Decreta:<\/strong><\/p>\n<p style=\"text-align: justify;\">Artiga 1\u00b0 -Fica declarada de utilidade publica, para fins de desapropria\\ao pela Eixo SP Concessionaria de Rodovias S\/A, empresa concessionaria de servi\\o publico, par via amigavel ou judicial, a area discriminada no Anexo Unico deste decreto. identificada na planta cadastral DE-SPD654294-654.655-030-D03\/001 e descrita no memorial constantes dos autos do Processo 134.00014659\/2023-87, necessaria a implanta\\ao de Base Operacional da PMRV no km 654+865m da Rodovia SP-294, no Municipio e Comarca<\/p>\n<p>https <em>I\u00a0 <\/em>ww.doe.sp.gov.br\/executivo\/decrelos\/decrelo-n-68982-de-21-de-ovlubro-de-2024-20241021118202667902<\/p>\n<h2>TARCISIO DE FREITAS<\/h2>\n<p><em>Arthur Lui<\/em><em>s <\/em><em>Pinho <\/em><em>de Lim<\/em><em>a<\/em><\/p>\n<h2>ANEXO UNICO<\/h2>\n<table>\n<tbody>\n<tr>\n<td width=\"131\">ldentifica ao<\/td>\n<td colspan=\"4\" width=\"518\">Area <strong>1<\/strong><\/td>\n<\/tr>\n<tr>\n<td width=\"131\">Pl nta Cadastral<\/td>\n<td colspan=\"4\" width=\"518\"><strong>DE-SPD654294-654.6SS-030-O03\/001<\/strong><\/td>\n<\/tr>\n<tr>\n<td width=\"131\">L\u00a0\u00a0\u00a0 aliza\\ao<\/td>\n<td colspan=\"4\" width=\"518\">km 655 da Rodovia SP-294, pista leste, no sentido de Parapua, en re as estacas 4.723+15,69m e 4.767+12,61 m, no Municfpio e Comarca de Dracena.<\/td>\n<\/tr>\n<tr>\n<td width=\"131\">Matricula<\/td>\n<td colspan=\"4\" width=\"518\">n\u00b0 19.997 do 1\u00b0 CRI de Dracena\/SP<\/td>\n<\/tr>\n<tr>\n<td width=\"131\">Proprietarios<\/td>\n<td colspan=\"4\" width=\"518\">JG Participa oes e Administra ao de Bens Ltda. e\/ou outros<\/td>\n<\/tr>\n<tr>\n<td width=\"131\">Area<\/td>\n<td colspan=\"4\" width=\"518\">9.150,01m<sup>2<\/sup><\/td>\n<\/tr>\n<tr>\n<td width=\"131\">Ponto<\/td>\n<td width=\"133\">Este<\/td>\n<td width=\"131\"><strong>Norte<\/strong><\/td>\n<td width=\"129\"><strong>Azimute<\/strong><\/td>\n<td width=\"126\">Distancia(m)<\/td>\n<\/tr>\n<tr>\n<td width=\"131\">1<\/td>\n<td width=\"133\"><strong>439.266,0684<\/strong><\/td>\n<td width=\"131\"><strong>7.628.286,7661<\/strong><\/td>\n<td width=\"129\">195\u00b031&#8217;29&#8221;<\/td>\n<td width=\"126\"><strong>7,74<\/strong><\/td>\n<\/tr>\n<tr>\n<td width=\"131\">2<\/td>\n<td width=\"133\"><strong>439.263,9955<\/strong><\/td>\n<td width=\"131\"><strong>7.628.279,3041<\/strong><\/td>\n<td width=\"129\">313\u00b059&#8217;03&#8221;<\/td>\n<td width=\"126\"><strong>98,35<\/strong><\/td>\n<\/tr>\n<tr>\n<td width=\"131\">3<\/td>\n<td width=\"133\"><strong>439.193,2290<\/strong><\/td>\n<td width=\"131\"><strong>7.628.347,6044<\/strong><\/td>\n<td width=\"129\">314\u00b011&#8217;50&#8221;<\/td>\n<td width=\"126\"><strong>153,65<\/strong><\/td>\n<\/tr>\n<tr>\n<td width=\"131\">4<\/td>\n<td width=\"133\"><strong>439.083,0718<\/strong><\/td>\n<td width=\"131\"><strong>7.628.454,7174<\/strong><\/td>\n<td width=\"129\">314\u00b040&#8217;35&#8221;<\/td>\n<td width=\"126\"><strong>181,93<\/strong><\/td>\n<\/tr>\n<tr>\n<td width=\"131\">5<\/td>\n<td width=\"133\"><strong>438.953,7018<\/strong><\/td>\n<td width=\"131\"><strong>7.628.582,6347<\/strong><\/td>\n<td width=\"129\">313\u00b006&#8217;31&#8221;<\/td>\n<td width=\"126\"><strong>33,75<\/strong><\/td>\n<\/tr>\n<tr>\n<td width=\"131\">6<\/td>\n<td width=\"133\"><strong>438.929,0633<\/strong><\/td>\n<td width=\"131\"><strong>7.628.605,6980<\/strong><\/td>\n<td width=\"129\">224\u00b017&#8217;12&#8221;<\/td>\n<td width=\"126\"><strong>20,36<\/strong><\/td>\n<\/tr>\n<tr>\n<td width=\"131\">7<\/td>\n<td width=\"133\"><strong>438.914,8449<\/strong><\/td>\n<td width=\"131\"><strong>7.628.591,1212<\/strong><\/td>\n<td width=\"129\"><strong>314\u00b017&#8217;12&#8221;<\/strong><\/td>\n<td width=\"126\"><strong>112,03<\/strong><\/td>\n<\/tr>\n<tr>\n<td width=\"131\">8<\/td>\n<td width=\"133\"><strong>438.834,6498<\/strong><\/td>\n<td width=\"131\"><strong>7.628.669,3443<\/strong><\/td>\n<td width=\"129\">44\u00b017&#8217;09&#8221;<\/td>\n<td width=\"126\"><strong>19,04<\/strong><\/td>\n<\/tr>\n<tr>\n<td width=\"131\">9<\/td>\n<td width=\"133\"><strong>438.847,9425<\/strong><\/td>\n<td width=\"131\"><strong>7.628.682,9727<\/strong><\/td>\n<td width=\"129\">315\u00b042&#8217;09&#8221;<\/td>\n<td width=\"126\"><strong>39,39<\/strong><\/td>\n<\/tr>\n<tr>\n<td width=\"131\"><strong>10<\/strong><\/td>\n<td width=\"133\"><strong>438.820,4354<\/strong><\/td>\n<td width=\"131\"><strong>7.628.711, 1626<\/strong><\/td>\n<td width=\"129\">314\u00b037&#8217;57&#8221;<\/td>\n<td width=\"126\"><strong>44,95<\/strong><\/td>\n<\/tr>\n<tr>\n<td width=\"131\"><strong>11<\/strong><\/td>\n<td width=\"133\"><strong>438.788,4453<\/strong><\/td>\n<td width=\"131\"><strong>7.628.742,7449<\/strong><\/td>\n<td width=\"129\">314\u00b015&#8217;37&#8221;<\/td>\n<td width=\"126\"><strong>35,13<\/strong><\/td>\n<\/tr>\n<tr>\n<td width=\"131\"><strong>12<\/strong><\/td>\n<td width=\"133\"><strong>438.763,2860<\/strong><\/td>\n<td width=\"131\"><strong>7.628.767,2626<\/strong><\/td>\n<td width=\"129\">316\u00b029&#8217;43&#8221;<\/td>\n<td width=\"126\"><strong>36,34<\/strong><\/td>\n<\/tr>\n<tr>\n<td width=\"131\">13<\/td>\n<td width=\"133\"><strong>438.738,2675<\/strong><\/td>\n<td width=\"131\"><strong>7.628.793,6224<\/strong><\/td>\n<td width=\"129\">308\u00b051&#8217;57&#8221;<\/td>\n<td width=\"126\"><strong>52}4<\/strong><\/td>\n<\/tr>\n<\/tbody>\n<\/table>\n<p>https:\/<a href=\"http:\/\/www.doe.sp.gov.brlexecutivoldecretos\/decreto-n-68982\">fwww.doe.sp.gov.brlexecutivoldecretos\/decreto-n-68982<\/a>\u2022de-21-de-outubro-de-2024-20241021118202667902\u00a0\u00a0\u00a0\u00a0\u00a0\u00a0\u00a0\u00a0\u00a0\u00a0\u00a0\u00a0\u00a0\u00a0\u00a0\u00a0\u00a0\u00a0\u00a0\u00a0\u00a0\u00a0\u00a0\u00a0\u00a0\u00a0\u00a0\u00a0\u00a0\u00a0\u00a0\u00a0\u00a0\u00a0\u00a0\u00a0\u00a0\u00a0\u00a0\u00a0\u00a0\u00a0\u00a0\u00a0\u00a0\u00a0\u00a0\u00a0\u00a0\u00a0\u00a0\u00a0\u00a0\u00a0\u00a0\u00a0\u00a0\u00a0\u00a0\u00a0\u00a0\u00a0\u00a0\u00a0\u00a0\u00a0\u00a0\u00a0\u00a0\u00a0\u00a0\u00a0\u00a0\u00a0\u00a0\u00a0\u00a0\u00a0\u00a0\u00a0\u00a0\u00a0\u00a0\u00a0\u00a0\u00a0\u00a0\u00a0\u00a0\u00a0\u00a0\u00a0\u00a0\u00a0\u00a0\u00a0\u00a0\u00a0\u00a0\u00a0\u00a0\u00a0\u00a0\u00a0\u00a0\u00a0\u00a0\u00a0\u00a0\u00a0\u00a0\u00a0\u00a0\u00a0\u00a0\u00a0\u00a0\u00a0\u00a0\u00a0\u00a0\u00a0\u00a0\u00a0\u00a0\u00a0\u00a0\u00a0\u00a0\u00a0\u00a0\u00a0\u00a0\u00a0\u00a0\u00a0\u00a0\u00a0\u00a0\u00a0\u00a0\u00a0\u00a0\u00a0\u00a0\u00a0\u00a0\u00a0\u00a0\u00a0\u00a0\u00a0\u00a0\u00a0\u00a0\u00a0\u00a0\u00a0\u00a0\u00a0\u00a0\u00a0\u00a0\u00a0\u00a0\u00a0\u00a0\u00a0\u00a0\u00a0\u00a0\u00a0\u00a0 2\/&#8217;3<\/p>\n<ul>\n<li><\/li>\n<\/ul>\n<table>\n<tbody>\n<tr>\n<td width=\"729\">\n<table width=\"100%\">\n<tbody>\n<tr>\n<td>\n<table>\n<tbody>\n<tr>\n<td rowspan=\"6\" width=\"51\">&nbsp;<\/td>\n<td width=\"135\">14<\/td>\n<td width=\"133\">438.697,2012<\/td>\n<td width=\"133\">7.628.826,7183<\/td>\n<td width=\"132\">314\u00b047&#8217;49&#8221;<\/td>\n<td width=\"131\">58,17<\/td>\n<\/tr>\n<tr>\n<td width=\"135\">15<\/td>\n<td width=\"133\">438.655,9263<\/td>\n<td width=\"133\">7.628.867,7015<\/td>\n<td width=\"132\">31 \u00b025&#8217;20&#8221;<\/td>\n<td width=\"131\">28,92<\/td>\n<\/tr>\n<tr>\n<td width=\"135\">16<\/td>\n<td width=\"133\">438.635,6298<\/td>\n<td width=\"133\">7.628.888,299<\/td>\n<td width=\"132\">1J&#8221;49&#8217;28&#8221;<\/td>\n<td width=\"131\">11,74<\/td>\n<\/tr>\n<tr>\n<td width=\"135\">17<\/td>\n<td width=\"133\">438.638,8300<\/td>\n<td width=\"133\">7.628.899,5900<\/td>\n<td width=\"132\">1 4\u00b020&#8217;04&#8221;<\/td>\n<td width=\"131\">746.39<\/td>\n<\/tr>\n<tr>\n<td width=\"135\">18<\/td>\n<td width=\"133\">439.172,7000<\/td>\n<td width=\"133\">7.628.377,9800<\/td>\n<td width=\"132\">1 4\u00b019&#8217;52&#8221;<\/td>\n<td width=\"131\">130,5&#8242;.&gt;<\/td>\n<\/tr>\n<tr>\n<td colspan=\"5\" width=\"665\">Todas as coordenadas descritas acima encontram-se representadas no Si tema d Proje ao <strong>UT<\/strong><strong>M, <\/strong>tendo coma datum o SIRGAS2000, fuso 22S.<\/td>\n<\/tr>\n<\/tbody>\n<\/table>\n<p>&nbsp;<\/td>\n<\/tr>\n<\/tbody>\n<\/table>\n<\/td>\n<\/tr>\n<\/tbody>\n<\/table>\n<p>Fonte: PMR<\/p>\n<p>Imagem Ilustrativa<\/p>\n<p>Jorge Zanoni<\/p>\n<p>&nbsp;<\/p>\n<p>&nbsp;<\/p>\n<p>&nbsp;<\/p>\n<p>&nbsp;<\/p>\n<p>&nbsp;<\/p>\n<p>&nbsp;<\/p>\n<p>&nbsp;<\/p>\n<p>&nbsp;<\/p>\n<p>&nbsp;<\/p>\n<p>&nbsp;<\/p>\n<p>&nbsp;<\/p>\n<p>&nbsp;<\/p>\n<p>&nbsp;<\/p>\n<p>&nbsp;<\/p>\n<p>&nbsp;<\/p>\n<p><em>\u00a0<\/em><\/p>\n","protected":false},"excerpt":{"rendered":"<p>Moderno pr\u00e9dio ser\u00e1 constru\u00eddo no Km. 655 sentido Panorama a S\u00e3o Paulo proximidades do Posto de Combust\u00edveis abandonado e da ETEC Carmelina Barbosa. Demos mais um passo na constru\u00e7\u00e3o da nossa t\u00e3o sonhada BASE DA POL\u00cdCIA RODOVI\u00c1RIA DE DRACENA Na semana passada saiu o Decreto do Governador de SP, declarando a \u00e1rea da futura Base [&hellip;]<\/p>\n","protected":false},"author":1,"featured_media":90485,"comment_status":"closed","ping_status":"open","sticky":false,"template":"","format":"standard","meta":{"footnotes":""},"categories":[110,2],"tags":[],"class_list":["post-90484","post","type-post","status-publish","format-standard","has-post-thumbnail","hentry","category-noticiasdestaque","category-policial"],"_links":{"self":[{"href":"https:\/\/jorgezanoni.com.br\/2019\/wp-json\/wp\/v2\/posts\/90484","targetHints":{"allow":["GET"]}}],"collection":[{"href":"https:\/\/jorgezanoni.com.br\/2019\/wp-json\/wp\/v2\/posts"}],"about":[{"href":"https:\/\/jorgezanoni.com.br\/2019\/wp-json\/wp\/v2\/types\/post"}],"author":[{"embeddable":true,"href":"https:\/\/jorgezanoni.com.br\/2019\/wp-json\/wp\/v2\/users\/1"}],"replies":[{"embeddable":true,"href":"https:\/\/jorgezanoni.com.br\/2019\/wp-json\/wp\/v2\/comments?post=90484"}],"version-history":[{"count":1,"href":"https:\/\/jorgezanoni.com.br\/2019\/wp-json\/wp\/v2\/posts\/90484\/revisions"}],"predecessor-version":[{"id":90486,"href":"https:\/\/jorgezanoni.com.br\/2019\/wp-json\/wp\/v2\/posts\/90484\/revisions\/90486"}],"wp:featuredmedia":[{"embeddable":true,"href":"https:\/\/jorgezanoni.com.br\/2019\/wp-json\/wp\/v2\/media\/90485"}],"wp:attachment":[{"href":"https:\/\/jorgezanoni.com.br\/2019\/wp-json\/wp\/v2\/media?parent=90484"}],"wp:term":[{"taxonomy":"category","embeddable":true,"href":"https:\/\/jorgezanoni.com.br\/2019\/wp-json\/wp\/v2\/categories?post=90484"},{"taxonomy":"post_tag","embeddable":true,"href":"https:\/\/jorgezanoni.com.br\/2019\/wp-json\/wp\/v2\/tags?post=90484"}],"curies":[{"name":"wp","href":"https:\/\/api.w.org\/{rel}","templated":true}]}}