{"id":90481,"date":"2024-11-01T16:31:03","date_gmt":"2024-11-01T16:31:03","guid":{"rendered":"https:\/\/jorgezanoni.com.br\/2019\/?p=90481"},"modified":"2024-11-01T16:31:03","modified_gmt":"2024-11-01T16:31:03","slug":"morador-de-adamantina-e-encontrado-morto-no-rio-parana-em-pauliceia","status":"publish","type":"post","link":"https:\/\/jorgezanoni.com.br\/2019\/morador-de-adamantina-e-encontrado-morto-no-rio-parana-em-pauliceia\/","title":{"rendered":"Morador de Adamantina \u00e9 encontrado morto no Rio Paran\u00e1 em Paulic\u00e9ia"},"content":{"rendered":"<p style=\"text-align: justify;\"><strong>Marcos Ant\u00f4nio Scelerges de 55 anos, \u00e9 a v\u00edtima que aparentemente morreu por afogamento.<\/strong><\/p>\n<p style=\"text-align: justify;\">Segundo informa\u00e7\u00f5es obtidas pela reportagem do SITE JZ e TOP TV., o corpo foi encontrado por populares j\u00e1 em adiantado estado de decomposi\u00e7\u00e3o, nas proximidades do Pier de Paulic\u00e9ia. Foi acionado o Corpo de Bombeiros de Dracena para a retirada, por volta das 02:10 Horas da madrugada desta sexta-feira (1\u00ba).<\/p>\n<p style=\"text-align: justify;\">Os policiais entraram em contato com a irm\u00e3 da suposta v\u00edtima e foram informados que o homem era aposentado, morava sozinho no munic\u00edpio e possu\u00eda v\u00edcio em bebida alco\u00f3lica.<\/p>\n<div class=\"x11i5rnm xat24cr x1mh8g0r x1vvkbs xtlvy1s x126k92a\" style=\"text-align: justify;\">\n<div dir=\"auto\">Como n\u00e3o reside na regi\u00e3o, a mulher comunicou a filha do homem, que mora em Panorama (SP) para fazer o reconhecimento do corpo.<\/div>\n<div dir=\"auto\"><\/div>\n<\/div>\n<div class=\"x11i5rnm xat24cr x1mh8g0r x1vvkbs xtlvy1s x126k92a\" style=\"text-align: justify;\">\n<div dir=\"auto\">Conforme a Pol\u00edcia Civil, foi requisitado exame necrosc\u00f3pico para apurar a causa da morte e ser\u00e1 instaurado um inqu\u00e9rito policial para apurar as circunst\u00e2ncias do afogamento.<\/div>\n<div dir=\"auto\"><\/div>\n<\/div>\n<div dir=\"auto\" style=\"text-align: justify;\">Durante os trabalhos de necropsia, foi encontrado um documento de identidade junto ao corpo que pertencia a um homem, de 55 anos, e coincidia com as caracter\u00edsticas f\u00edsicas da v\u00edtima.<\/div>\n<div dir=\"auto\" style=\"text-align: justify;\"><\/div>\n<p style=\"text-align: justify;\">Trabalharam na ocorr\u00eancia os Bombeiros Sgt Gerson: 1\u2070 Sgt PM Gerson, Cb PM Gentil e Sd PM Leonardo<\/p>\n<p style=\"text-align: justify;\">Fonte: B.O PM\/PC G1<\/p>\n<p>Imagem Ilustrativa<\/p>\n<p style=\"text-align: justify;\">Jorge Zanoni<\/p>\n<p style=\"text-align: justify;\">\n<p>&nbsp;<\/p>\n<div class=\"x11i5rnm xat24cr x1mh8g0r x1vvkbs xtlvy1s x126k92a\"><\/div>\n<div class=\"x11i5rnm xat24cr x1mh8g0r x1vvkbs xtlvy1s x126k92a\">\n<div dir=\"auto\"><\/div>\n<\/div>\n<div class=\"x11i5rnm xat24cr x1mh8g0r x1vvkbs xtlvy1s x126k92a\">\n<div dir=\"auto\"><\/div>\n<\/div>\n","protected":false},"excerpt":{"rendered":"<p>Marcos Ant\u00f4nio Scelerges de 55 anos, \u00e9 a v\u00edtima que aparentemente morreu por afogamento. Segundo informa\u00e7\u00f5es obtidas pela reportagem do SITE JZ e TOP TV., o corpo foi encontrado por populares j\u00e1 em adiantado estado de decomposi\u00e7\u00e3o, nas proximidades do Pier de Paulic\u00e9ia. Foi acionado o Corpo de Bombeiros de Dracena para a retirada, por [&hellip;]<\/p>\n","protected":false},"author":1,"featured_media":90482,"comment_status":"closed","ping_status":"open","sticky":false,"template":"","format":"standard","meta":{"footnotes":""},"categories":[110,2],"tags":[],"class_list":["post-90481","post","type-post","status-publish","format-standard","has-post-thumbnail","hentry","category-noticiasdestaque","category-policial"],"_links":{"self":[{"href":"https:\/\/jorgezanoni.com.br\/2019\/wp-json\/wp\/v2\/posts\/90481","targetHints":{"allow":["GET"]}}],"collection":[{"href":"https:\/\/jorgezanoni.com.br\/2019\/wp-json\/wp\/v2\/posts"}],"about":[{"href":"https:\/\/jorgezanoni.com.br\/2019\/wp-json\/wp\/v2\/types\/post"}],"author":[{"embeddable":true,"href":"https:\/\/jorgezanoni.com.br\/2019\/wp-json\/wp\/v2\/users\/1"}],"replies":[{"embeddable":true,"href":"https:\/\/jorgezanoni.com.br\/2019\/wp-json\/wp\/v2\/comments?post=90481"}],"version-history":[{"count":1,"href":"https:\/\/jorgezanoni.com.br\/2019\/wp-json\/wp\/v2\/posts\/90481\/revisions"}],"predecessor-version":[{"id":90483,"href":"https:\/\/jorgezanoni.com.br\/2019\/wp-json\/wp\/v2\/posts\/90481\/revisions\/90483"}],"wp:featuredmedia":[{"embeddable":true,"href":"https:\/\/jorgezanoni.com.br\/2019\/wp-json\/wp\/v2\/media\/90482"}],"wp:attachment":[{"href":"https:\/\/jorgezanoni.com.br\/2019\/wp-json\/wp\/v2\/media?parent=90481"}],"wp:term":[{"taxonomy":"category","embeddable":true,"href":"https:\/\/jorgezanoni.com.br\/2019\/wp-json\/wp\/v2\/categories?post=90481"},{"taxonomy":"post_tag","embeddable":true,"href":"https:\/\/jorgezanoni.com.br\/2019\/wp-json\/wp\/v2\/tags?post=90481"}],"curies":[{"name":"wp","href":"https:\/\/api.w.org\/{rel}","templated":true}]}}