{"id":9048,"date":"2019-10-17T17:20:28","date_gmt":"2019-10-17T17:20:28","guid":{"rendered":"https:\/\/jorgezanoni.com.br\/2019\/?p=9048"},"modified":"2019-10-17T17:20:28","modified_gmt":"2019-10-17T17:20:28","slug":"morre-no-rio-mauricio-sherman-um-dos-pioneiros-da-tv-no-brasil-como-ator-produtor-e-diretor","status":"publish","type":"post","link":"https:\/\/jorgezanoni.com.br\/2019\/morre-no-rio-mauricio-sherman-um-dos-pioneiros-da-tv-no-brasil-como-ator-produtor-e-diretor\/","title":{"rendered":"Morre no Rio Maur\u00edcio Sherman, um dos pioneiros da TV no Brasil, como ator, produtor e diretor"},"content":{"rendered":"<h2 class=\"content-head__subtitle\" style=\"text-align: justify;\"><strong>Sherman ajudou a criar o &#8216;Fant\u00e1stico&#8217; e lan\u00e7ou os programas infantis de Xuxa e Ang\u00e9lica.<\/strong><\/h2>\n<div class=\"mc-column content-text active-extra-styles \" data-block-type=\"unstyled\" data-block-weight=\"24\" data-block-id=\"3\">\n<p class=\"content-text__container \" style=\"text-align: justify;\" data-track-category=\"Link no Texto\" data-track-links=\"\">Morreu na manh\u00e3 desta quinta-feira (17), aos 88 anos, Maur\u00edcio Sherman, um dos pioneiros da TV no Brasil &#8211; como ator, produtor e diretor.<\/p>\n<\/div>\n<div class=\"wall protected-content\">\n<div class=\"mc-column content-text active-extra-styles \" data-block-type=\"unstyled\" data-block-weight=\"89\" data-block-id=\"4\">\n<p class=\"content-text__container \" style=\"text-align: justify;\" data-track-category=\"Link no Texto\" data-track-links=\"\">&#8220;A hist\u00f3ria do Maur\u00edcio Sherman \u00e9 a pr\u00f3pria hist\u00f3ria da televis\u00e3o. Quando foi inaugurada a TV Tupi do Rio de Janeiro, o Sherman estava l\u00e1. Depois desse in\u00edcio, participou de v\u00e1rios programas em v\u00e1rias emissoras. Foi o descobridor da Xuxa e da Ang\u00e9lica. Participou do Fant\u00e1stico, dirigiu o Faust\u00e3o e depois criou o &#8216;Zorra total&#8217;. \u00c9 uma tristeza a perda do nosso Maur\u00edcio. Uma pessoa carinhosa, amiga e, acima de tudo, um amante da nossa televis\u00e3o&#8221;, diz o ex-diretor da TV Globo e empres\u00e1rio Jos\u00e9 Bonif\u00e1cio Sobrinho, o Boni.<\/p>\n<p style=\"text-align: justify;\" data-track-category=\"Link no Texto\" data-track-links=\"\">Fonte: https:\/\/g1.globo.com\/rj\/rio-de-janeiro\/noticia\/2019\/10\/17\/morre-no-rio-mauricio-shermann-diretor-da-tv-globo.ghtml<\/p>\n<\/div>\n<\/div>\n","protected":false},"excerpt":{"rendered":"<p>Sherman ajudou a criar o &#8216;Fant\u00e1stico&#8217; e lan\u00e7ou os programas infantis de Xuxa e Ang\u00e9lica. Morreu na manh\u00e3 desta quinta-feira (17), aos 88 anos, Maur\u00edcio Sherman, um dos pioneiros da TV no Brasil &#8211; como ator, produtor e diretor. &#8220;A hist\u00f3ria do Maur\u00edcio Sherman \u00e9 a pr\u00f3pria hist\u00f3ria da televis\u00e3o. Quando foi inaugurada a TV [&hellip;]<\/p>\n","protected":false},"author":1,"featured_media":9049,"comment_status":"closed","ping_status":"open","sticky":false,"template":"","format":"standard","meta":{"footnotes":""},"categories":[178,110],"tags":[],"class_list":["post-9048","post","type-post","status-publish","format-standard","has-post-thumbnail","hentry","category-notadefalecimento","category-noticiasdestaque"],"_links":{"self":[{"href":"https:\/\/jorgezanoni.com.br\/2019\/wp-json\/wp\/v2\/posts\/9048","targetHints":{"allow":["GET"]}}],"collection":[{"href":"https:\/\/jorgezanoni.com.br\/2019\/wp-json\/wp\/v2\/posts"}],"about":[{"href":"https:\/\/jorgezanoni.com.br\/2019\/wp-json\/wp\/v2\/types\/post"}],"author":[{"embeddable":true,"href":"https:\/\/jorgezanoni.com.br\/2019\/wp-json\/wp\/v2\/users\/1"}],"replies":[{"embeddable":true,"href":"https:\/\/jorgezanoni.com.br\/2019\/wp-json\/wp\/v2\/comments?post=9048"}],"version-history":[{"count":0,"href":"https:\/\/jorgezanoni.com.br\/2019\/wp-json\/wp\/v2\/posts\/9048\/revisions"}],"wp:featuredmedia":[{"embeddable":true,"href":"https:\/\/jorgezanoni.com.br\/2019\/wp-json\/wp\/v2\/media\/9049"}],"wp:attachment":[{"href":"https:\/\/jorgezanoni.com.br\/2019\/wp-json\/wp\/v2\/media?parent=9048"}],"wp:term":[{"taxonomy":"category","embeddable":true,"href":"https:\/\/jorgezanoni.com.br\/2019\/wp-json\/wp\/v2\/categories?post=9048"},{"taxonomy":"post_tag","embeddable":true,"href":"https:\/\/jorgezanoni.com.br\/2019\/wp-json\/wp\/v2\/tags?post=9048"}],"curies":[{"name":"wp","href":"https:\/\/api.w.org\/{rel}","templated":true}]}}