{"id":90467,"date":"2024-10-31T12:18:07","date_gmt":"2024-10-31T12:18:07","guid":{"rendered":"https:\/\/jorgezanoni.com.br\/2019\/?p=90467"},"modified":"2024-10-31T12:18:07","modified_gmt":"2024-10-31T12:18:07","slug":"morre-nelson-crociolli-da-casa-americana-em-dracena","status":"publish","type":"post","link":"https:\/\/jorgezanoni.com.br\/2019\/morre-nelson-crociolli-da-casa-americana-em-dracena\/","title":{"rendered":"Morre Nelson Crociolli da Casa Americana em Dracena"},"content":{"rendered":"<p style=\"text-align: justify;\">Comuncamos com pesar o falecimento do sr. Nelson Crociolli de 89 anos ocorrido hoje de manh\u00e3 em sua resid\u00eancia.<\/p>\n<p style=\"text-align: justify;\">Sr. Nelson juntamente com a fam\u00edlia era comerciante do ramo de roupas na conhecida Casa Americana na Avenida Presidente Roosevelt em Dracena.<\/p>\n<p style=\"text-align: justify;\">Viuvo, deixa os filhos Carlos, Cl\u00e1udio e Gisele, noras, netos, demais familiares e grande legi\u00e3o de amigos.<\/p>\n<p style=\"text-align: justify;\">Aos familiares e amigos as condol\u00eancias, respeito e admira\u00e7\u00e3o do SITE JZ e TOP TV por uma pessoa t\u00e3o amiga e querida que nos deixa.<\/p>\n<p style=\"text-align: justify;\">Aguarde informa\u00e7\u00f5es de vel\u00f3rio e sepultamento<\/p>\n<p>Jorge Zanoni<\/p>\n","protected":false},"excerpt":{"rendered":"<p>Comuncamos com pesar o falecimento do sr. Nelson Crociolli de 89 anos ocorrido hoje de manh\u00e3 em sua resid\u00eancia. Sr. Nelson juntamente com a fam\u00edlia era comerciante do ramo de roupas na conhecida Casa Americana na Avenida Presidente Roosevelt em Dracena. Viuvo, deixa os filhos Carlos, Cl\u00e1udio e Gisele, noras, netos, demais familiares e grande [&hellip;]<\/p>\n","protected":false},"author":1,"featured_media":90468,"comment_status":"closed","ping_status":"open","sticky":false,"template":"","format":"standard","meta":{"footnotes":""},"categories":[178,110],"tags":[],"class_list":["post-90467","post","type-post","status-publish","format-standard","has-post-thumbnail","hentry","category-notadefalecimento","category-noticiasdestaque"],"_links":{"self":[{"href":"https:\/\/jorgezanoni.com.br\/2019\/wp-json\/wp\/v2\/posts\/90467","targetHints":{"allow":["GET"]}}],"collection":[{"href":"https:\/\/jorgezanoni.com.br\/2019\/wp-json\/wp\/v2\/posts"}],"about":[{"href":"https:\/\/jorgezanoni.com.br\/2019\/wp-json\/wp\/v2\/types\/post"}],"author":[{"embeddable":true,"href":"https:\/\/jorgezanoni.com.br\/2019\/wp-json\/wp\/v2\/users\/1"}],"replies":[{"embeddable":true,"href":"https:\/\/jorgezanoni.com.br\/2019\/wp-json\/wp\/v2\/comments?post=90467"}],"version-history":[{"count":1,"href":"https:\/\/jorgezanoni.com.br\/2019\/wp-json\/wp\/v2\/posts\/90467\/revisions"}],"predecessor-version":[{"id":90469,"href":"https:\/\/jorgezanoni.com.br\/2019\/wp-json\/wp\/v2\/posts\/90467\/revisions\/90469"}],"wp:featuredmedia":[{"embeddable":true,"href":"https:\/\/jorgezanoni.com.br\/2019\/wp-json\/wp\/v2\/media\/90468"}],"wp:attachment":[{"href":"https:\/\/jorgezanoni.com.br\/2019\/wp-json\/wp\/v2\/media?parent=90467"}],"wp:term":[{"taxonomy":"category","embeddable":true,"href":"https:\/\/jorgezanoni.com.br\/2019\/wp-json\/wp\/v2\/categories?post=90467"},{"taxonomy":"post_tag","embeddable":true,"href":"https:\/\/jorgezanoni.com.br\/2019\/wp-json\/wp\/v2\/tags?post=90467"}],"curies":[{"name":"wp","href":"https:\/\/api.w.org\/{rel}","templated":true}]}}