{"id":9045,"date":"2019-10-17T17:11:54","date_gmt":"2019-10-17T17:11:54","guid":{"rendered":"https:\/\/jorgezanoni.com.br\/2019\/?p=9045"},"modified":"2019-10-17T17:11:54","modified_gmt":"2019-10-17T17:11:54","slug":"assalto-em-viracopos-video-mostra-bandidos-atacando-carro-forte-na-pista-do-terminal","status":"publish","type":"post","link":"https:\/\/jorgezanoni.com.br\/2019\/assalto-em-viracopos-video-mostra-bandidos-atacando-carro-forte-na-pista-do-terminal\/","title":{"rendered":"Assalto em Viracopos: v\u00eddeo mostra bandidos atacando carro-forte na pista do terminal"},"content":{"rendered":"<h2 class=\"content-head__subtitle\" style=\"text-align: justify;\"><strong>Crime ocorreu na manh\u00e3 desta quinta-feira (17). Ap\u00f3s assalto, criminosos fizeram ref\u00e9ns em bairro de Campinas.<\/strong><\/h2>\n<div class=\"mc-column content-text active-extra-styles \" data-block-type=\"unstyled\" data-block-weight=\"44\" data-block-id=\"2\">\n<p class=\"content-text__container \" style=\"text-align: justify;\" data-track-category=\"Link no Texto\" data-track-links=\"\">Uma testemunha registrou o momento em que um carro-forte da empresa Brinks foi cercado por bandidos durante o<a href=\"https:\/\/g1.globo.com\/sp\/campinas-regiao\/noticia\/2019\/10\/17\/suspeita-de-assalto-ao-aeroporto-internacional-de-viracopos-em-campinas-mobiliza-pf-ha-informacoes-de-tiroteio.ghtml\">\u00a0assalto \u00e0 empresa de transporte de valores no Aeroporto Internacional de Viracopos<\/a>, que aconteceu na manh\u00e3 desta quinta-feira (17), em Campinas (SP).\u00a0<strong>Veja no v\u00eddeo acima.<\/strong><\/p>\n<\/div>\n<div class=\"wall protected-content\">\n<div class=\"mc-column content-text active-extra-styles \" style=\"text-align: justify;\" data-block-type=\"unstyled\" data-block-weight=\"26\" data-block-id=\"3\">\n<p class=\"content-text__container \" data-track-category=\"Link no Texto\" data-track-links=\"\">As imagens mostram que o ve\u00edculo estava bem pr\u00f3ximo do avi\u00e3o onde a carga \u2013 dinheiro em esp\u00e9cie \u2013 seria embarcada para ser levada para Londres.<\/p>\n<\/div>\n<div class=\"mc-column content-text active-extra-styles \" style=\"text-align: justify;\" data-block-type=\"unstyled\" data-block-weight=\"26\" data-block-id=\"4\">\n<p class=\"content-text__container \" data-track-category=\"Link no Texto\" data-track-links=\"\">Outra testemunha flagrou a correria de seguran\u00e7as em outro ponto do terminal. No v\u00eddeo abaixo, ele narra a situa\u00e7\u00e3o do local durante a troca de tiros.<\/p>\n<p data-track-category=\"Link no Texto\" data-track-links=\"\">O assalto ocorreu por volta das 9h50, e fez com que o aeroporto ficasse fechado das 10h at\u00e9 as 10h20.<\/p>\n<div class=\"mc-column content-text active-extra-styles \" data-block-type=\"unstyled\" data-block-weight=\"30\" data-block-id=\"8\">\n<p class=\"content-text__container \" data-track-category=\"Link no Texto\" data-track-links=\"\">Para chegar at\u00e9 a pista, os criminosos usaram carros clonados \u2013 um deles tinha o logotipo da Aeron\u00e1utica. Houve troca de tiros e dois seguran\u00e7as foram baleados.<\/p>\n<\/div>\n<div class=\"mc-column content-text active-extra-styles \" data-block-type=\"unstyled\" data-block-weight=\"34\" data-block-id=\"9\">\n<p class=\"content-text__container \" data-track-category=\"Link no Texto\" data-track-links=\"\">A quadrilha incendiou tr\u00eas caminh\u00f5es na Rodovia Santos Dumont (SP-75), que d\u00e1 acesso ao aeroporto, para dificultar a a\u00e7\u00e3o da pol\u00edcia. A pista chegou a ser fechada nos dois sentidos, mas j\u00e1 foi liberada.<\/p>\n<\/div>\n<div class=\"mc-column content-text active-extra-styles \" data-block-type=\"unstyled\" data-block-weight=\"35\" data-block-id=\"10\">\n<p class=\"content-text__container \" data-track-category=\"Link no Texto\" data-track-links=\"\">Ap\u00f3s a fuga, os bandidos\u00a0<a href=\"https:\/\/g1.globo.com\/sp\/campinas-regiao\/noticia\/2019\/10\/17\/apos-assalto-em-viracopos-bandidos-fazem-refens-em-bairro-de-campinas.ghtml\">fizeram uma mulher e a filha ref\u00e9ns<\/a>\u00a0em uma casa num bairro de Campinas que fica pr\u00f3ximo ao aeroporto. At\u00e9 as 13h10, as v\u00edtimas ainda n\u00e3o haviam sido liberadas.<\/p>\n<p data-track-category=\"Link no Texto\" data-track-links=\"\">Fonte: https:\/\/g1.globo.com\/sp\/campinas-regiao\/noticia\/2019\/10\/17\/imagens-mostram-assalto-no-aeroporto-de-viracopos-video.ghtml<\/p>\n<\/div>\n<\/div>\n<div class=\"mc-column content-media content-video\" data-block-type=\"backstage-video\" data-block-id=\"5\">\n<div class=\"content-media__container\">\n<div class=\"content-video__bigger-player-description-fixer content-media__container--loaded\">\n<div class=\"content-video__video\">\n<div id=\"wp3-player-3\" class=\"clappr-player\" tabindex=\"9999\" data-player=\"\">\n<div class=\"media-control media-control-hide\">\n<div class=\"media-control-panel\">\n<div class=\"media-control-panel__lower\" data-controls=\"\">\n<div class=\"opposites-container\">\n<div class=\"media-control-position__left\">\n<div class=\"time-indicator media-control-element\" style=\"text-align: justify;\"><\/div>\n<\/div>\n<\/div>\n<\/div>\n<\/div>\n<\/div>\n<\/div>\n<\/div>\n<\/div>\n<\/div>\n<\/div>\n<\/div>\n","protected":false},"excerpt":{"rendered":"<p>Crime ocorreu na manh\u00e3 desta quinta-feira (17). Ap\u00f3s assalto, criminosos fizeram ref\u00e9ns em bairro de Campinas. Uma testemunha registrou o momento em que um carro-forte da empresa Brinks foi cercado por bandidos durante o\u00a0assalto \u00e0 empresa de transporte de valores no Aeroporto Internacional de Viracopos, que aconteceu na manh\u00e3 desta quinta-feira (17), em Campinas (SP).\u00a0Veja [&hellip;]<\/p>\n","protected":false},"author":1,"featured_media":9046,"comment_status":"closed","ping_status":"open","sticky":false,"template":"","format":"standard","meta":{"footnotes":""},"categories":[110,2],"tags":[],"class_list":["post-9045","post","type-post","status-publish","format-standard","has-post-thumbnail","hentry","category-noticiasdestaque","category-policial"],"_links":{"self":[{"href":"https:\/\/jorgezanoni.com.br\/2019\/wp-json\/wp\/v2\/posts\/9045","targetHints":{"allow":["GET"]}}],"collection":[{"href":"https:\/\/jorgezanoni.com.br\/2019\/wp-json\/wp\/v2\/posts"}],"about":[{"href":"https:\/\/jorgezanoni.com.br\/2019\/wp-json\/wp\/v2\/types\/post"}],"author":[{"embeddable":true,"href":"https:\/\/jorgezanoni.com.br\/2019\/wp-json\/wp\/v2\/users\/1"}],"replies":[{"embeddable":true,"href":"https:\/\/jorgezanoni.com.br\/2019\/wp-json\/wp\/v2\/comments?post=9045"}],"version-history":[{"count":0,"href":"https:\/\/jorgezanoni.com.br\/2019\/wp-json\/wp\/v2\/posts\/9045\/revisions"}],"wp:featuredmedia":[{"embeddable":true,"href":"https:\/\/jorgezanoni.com.br\/2019\/wp-json\/wp\/v2\/media\/9046"}],"wp:attachment":[{"href":"https:\/\/jorgezanoni.com.br\/2019\/wp-json\/wp\/v2\/media?parent=9045"}],"wp:term":[{"taxonomy":"category","embeddable":true,"href":"https:\/\/jorgezanoni.com.br\/2019\/wp-json\/wp\/v2\/categories?post=9045"},{"taxonomy":"post_tag","embeddable":true,"href":"https:\/\/jorgezanoni.com.br\/2019\/wp-json\/wp\/v2\/tags?post=9045"}],"curies":[{"name":"wp","href":"https:\/\/api.w.org\/{rel}","templated":true}]}}