{"id":90383,"date":"2024-10-27T16:49:02","date_gmt":"2024-10-27T16:49:02","guid":{"rendered":"https:\/\/jorgezanoni.com.br\/2019\/?p=90383"},"modified":"2024-10-27T16:49:02","modified_gmt":"2024-10-27T16:49:02","slug":"dracena-dpark-promove-acoes-de-conscientizacao-do-outubro-rosa-e-novembro-azul","status":"publish","type":"post","link":"https:\/\/jorgezanoni.com.br\/2019\/dracena-dpark-promove-acoes-de-conscientizacao-do-outubro-rosa-e-novembro-azul\/","title":{"rendered":"Dracena: dpark promove a\u00e7\u00f5es de conscientiza\u00e7\u00e3o do outubro rosa e novembro azul"},"content":{"rendered":"<p style=\"text-align: justify;\"><strong><em>Os meses remetem a luta na preven\u00e7\u00e3o e cuidados dos c\u00e2nceres de mama e pr\u00f3stata que s\u00e3o comuns entre mulheres e homens.<\/em><\/strong><\/p>\n<p style=\"text-align: justify;\">\u201cJuntos pela mesma causa\u201d. Essa \u00e9 a frase de slogan de conscientiza\u00e7\u00e3o que a dpark zona azul empresa que presta servi\u00e7o do estacionamento rotativo em Dracena-SP, est\u00e1 realizando em a\u00e7\u00f5es sobre o outubro rosa e novembro azul.<\/p>\n<p style=\"text-align: justify;\">Os meses s\u00e3o em alus\u00f5es na luta da preven\u00e7\u00e3o e cuidados dos c\u00e2nceres de mama e pr\u00f3stata que atingem mulheres e homens de diferentes faixas et\u00e1rias do Brasil e Mundo.<\/p>\n<p style=\"text-align: justify;\">Pensando sempre no bem-estar dos colaboradores e na sociedade como um todo, na manh\u00e3 desta sexta-feira (25) a dpark zona azul fez a entrega de mimos para os funcion\u00e1rios e aos dracenenses que circulavam pelo centro da cidade.<\/p>\n<p style=\"text-align: justify;\">Junto com a mensagem de apoio as causas, os mimos continham dois bombons sendo um da cor rosa e outro azul, remetendo as cores dos meses.<\/p>\n<p style=\"text-align: justify;\">Segundo a coordenadora da dpark, Elisangela Rocha, a\u00e7\u00f5es como essas s\u00e3o muito importantes. \u201cO objetivo \u00e9 que as pessoas tenham o autocuidado, e, claro, levar informa\u00e7\u00f5es importantes sobre as formas de preven\u00e7\u00f5es e sinais que as doen\u00e7as possam apresentar\u201d.<\/p>\n<p style=\"text-align: justify;\"><strong>C\u00e2ncer de mama <\/strong><\/p>\n<p style=\"text-align: justify;\">Segundo os dados da Sociedade Brasileira de Mastologia (SBM), o c\u00e2ncer de mama \u00e9 o tipo de c\u00e2ncer mais comum em todo o mundo, representando cerca de 1 em cada 3 casos de c\u00e2ncer diagnosticados em mulheres no Brasil.<\/p>\n<p style=\"text-align: justify;\">Ainda conforme a SBM, nas mulheres brasileiras, o c\u00e2ncer de mama tamb\u00e9m \u00e9 o mais incidente (depois do de pele n\u00e3o melanoma), com 74 mil casos novos previstos por ano at\u00e9 2025.<\/p>\n<p style=\"text-align: justify;\">Quando o c\u00e2ncer de mama \u00e9 diagnosticado em est\u00e1gios iniciais, as chances de cura s\u00e3o significantemente maiores, podendo superar 95%.<\/p>\n<p style=\"text-align: justify;\">Os sintomas do c\u00e2ncer de mama s\u00e3o: caro\u00e7o ou massa na mama que parece diferente do tecido circundante; mudan\u00e7a na forma, tamanho ou apar\u00eancia da mama; erup\u00e7\u00e3o cut\u00e2nea; mudan\u00e7as na pele sobre a mama, por exemplo, ondula\u00e7\u00f5es; dor nos seios; mamilo invertido ou puxado, descama\u00e7\u00e3o, escama\u00e7\u00e3o ou despela\u00e7\u00e3o da pele sobre o seio, especialmente a \u00e1rea escura ao redor do mamilo; vermelhid\u00e3o e\/ou corros\u00e3o da pele do seio, parecido com uma casca de laranja<\/p>\n<p style=\"text-align: justify;\">A mamografia \u00e9 o exame de rastreamento recomendado para mulheres a partir dos 40 anos, que ajuda a detectar tumores mam\u00e1rios antes que se tornem palp\u00e1veis.<\/p>\n<p style=\"text-align: justify;\"><strong>C\u00e2ncer de pr\u00f3stata <\/strong><\/p>\n<p style=\"text-align: justify;\">O c\u00e2ncer de pr\u00f3stata \u00e9 o mais frequente entre os homens a partir dos 40 anos, depois do c\u00e2ncer de pele. Embora seja uma doen\u00e7a comum, por medo ou por desconhecimento muitos homens preferem n\u00e3o conversar sobre esse assunto.<\/p>\n<p style=\"text-align: justify;\">Conforme o Instituto Nacional do C\u00e2ncer (INCA) a estimativa de novos casos a partir de 2020 s\u00e3o de 65.840.<\/p>\n<p style=\"text-align: justify;\">A doen\u00e7a \u00e9 confirmada ap\u00f3s fazer a bi\u00f3psia, que \u00e9 indicada ao encontrar alguma altera\u00e7\u00e3o no exame de sangue (PSA) ou no toque retal, que somente s\u00e3o prescritos a partir da suspeita de um caso por um m\u00e9dico especialista.<\/p>\n<p style=\"text-align: justify;\">Na fase inicial, o c\u00e2ncer de pr\u00f3stata pode n\u00e3o apresentar sintomas e, quando apresenta, os mais comuns s\u00e3o: dificuldade de urinar; demora em come\u00e7ar e terminar de urinar; sangue na urina; diminui\u00e7\u00e3o do jato de urina e necessidade de urinar mais vezes durante o dia ou \u00e0 noite.<\/p>\n<p><img loading=\"lazy\" decoding=\"async\" class=\"alignnone size-full wp-image-90385\" src=\"https:\/\/jorgezanoni.com.br\/2019\/wp-content\/uploads\/2024\/10\/dp1-Pequeno.jpg\" alt=\"\" width=\"360\" height=\"480\" srcset=\"https:\/\/jorgezanoni.com.br\/2019\/wp-content\/uploads\/2024\/10\/dp1-Pequeno.jpg 360w, https:\/\/jorgezanoni.com.br\/2019\/wp-content\/uploads\/2024\/10\/dp1-Pequeno-225x300.jpg 225w, https:\/\/jorgezanoni.com.br\/2019\/wp-content\/uploads\/2024\/10\/dp1-Pequeno-315x420.jpg 315w\" sizes=\"auto, (max-width: 360px) 100vw, 360px\" \/> <img loading=\"lazy\" decoding=\"async\" class=\"alignnone size-full wp-image-90386\" src=\"https:\/\/jorgezanoni.com.br\/2019\/wp-content\/uploads\/2024\/10\/dp2-Pequeno.jpg\" alt=\"\" width=\"360\" height=\"480\" srcset=\"https:\/\/jorgezanoni.com.br\/2019\/wp-content\/uploads\/2024\/10\/dp2-Pequeno.jpg 360w, https:\/\/jorgezanoni.com.br\/2019\/wp-content\/uploads\/2024\/10\/dp2-Pequeno-225x300.jpg 225w, https:\/\/jorgezanoni.com.br\/2019\/wp-content\/uploads\/2024\/10\/dp2-Pequeno-315x420.jpg 315w\" sizes=\"auto, (max-width: 360px) 100vw, 360px\" \/> <img loading=\"lazy\" decoding=\"async\" class=\"alignnone size-full wp-image-90387\" src=\"https:\/\/jorgezanoni.com.br\/2019\/wp-content\/uploads\/2024\/10\/dp3-Pequeno.jpg\" alt=\"\" width=\"360\" height=\"480\" srcset=\"https:\/\/jorgezanoni.com.br\/2019\/wp-content\/uploads\/2024\/10\/dp3-Pequeno.jpg 360w, https:\/\/jorgezanoni.com.br\/2019\/wp-content\/uploads\/2024\/10\/dp3-Pequeno-225x300.jpg 225w, https:\/\/jorgezanoni.com.br\/2019\/wp-content\/uploads\/2024\/10\/dp3-Pequeno-315x420.jpg 315w\" sizes=\"auto, (max-width: 360px) 100vw, 360px\" \/> <img loading=\"lazy\" decoding=\"async\" class=\"alignnone size-full wp-image-90389\" src=\"https:\/\/jorgezanoni.com.br\/2019\/wp-content\/uploads\/2024\/10\/dp5-Pequeno.jpg\" alt=\"\" width=\"456\" height=\"480\" srcset=\"https:\/\/jorgezanoni.com.br\/2019\/wp-content\/uploads\/2024\/10\/dp5-Pequeno.jpg 456w, https:\/\/jorgezanoni.com.br\/2019\/wp-content\/uploads\/2024\/10\/dp5-Pequeno-285x300.jpg 285w, https:\/\/jorgezanoni.com.br\/2019\/wp-content\/uploads\/2024\/10\/dp5-Pequeno-399x420.jpg 399w\" sizes=\"auto, (max-width: 456px) 100vw, 456px\" \/> <img loading=\"lazy\" decoding=\"async\" class=\"alignnone size-full wp-image-90390\" src=\"https:\/\/jorgezanoni.com.br\/2019\/wp-content\/uploads\/2024\/10\/dp4-Pequeno-1.jpg\" alt=\"\" width=\"538\" height=\"480\" srcset=\"https:\/\/jorgezanoni.com.br\/2019\/wp-content\/uploads\/2024\/10\/dp4-Pequeno-1.jpg 538w, https:\/\/jorgezanoni.com.br\/2019\/wp-content\/uploads\/2024\/10\/dp4-Pequeno-1-300x268.jpg 300w, https:\/\/jorgezanoni.com.br\/2019\/wp-content\/uploads\/2024\/10\/dp4-Pequeno-1-471x420.jpg 471w\" sizes=\"auto, (max-width: 538px) 100vw, 538px\" \/><\/p>\n<p>Fonte: Ass.Imp\/dpark zona azul<\/p>\n","protected":false},"excerpt":{"rendered":"<p>Os meses remetem a luta na preven\u00e7\u00e3o e cuidados dos c\u00e2nceres de mama e pr\u00f3stata que s\u00e3o comuns entre mulheres e homens. \u201cJuntos pela mesma causa\u201d. Essa \u00e9 a frase de slogan de conscientiza\u00e7\u00e3o que a dpark zona azul empresa que presta servi\u00e7o do estacionamento rotativo em Dracena-SP, est\u00e1 realizando em a\u00e7\u00f5es sobre o outubro [&hellip;]<\/p>\n","protected":false},"author":1,"featured_media":90384,"comment_status":"closed","ping_status":"open","sticky":false,"template":"","format":"standard","meta":{"footnotes":""},"categories":[179,184,180,110],"tags":[],"class_list":["post-90383","post","type-post","status-publish","format-standard","has-post-thumbnail","hentry","category-cidadeseregiao","category-dracena","category-estradastransitoveiculos","category-noticiasdestaque"],"_links":{"self":[{"href":"https:\/\/jorgezanoni.com.br\/2019\/wp-json\/wp\/v2\/posts\/90383","targetHints":{"allow":["GET"]}}],"collection":[{"href":"https:\/\/jorgezanoni.com.br\/2019\/wp-json\/wp\/v2\/posts"}],"about":[{"href":"https:\/\/jorgezanoni.com.br\/2019\/wp-json\/wp\/v2\/types\/post"}],"author":[{"embeddable":true,"href":"https:\/\/jorgezanoni.com.br\/2019\/wp-json\/wp\/v2\/users\/1"}],"replies":[{"embeddable":true,"href":"https:\/\/jorgezanoni.com.br\/2019\/wp-json\/wp\/v2\/comments?post=90383"}],"version-history":[{"count":1,"href":"https:\/\/jorgezanoni.com.br\/2019\/wp-json\/wp\/v2\/posts\/90383\/revisions"}],"predecessor-version":[{"id":90391,"href":"https:\/\/jorgezanoni.com.br\/2019\/wp-json\/wp\/v2\/posts\/90383\/revisions\/90391"}],"wp:featuredmedia":[{"embeddable":true,"href":"https:\/\/jorgezanoni.com.br\/2019\/wp-json\/wp\/v2\/media\/90384"}],"wp:attachment":[{"href":"https:\/\/jorgezanoni.com.br\/2019\/wp-json\/wp\/v2\/media?parent=90383"}],"wp:term":[{"taxonomy":"category","embeddable":true,"href":"https:\/\/jorgezanoni.com.br\/2019\/wp-json\/wp\/v2\/categories?post=90383"},{"taxonomy":"post_tag","embeddable":true,"href":"https:\/\/jorgezanoni.com.br\/2019\/wp-json\/wp\/v2\/tags?post=90383"}],"curies":[{"name":"wp","href":"https:\/\/api.w.org\/{rel}","templated":true}]}}