{"id":90364,"date":"2024-10-26T19:44:52","date_gmt":"2024-10-26T19:44:52","guid":{"rendered":"https:\/\/jorgezanoni.com.br\/2019\/?p=90364"},"modified":"2024-10-26T19:44:52","modified_gmt":"2024-10-26T19:44:52","slug":"tv-fronteira-deixara-de-transmitir-sinal-da-globo-na-regiao-em-2025-sera-substituida-pela-tv-tem","status":"publish","type":"post","link":"https:\/\/jorgezanoni.com.br\/2019\/tv-fronteira-deixara-de-transmitir-sinal-da-globo-na-regiao-em-2025-sera-substituida-pela-tv-tem\/","title":{"rendered":"TV Fronteira deixar\u00e1 de transmitir sinal da Globo na regi\u00e3o em 2025, ser\u00e1 substitu\u00edda pela TV TEM"},"content":{"rendered":"<p style=\"text-align: justify;\"><strong>TV Fronteira atua em parceria com a Rede Globo h\u00e1 30 anos. Motivos da mudan\u00e7a n\u00e3o foram esclarecidos.<\/strong><\/p>\n<p style=\"text-align: justify;\">A TV TEM ser\u00e1 a respons\u00e1vel pela transmiss\u00e3o do sinal da TV Globo para os 55 munic\u00edpios da regi\u00e3o de Presidente Prudente a partir de 2025, e vai assumir o lugar da TV Fronteira que presta os servi\u00e7os como filiada \u00e0 Rede Globo h\u00e1 30 anos. \u00a0A informa\u00e7\u00e3o \u00e9 do jornal O Imparcial de Presidente Prudente.<\/p>\n<p style=\"text-align: justify;\">A TV TEM\u00a0j\u00e1 atua como filiada da TV Globo nas regi\u00f5es de S\u00e3o Jos\u00e9 do Rio Preto, Sorocaba, Jundia\u00ed e atende cerca de 318 munic\u00edpios com cobertura jornal\u00edstica e retransmiss\u00e3o do sinal da principal emissora de TV aberta do pa\u00eds.<\/p>\n<p style=\"text-align: justify;\">Por meio de nota ao jornal O Imparcial, a assessoria da TV TEM confirmou a opera\u00e7\u00e3o. &#8220;Afiliada Globo desde 2003, a emissora atualmente j\u00e1 possui a maior abrang\u00eancia do Estado de S\u00e3o Paulo, retransmitindo o sinal da TV Globo para 318 munic\u00edpios, e est\u00e1 preparada para garantir a excel\u00eancia t\u00e9cnica e comercial, tanto para o p\u00fablico como para os anunciantes da regi\u00e3o de Presidente Prudente&#8221;, comunicou na nota.<\/p>\n<p style=\"text-align: justify;\">A TV Fronteira, emissora que come\u00e7ou a operacionalizar o sinal da TV Globo na regi\u00e3o em 1994, \u00e9 uma empresa do Grupo Paulo Lima. At\u00e9 ent\u00e3o, \u00e9 a emissora respons\u00e1vel pela cobertura jornal\u00edstica da regi\u00e3o em notici\u00e1rios como o Fronteira Not\u00edcia e o Bom Dia Fronteira.<\/p>\n<p style=\"text-align: justify;\">N\u00e3o h\u00e1 informa\u00e7\u00f5es, at\u00e9 o momento, do que gerou a motiva\u00e7\u00e3o da dire\u00e7\u00e3o da Rede Globo para promover a mudan\u00e7a.<\/p>\n<p style=\"text-align: justify;\">Tamb\u00e9m n\u00e3o foram esclarecidos ainda os prazos para o in\u00edcio da opera\u00e7\u00e3o da TV TEM, no entanto, a altera\u00e7\u00e3o de filiada dever\u00e1 ocorrer em 2025.<\/p>\n<p>Fonte: Jornal Imparcial<\/p>\n<p>&nbsp;<\/p>\n","protected":false},"excerpt":{"rendered":"<p>TV Fronteira atua em parceria com a Rede Globo h\u00e1 30 anos. Motivos da mudan\u00e7a n\u00e3o foram esclarecidos. A TV TEM ser\u00e1 a respons\u00e1vel pela transmiss\u00e3o do sinal da TV Globo para os 55 munic\u00edpios da regi\u00e3o de Presidente Prudente a partir de 2025, e vai assumir o lugar da TV Fronteira que presta os [&hellip;]<\/p>\n","protected":false},"author":1,"featured_media":90365,"comment_status":"closed","ping_status":"open","sticky":false,"template":"","format":"standard","meta":{"footnotes":""},"categories":[114,110],"tags":[],"class_list":["post-90364","post","type-post","status-publish","format-standard","has-post-thumbnail","hentry","category-geralecomercio","category-noticiasdestaque"],"_links":{"self":[{"href":"https:\/\/jorgezanoni.com.br\/2019\/wp-json\/wp\/v2\/posts\/90364","targetHints":{"allow":["GET"]}}],"collection":[{"href":"https:\/\/jorgezanoni.com.br\/2019\/wp-json\/wp\/v2\/posts"}],"about":[{"href":"https:\/\/jorgezanoni.com.br\/2019\/wp-json\/wp\/v2\/types\/post"}],"author":[{"embeddable":true,"href":"https:\/\/jorgezanoni.com.br\/2019\/wp-json\/wp\/v2\/users\/1"}],"replies":[{"embeddable":true,"href":"https:\/\/jorgezanoni.com.br\/2019\/wp-json\/wp\/v2\/comments?post=90364"}],"version-history":[{"count":1,"href":"https:\/\/jorgezanoni.com.br\/2019\/wp-json\/wp\/v2\/posts\/90364\/revisions"}],"predecessor-version":[{"id":90366,"href":"https:\/\/jorgezanoni.com.br\/2019\/wp-json\/wp\/v2\/posts\/90364\/revisions\/90366"}],"wp:featuredmedia":[{"embeddable":true,"href":"https:\/\/jorgezanoni.com.br\/2019\/wp-json\/wp\/v2\/media\/90365"}],"wp:attachment":[{"href":"https:\/\/jorgezanoni.com.br\/2019\/wp-json\/wp\/v2\/media?parent=90364"}],"wp:term":[{"taxonomy":"category","embeddable":true,"href":"https:\/\/jorgezanoni.com.br\/2019\/wp-json\/wp\/v2\/categories?post=90364"},{"taxonomy":"post_tag","embeddable":true,"href":"https:\/\/jorgezanoni.com.br\/2019\/wp-json\/wp\/v2\/tags?post=90364"}],"curies":[{"name":"wp","href":"https:\/\/api.w.org\/{rel}","templated":true}]}}