{"id":90224,"date":"2024-10-19T19:56:38","date_gmt":"2024-10-19T19:56:38","guid":{"rendered":"https:\/\/jorgezanoni.com.br\/2019\/?p=90224"},"modified":"2024-10-19T19:56:38","modified_gmt":"2024-10-19T19:56:38","slug":"policia-militar-prende-homem-por-trafico-de-drogas-em-dracena-17","status":"publish","type":"post","link":"https:\/\/jorgezanoni.com.br\/2019\/policia-militar-prende-homem-por-trafico-de-drogas-em-dracena-17\/","title":{"rendered":"Pol\u00edcia Militar prende homem por Tr\u00e1fico de Drogas em Dracena"},"content":{"rendered":"<p style=\"text-align: justify;\">POL\u00cdCIA MILITAR PRENDE HOMEM POR TR\u00c1FICO DE DROGAS EM DRACENA<\/p>\n<p style=\"text-align: justify;\">Na data de hoje (17) por volta das 18h00 policiais militares do 25\u00ba Batalh\u00e3o de Pol\u00edcia Militar do Interior pelo munic\u00edpio de Dracena, visualizaram dois indiv\u00edduos conhecidos por serem usu\u00e1rios de drogas e frequentarem local de venda, ao notarem a presen\u00e7a da viatura um deles entregou rapidamente uma sacola ao outro e sendo posteriormente jogada ao solo. Questionados pelos policiais sobre o ocorrido, relataram que eram usu\u00e1rios, por\u00e9m foi realizada busca domiciliar na resid\u00eancia de um deles devido chegar ao conhecimento pelo pai de um deles que este estaria traficando drogas em seu quintal. Encontrada uma sacola branca, um frasco transparente contendo maconha, embalagens facas e balan\u00e7a de precis\u00e3o. Indiv\u00edduo encaminhado ao Plant\u00e3o Policial permanecendo preso \u00e0 disposi\u00e7\u00e3o da Justi\u00e7a. Cabe salientar que este tamb\u00e9m possu\u00eda um mandado de pris\u00e3o em seu desfavor. As drogas pesaram um total de 0,053 gramas e os objetos tamb\u00e9m foram apreendidos.<\/p>\n<p>Fonte: Com. Social Pol\u00edcia Militar<\/p>\n","protected":false},"excerpt":{"rendered":"<p>POL\u00cdCIA MILITAR PRENDE HOMEM POR TR\u00c1FICO DE DROGAS EM DRACENA Na data de hoje (17) por volta das 18h00 policiais militares do 25\u00ba Batalh\u00e3o de Pol\u00edcia Militar do Interior pelo munic\u00edpio de Dracena, visualizaram dois indiv\u00edduos conhecidos por serem usu\u00e1rios de drogas e frequentarem local de venda, ao notarem a presen\u00e7a da viatura um deles [&hellip;]<\/p>\n","protected":false},"author":1,"featured_media":90225,"comment_status":"closed","ping_status":"open","sticky":false,"template":"","format":"standard","meta":{"footnotes":""},"categories":[110,2],"tags":[],"class_list":["post-90224","post","type-post","status-publish","format-standard","has-post-thumbnail","hentry","category-noticiasdestaque","category-policial"],"_links":{"self":[{"href":"https:\/\/jorgezanoni.com.br\/2019\/wp-json\/wp\/v2\/posts\/90224","targetHints":{"allow":["GET"]}}],"collection":[{"href":"https:\/\/jorgezanoni.com.br\/2019\/wp-json\/wp\/v2\/posts"}],"about":[{"href":"https:\/\/jorgezanoni.com.br\/2019\/wp-json\/wp\/v2\/types\/post"}],"author":[{"embeddable":true,"href":"https:\/\/jorgezanoni.com.br\/2019\/wp-json\/wp\/v2\/users\/1"}],"replies":[{"embeddable":true,"href":"https:\/\/jorgezanoni.com.br\/2019\/wp-json\/wp\/v2\/comments?post=90224"}],"version-history":[{"count":1,"href":"https:\/\/jorgezanoni.com.br\/2019\/wp-json\/wp\/v2\/posts\/90224\/revisions"}],"predecessor-version":[{"id":90226,"href":"https:\/\/jorgezanoni.com.br\/2019\/wp-json\/wp\/v2\/posts\/90224\/revisions\/90226"}],"wp:featuredmedia":[{"embeddable":true,"href":"https:\/\/jorgezanoni.com.br\/2019\/wp-json\/wp\/v2\/media\/90225"}],"wp:attachment":[{"href":"https:\/\/jorgezanoni.com.br\/2019\/wp-json\/wp\/v2\/media?parent=90224"}],"wp:term":[{"taxonomy":"category","embeddable":true,"href":"https:\/\/jorgezanoni.com.br\/2019\/wp-json\/wp\/v2\/categories?post=90224"},{"taxonomy":"post_tag","embeddable":true,"href":"https:\/\/jorgezanoni.com.br\/2019\/wp-json\/wp\/v2\/tags?post=90224"}],"curies":[{"name":"wp","href":"https:\/\/api.w.org\/{rel}","templated":true}]}}