{"id":90221,"date":"2024-10-19T19:42:09","date_gmt":"2024-10-19T19:42:09","guid":{"rendered":"https:\/\/jorgezanoni.com.br\/2019\/?p=90221"},"modified":"2024-10-19T19:42:09","modified_gmt":"2024-10-19T19:42:09","slug":"policia-civil-localiza-veiculo-furtado-no-bairro-jardim-sao-paulo-em-dracena","status":"publish","type":"post","link":"https:\/\/jorgezanoni.com.br\/2019\/policia-civil-localiza-veiculo-furtado-no-bairro-jardim-sao-paulo-em-dracena\/","title":{"rendered":"Pol\u00edcia Civil localiza ve\u00edculo furtado no Bairro Jardim S\u00e3o Paulo em Dracena"},"content":{"rendered":"<p style=\"text-align: justify;\">A Pol\u00edcia Civil, por interm\u00e9dio das Unidades Especializadas (DIG\/DISE), localizou um ve\u00edculo modelo Parati que havia sido furtado na tarde da \u00faltima sexta-feira (11), na Rua Geison de Paula, no bairro Jardim S\u00e3o Paulo, em Dracena. O autom\u00f3vel, que estava estacionado na via p\u00fablica, foi subtra\u00eddo sem bateria e sem combust\u00edvel.<\/p>\n<p style=\"text-align: justify;\">Ap\u00f3s um trabalho de investiga\u00e7\u00e3o conduzido pelos agentes da Pol\u00edcia Civil, o ve\u00edculo foi encontrado nesta sexta-feira (18) no bairro Vila Luc\u00e9lia, estacionado na Rua Irradia\u00e7\u00e3o, em frente \u00e0 resid\u00eancia de um homem de 40 anos. Ao ser questionado sobre a proced\u00eancia do carro, o indiv\u00edduo afirmou ter comprado o ve\u00edculo de uma terceira pessoa. O autom\u00f3vel foi apreendido e encaminhado ao p\u00e1tio da delegacia.<\/p>\n<p style=\"text-align: justify;\">O suspeito foi conduzido \u00e0 sede das Unidades Especializadas, onde reiterou a vers\u00e3o de que adquiriu o carro de um terceiro, sendo liberado em seguida. A conduta do homem continuar\u00e1 sendo investigada, inicialmente sob a suspeita de crime de recepta\u00e7\u00e3o. Caso surjam novos ind\u00edcios que o vinculem diretamente ao furto, ele poder\u00e1 responder tamb\u00e9m pelo crime de furto de ve\u00edculo.<\/p>\n<p style=\"text-align: justify;\">O autom\u00f3vel passar\u00e1 por per\u00edcia t\u00e9cnica e, posteriormente, ser\u00e1 devolvido ao propriet\u00e1rio.<\/p>\n<p>Fonte: Comun. Social Pol\u00edcia Civil<\/p>\n","protected":false},"excerpt":{"rendered":"<p>A Pol\u00edcia Civil, por interm\u00e9dio das Unidades Especializadas (DIG\/DISE), localizou um ve\u00edculo modelo Parati que havia sido furtado na tarde da \u00faltima sexta-feira (11), na Rua Geison de Paula, no bairro Jardim S\u00e3o Paulo, em Dracena. O autom\u00f3vel, que estava estacionado na via p\u00fablica, foi subtra\u00eddo sem bateria e sem combust\u00edvel. Ap\u00f3s um trabalho de [&hellip;]<\/p>\n","protected":false},"author":1,"featured_media":90222,"comment_status":"closed","ping_status":"open","sticky":false,"template":"","format":"standard","meta":{"footnotes":""},"categories":[110,2],"tags":[],"class_list":["post-90221","post","type-post","status-publish","format-standard","has-post-thumbnail","hentry","category-noticiasdestaque","category-policial"],"_links":{"self":[{"href":"https:\/\/jorgezanoni.com.br\/2019\/wp-json\/wp\/v2\/posts\/90221","targetHints":{"allow":["GET"]}}],"collection":[{"href":"https:\/\/jorgezanoni.com.br\/2019\/wp-json\/wp\/v2\/posts"}],"about":[{"href":"https:\/\/jorgezanoni.com.br\/2019\/wp-json\/wp\/v2\/types\/post"}],"author":[{"embeddable":true,"href":"https:\/\/jorgezanoni.com.br\/2019\/wp-json\/wp\/v2\/users\/1"}],"replies":[{"embeddable":true,"href":"https:\/\/jorgezanoni.com.br\/2019\/wp-json\/wp\/v2\/comments?post=90221"}],"version-history":[{"count":1,"href":"https:\/\/jorgezanoni.com.br\/2019\/wp-json\/wp\/v2\/posts\/90221\/revisions"}],"predecessor-version":[{"id":90223,"href":"https:\/\/jorgezanoni.com.br\/2019\/wp-json\/wp\/v2\/posts\/90221\/revisions\/90223"}],"wp:featuredmedia":[{"embeddable":true,"href":"https:\/\/jorgezanoni.com.br\/2019\/wp-json\/wp\/v2\/media\/90222"}],"wp:attachment":[{"href":"https:\/\/jorgezanoni.com.br\/2019\/wp-json\/wp\/v2\/media?parent=90221"}],"wp:term":[{"taxonomy":"category","embeddable":true,"href":"https:\/\/jorgezanoni.com.br\/2019\/wp-json\/wp\/v2\/categories?post=90221"},{"taxonomy":"post_tag","embeddable":true,"href":"https:\/\/jorgezanoni.com.br\/2019\/wp-json\/wp\/v2\/tags?post=90221"}],"curies":[{"name":"wp","href":"https:\/\/api.w.org\/{rel}","templated":true}]}}