{"id":90218,"date":"2024-10-19T19:30:47","date_gmt":"2024-10-19T19:30:47","guid":{"rendered":"https:\/\/jorgezanoni.com.br\/2019\/?p=90218"},"modified":"2024-10-19T19:30:47","modified_gmt":"2024-10-19T19:30:47","slug":"necrim-agora-atende-no-complexo-central-de-policia-judiciaria-de-dracena","status":"publish","type":"post","link":"https:\/\/jorgezanoni.com.br\/2019\/necrim-agora-atende-no-complexo-central-de-policia-judiciaria-de-dracena\/","title":{"rendered":"NECRIM agora atende no complexo central de Pol\u00edcia Judici\u00e1ria de Dracena"},"content":{"rendered":"<p style=\"text-align: justify;\">Desde o in\u00edcio de outubro, o N\u00facleo Especial Criminal (NECRIM) de Dracena passou a funcionar no edif\u00edcio que abriga a Central de Pol\u00edcia Judici\u00e1ria (CPJ). A popula\u00e7\u00e3o que necessitar dos servi\u00e7os do NECRIM deve se dirigir \u00e0 Rua Martin Afonso, 1429, no bairro S\u00e3o Francisco, onde est\u00e1 localizado o complexo da CPJ. Esse espa\u00e7o tamb\u00e9m concentra outras unidades policiais, como a Delegacia de Defesa da Mulher (DDM), as Unidades Agrupadas do 1\u00ba e 2\u00ba Distrito Policial, al\u00e9m das Unidades Especializadas DIG\/DISE e o Plant\u00e3o Central.<\/p>\n<p style=\"text-align: justify;\">O NECRIM tamb\u00e9m est\u00e1 com um novo n\u00famero de contato telef\u00f4nico: (18) 3822-2888. O atendimento \u00e9 realizado de segunda a sexta-feira, das 8h \u00e0s 18h.<\/p>\n<p>Fonte: Comunica\u00e7\u00e3o Social Pol\u00edcia Civil<\/p>\n","protected":false},"excerpt":{"rendered":"<p>Desde o in\u00edcio de outubro, o N\u00facleo Especial Criminal (NECRIM) de Dracena passou a funcionar no edif\u00edcio que abriga a Central de Pol\u00edcia Judici\u00e1ria (CPJ). A popula\u00e7\u00e3o que necessitar dos servi\u00e7os do NECRIM deve se dirigir \u00e0 Rua Martin Afonso, 1429, no bairro S\u00e3o Francisco, onde est\u00e1 localizado o complexo da CPJ. Esse espa\u00e7o tamb\u00e9m [&hellip;]<\/p>\n","protected":false},"author":1,"featured_media":90219,"comment_status":"closed","ping_status":"open","sticky":false,"template":"","format":"standard","meta":{"footnotes":""},"categories":[110,2],"tags":[],"class_list":["post-90218","post","type-post","status-publish","format-standard","has-post-thumbnail","hentry","category-noticiasdestaque","category-policial"],"_links":{"self":[{"href":"https:\/\/jorgezanoni.com.br\/2019\/wp-json\/wp\/v2\/posts\/90218","targetHints":{"allow":["GET"]}}],"collection":[{"href":"https:\/\/jorgezanoni.com.br\/2019\/wp-json\/wp\/v2\/posts"}],"about":[{"href":"https:\/\/jorgezanoni.com.br\/2019\/wp-json\/wp\/v2\/types\/post"}],"author":[{"embeddable":true,"href":"https:\/\/jorgezanoni.com.br\/2019\/wp-json\/wp\/v2\/users\/1"}],"replies":[{"embeddable":true,"href":"https:\/\/jorgezanoni.com.br\/2019\/wp-json\/wp\/v2\/comments?post=90218"}],"version-history":[{"count":1,"href":"https:\/\/jorgezanoni.com.br\/2019\/wp-json\/wp\/v2\/posts\/90218\/revisions"}],"predecessor-version":[{"id":90220,"href":"https:\/\/jorgezanoni.com.br\/2019\/wp-json\/wp\/v2\/posts\/90218\/revisions\/90220"}],"wp:featuredmedia":[{"embeddable":true,"href":"https:\/\/jorgezanoni.com.br\/2019\/wp-json\/wp\/v2\/media\/90219"}],"wp:attachment":[{"href":"https:\/\/jorgezanoni.com.br\/2019\/wp-json\/wp\/v2\/media?parent=90218"}],"wp:term":[{"taxonomy":"category","embeddable":true,"href":"https:\/\/jorgezanoni.com.br\/2019\/wp-json\/wp\/v2\/categories?post=90218"},{"taxonomy":"post_tag","embeddable":true,"href":"https:\/\/jorgezanoni.com.br\/2019\/wp-json\/wp\/v2\/tags?post=90218"}],"curies":[{"name":"wp","href":"https:\/\/api.w.org\/{rel}","templated":true}]}}