{"id":8998,"date":"2019-10-17T13:05:03","date_gmt":"2019-10-17T13:05:03","guid":{"rendered":"https:\/\/jorgezanoni.com.br\/2019\/?p=8998"},"modified":"2019-10-17T13:05:03","modified_gmt":"2019-10-17T13:05:03","slug":"morador-de-dracena-e-preso-com-droga-na-rodoviaria-de-andradina","status":"publish","type":"post","link":"https:\/\/jorgezanoni.com.br\/2019\/morador-de-dracena-e-preso-com-droga-na-rodoviaria-de-andradina\/","title":{"rendered":"Morador de Dracena \u00e9 preso com droga na rodovi\u00e1ria de Andradina"},"content":{"rendered":"<p style=\"text-align: justify;\">O servente de pedreiro (desempregado), M.P. da C., de 42 anos, residente no Jardim Brasil\u00e2ndia, em Dracena\/SP, foi preso pela Pol\u00edcia Militar no final da tarde de quarta-feira, 16, acusado de tr\u00e1fico de entorpecente, ap\u00f3s ser flagrado com uma pedra bruta de crack pesando 44 gramas.<\/p>\n<p><img loading=\"lazy\" decoding=\"async\" class=\"alignnone size-full wp-image-8999\" src=\"https:\/\/jorgezanoni.com.br\/2019\/wp-content\/uploads\/2019\/10\/MIL1.jpg\" alt=\"\" width=\"1040\" height=\"780\" srcset=\"https:\/\/jorgezanoni.com.br\/2019\/wp-content\/uploads\/2019\/10\/MIL1.jpg 1040w, https:\/\/jorgezanoni.com.br\/2019\/wp-content\/uploads\/2019\/10\/MIL1-300x225.jpg 300w, https:\/\/jorgezanoni.com.br\/2019\/wp-content\/uploads\/2019\/10\/MIL1-768x576.jpg 768w, https:\/\/jorgezanoni.com.br\/2019\/wp-content\/uploads\/2019\/10\/MIL1-1024x768.jpg 1024w, https:\/\/jorgezanoni.com.br\/2019\/wp-content\/uploads\/2019\/10\/MIL1-80x60.jpg 80w, https:\/\/jorgezanoni.com.br\/2019\/wp-content\/uploads\/2019\/10\/MIL1-265x198.jpg 265w, https:\/\/jorgezanoni.com.br\/2019\/wp-content\/uploads\/2019\/10\/MIL1-696x522.jpg 696w, https:\/\/jorgezanoni.com.br\/2019\/wp-content\/uploads\/2019\/10\/MIL1-560x420.jpg 560w\" sizes=\"auto, (max-width: 1040px) 100vw, 1040px\" \/><\/p>\n<p style=\"text-align: justify;\">Encaminhado ao plant\u00e3o da Delegacia Seccional, foi indiciado e permaneceu \u00e0 disposi\u00e7\u00e3o da Justi\u00e7a. A droga foi apreendida pela Pol\u00edcia Civil.<\/p>\n<p style=\"text-align: justify;\">A pris\u00e3o do acusado aconteceu durante patrulhamento da For\u00e7a T\u00e1tica pelo munic\u00edpio de Andradina, quando uma equipe formada pelo sargento PM Estigarribia, cabos PMs Andrade e Camargo, passou pela rua atr\u00e1s do terminal rodovi\u00e1rio e deparou com ele sentado na escadaria de acesso \u00e0s plataformas de embarque.<\/p>\n<p style=\"text-align: justify;\">Quando ele percebeu que seria abordado, empreendeu fuga para o interior da rodovi\u00e1ria, dispensando um inv\u00f3lucro branco. Os policiais o perseguiram e o detiveram no interior do banheiro abordando-o e revistandoo, sendo localizados R$ 35,00 e um Celular.<\/p>\n<p style=\"text-align: justify;\">Na abordagem, os policiais militares foram averiguar o que ele havia jogado e descobriram tratar-se de pedra bruta de Crack que pesou 44 gramas.<\/p>\n<p style=\"text-align: justify;\">Questionado sobre a droga localizada, admitiu ser de sua propriedade, informando que adquiriu na cidade de Tr\u00eas Lagoas\/MS, pagando o valor de R$ 1 mil e seria para seu consumo, j\u00e1 que \u00e9 usu\u00e1rio h\u00e1 mais de 20 anos e estava no terminal rodovi\u00e1ria de Andradina aguardando um \u00f4nibus para retornar para sua cidade de origem.<\/p>\n<p style=\"text-align: justify;\">Diante do material il\u00edcito localizado, foi dada voz de pris\u00e3o pelo crime de tr\u00e1fico de entorpecente, sendo encaminhado at\u00e9 a Seccional de Andradina, onde o delegado ratificou a pris\u00e3o em flagrante. Ele aguardou pela carceragem no local para ser apresentado em audi\u00eancia de cust\u00f3dia no f\u00f3rum local, nesta quinta-feira (17).<\/p>\n<p style=\"text-align: justify;\">Fonte: Manoel Messias\/Mil Noticias<\/p>\n","protected":false},"excerpt":{"rendered":"<p>O servente de pedreiro (desempregado), M.P. da C., de 42 anos, residente no Jardim Brasil\u00e2ndia, em Dracena\/SP, foi preso pela Pol\u00edcia Militar no final da tarde de quarta-feira, 16, acusado de tr\u00e1fico de entorpecente, ap\u00f3s ser flagrado com uma pedra bruta de crack pesando 44 gramas. Encaminhado ao plant\u00e3o da Delegacia Seccional, foi indiciado e [&hellip;]<\/p>\n","protected":false},"author":1,"featured_media":9000,"comment_status":"closed","ping_status":"open","sticky":false,"template":"","format":"standard","meta":{"footnotes":""},"categories":[110,2],"tags":[],"class_list":["post-8998","post","type-post","status-publish","format-standard","has-post-thumbnail","hentry","category-noticiasdestaque","category-policial"],"_links":{"self":[{"href":"https:\/\/jorgezanoni.com.br\/2019\/wp-json\/wp\/v2\/posts\/8998","targetHints":{"allow":["GET"]}}],"collection":[{"href":"https:\/\/jorgezanoni.com.br\/2019\/wp-json\/wp\/v2\/posts"}],"about":[{"href":"https:\/\/jorgezanoni.com.br\/2019\/wp-json\/wp\/v2\/types\/post"}],"author":[{"embeddable":true,"href":"https:\/\/jorgezanoni.com.br\/2019\/wp-json\/wp\/v2\/users\/1"}],"replies":[{"embeddable":true,"href":"https:\/\/jorgezanoni.com.br\/2019\/wp-json\/wp\/v2\/comments?post=8998"}],"version-history":[{"count":0,"href":"https:\/\/jorgezanoni.com.br\/2019\/wp-json\/wp\/v2\/posts\/8998\/revisions"}],"wp:featuredmedia":[{"embeddable":true,"href":"https:\/\/jorgezanoni.com.br\/2019\/wp-json\/wp\/v2\/media\/9000"}],"wp:attachment":[{"href":"https:\/\/jorgezanoni.com.br\/2019\/wp-json\/wp\/v2\/media?parent=8998"}],"wp:term":[{"taxonomy":"category","embeddable":true,"href":"https:\/\/jorgezanoni.com.br\/2019\/wp-json\/wp\/v2\/categories?post=8998"},{"taxonomy":"post_tag","embeddable":true,"href":"https:\/\/jorgezanoni.com.br\/2019\/wp-json\/wp\/v2\/tags?post=8998"}],"curies":[{"name":"wp","href":"https:\/\/api.w.org\/{rel}","templated":true}]}}