{"id":8995,"date":"2019-10-17T12:42:36","date_gmt":"2019-10-17T12:42:36","guid":{"rendered":"https:\/\/jorgezanoni.com.br\/2019\/?p=8995"},"modified":"2019-10-17T12:42:36","modified_gmt":"2019-10-17T12:42:36","slug":"policia-militar-cumpre-mandado-de-prisao-em-ouro-verde","status":"publish","type":"post","link":"https:\/\/jorgezanoni.com.br\/2019\/policia-militar-cumpre-mandado-de-prisao-em-ouro-verde\/","title":{"rendered":"Pol\u00edcia Militar cumpre mandado de pris\u00e3o em Ouro Verde"},"content":{"rendered":"<p style=\"text-align: justify;\">Ocorr\u00eancia: Condenado capturado<\/p>\n<p style=\"text-align: justify;\">Hist\u00f3rico<\/p>\n<p style=\"text-align: justify;\">Ao tomar conhecimento do mandado de pris\u00e3o em desfavor de L.A.da S., deslocamos at\u00e9 a resid\u00eancia onde solicitamos a documenta\u00e7\u00e3o ao referido e pesquisa via COPOM constou mandado de pris\u00e3o n 168.2019\/13497-9 Roubo Majorado expedido pela 3 vara do f\u00f3rum de Dracena\/SP. Diante dos fatos conduzido at\u00e9 a delegacia de Ouro Verde onde delegado Dr Mateus Videira realizou pesquisa e contato ao f\u00f3rum onde constou o referido mandado. Permanecendo a disposi\u00e7\u00e3o da Justi\u00e7a. Apoio a ocorr\u00eancia Cb PM Fabri o qual estava saindo de servi\u00e7o e apoio o desfecho.<\/p>\n<p style=\"text-align: justify;\">Local: rua s\u00e3o salvador, bairro Para\u00edso, Ouro Verde\/SP<br \/>\nData: 16\/10\/2019 17:42hs<\/p>\n<p style=\"text-align: justify;\">Sentenciado: L.A.da S. RG 49.691.876 SSP\/SP<\/p>\n<p style=\"text-align: justify;\">VTR 104: Enc CB Fabr\u00edcio e Mor CB Alessandro e CB Fabri<\/p>\n","protected":false},"excerpt":{"rendered":"<p>Ocorr\u00eancia: Condenado capturado Hist\u00f3rico Ao tomar conhecimento do mandado de pris\u00e3o em desfavor de L.A.da S., deslocamos at\u00e9 a resid\u00eancia onde solicitamos a documenta\u00e7\u00e3o ao referido e pesquisa via COPOM constou mandado de pris\u00e3o n 168.2019\/13497-9 Roubo Majorado expedido pela 3 vara do f\u00f3rum de Dracena\/SP. Diante dos fatos conduzido at\u00e9 a delegacia de Ouro [&hellip;]<\/p>\n","protected":false},"author":1,"featured_media":8996,"comment_status":"closed","ping_status":"open","sticky":false,"template":"","format":"standard","meta":{"footnotes":""},"categories":[2],"tags":[],"class_list":["post-8995","post","type-post","status-publish","format-standard","has-post-thumbnail","hentry","category-policial"],"_links":{"self":[{"href":"https:\/\/jorgezanoni.com.br\/2019\/wp-json\/wp\/v2\/posts\/8995","targetHints":{"allow":["GET"]}}],"collection":[{"href":"https:\/\/jorgezanoni.com.br\/2019\/wp-json\/wp\/v2\/posts"}],"about":[{"href":"https:\/\/jorgezanoni.com.br\/2019\/wp-json\/wp\/v2\/types\/post"}],"author":[{"embeddable":true,"href":"https:\/\/jorgezanoni.com.br\/2019\/wp-json\/wp\/v2\/users\/1"}],"replies":[{"embeddable":true,"href":"https:\/\/jorgezanoni.com.br\/2019\/wp-json\/wp\/v2\/comments?post=8995"}],"version-history":[{"count":0,"href":"https:\/\/jorgezanoni.com.br\/2019\/wp-json\/wp\/v2\/posts\/8995\/revisions"}],"wp:featuredmedia":[{"embeddable":true,"href":"https:\/\/jorgezanoni.com.br\/2019\/wp-json\/wp\/v2\/media\/8996"}],"wp:attachment":[{"href":"https:\/\/jorgezanoni.com.br\/2019\/wp-json\/wp\/v2\/media?parent=8995"}],"wp:term":[{"taxonomy":"category","embeddable":true,"href":"https:\/\/jorgezanoni.com.br\/2019\/wp-json\/wp\/v2\/categories?post=8995"},{"taxonomy":"post_tag","embeddable":true,"href":"https:\/\/jorgezanoni.com.br\/2019\/wp-json\/wp\/v2\/tags?post=8995"}],"curies":[{"name":"wp","href":"https:\/\/api.w.org\/{rel}","templated":true}]}}