{"id":89934,"date":"2024-10-17T22:08:36","date_gmt":"2024-10-17T22:08:36","guid":{"rendered":"https:\/\/jorgezanoni.com.br\/2019\/?p=89934"},"modified":"2024-10-17T22:09:36","modified_gmt":"2024-10-17T22:09:36","slug":"policia-militar-prende-dois-adolescentes-por-ato-infracional-de-trafico-de-drogas-e-aprende-simulacro-de-arma-de-fogo-em-dracena","status":"publish","type":"post","link":"https:\/\/jorgezanoni.com.br\/2019\/policia-militar-prende-dois-adolescentes-por-ato-infracional-de-trafico-de-drogas-e-aprende-simulacro-de-arma-de-fogo-em-dracena\/","title":{"rendered":"Pol\u00edcia Militar prende dois adolescentes por ato infracional de Tr\u00e1fico de Drogas e apreende Simulacro de Arma de Fogo em Dracena"},"content":{"rendered":"<p style=\"text-align: justify;\">Na data de hoje (17) por volta das 11h policiais militares do 25\u00ba Batalh\u00e3o de Pol\u00edcia Militar do Interior em patrulhamento com motocicletas pelo munic\u00edpio de Dracena, Bairro Santa Clara, visualizou o adolescente (14 anos) com um objeto branco nas m\u00e3os e tamb\u00e9m dinheiro, ao dar voz de parada ele empreendeu fuga momento em que adentrou rapidamente em uma casa, correndo para os fundos da casa, sendo nesse momento visualizado um segundo indiv\u00edduo, o adolescente (15 anos) que ao visualizar a equipe lan\u00e7ou sob o muro um frasco contendo em seu interior por\u00e7\u00f5es aparentando ser crack e uma faca de serra. Ao ser realizada a abordagem e busca pessoal, foi localizado nas m\u00e3os de um dos adolescentes R$ 40,00 em c\u00e9dulas e um cigarro de maconha envolvido em seda branca, em seguida foi localizado nos fundos do quintal um frasco preto contendo em seu interior pedras de crack e uma faca.<br \/>\nDiante dos fatos foi acionado o Conselho Tutelar bem como o Canil Setorial do 25\u00ba BPM\/I e em busca domiciliar com o c\u00e3o de faro &#8220;Emy&#8221; foi localizado dentro da churrasqueira uma por\u00e7\u00e3o de maconha embalada e tamb\u00e9m no muro interno da resid\u00eancia uma pedra bruta.<br \/>\nAinda fora localizado no quarto de um dos adolescentes a quantia de R$ 256,00 e no arm\u00e1rio da cozinha uma r\u00e9plica de pistola de cor preta. Os sindicados foram conduzidos ao Plant\u00e3o Policial de Dracena sendo apreendido os menores, permanecendo ambos a disposi\u00e7\u00e3o da Justi\u00e7a.<\/p>\n<p><img loading=\"lazy\" decoding=\"async\" class=\"alignnone size-full wp-image-89935\" src=\"https:\/\/jorgezanoni.com.br\/2019\/wp-content\/uploads\/2024\/10\/zz-drc-1-Pequeno.jpg\" alt=\"\" width=\"270\" height=\"480\" srcset=\"https:\/\/jorgezanoni.com.br\/2019\/wp-content\/uploads\/2024\/10\/zz-drc-1-Pequeno.jpg 270w, https:\/\/jorgezanoni.com.br\/2019\/wp-content\/uploads\/2024\/10\/zz-drc-1-Pequeno-169x300.jpg 169w, https:\/\/jorgezanoni.com.br\/2019\/wp-content\/uploads\/2024\/10\/zz-drc-1-Pequeno-236x420.jpg 236w\" sizes=\"auto, (max-width: 270px) 100vw, 270px\" \/><\/p>\n<p>Fonte: Com. Social Pol\u00edcia Militar<\/p>\n","protected":false},"excerpt":{"rendered":"<p>Na data de hoje (17) por volta das 11h policiais militares do 25\u00ba Batalh\u00e3o de Pol\u00edcia Militar do Interior em patrulhamento com motocicletas pelo munic\u00edpio de Dracena, Bairro Santa Clara, visualizou o adolescente (14 anos) com um objeto branco nas m\u00e3os e tamb\u00e9m dinheiro, ao dar voz de parada ele empreendeu fuga momento em que [&hellip;]<\/p>\n","protected":false},"author":1,"featured_media":89936,"comment_status":"closed","ping_status":"open","sticky":false,"template":"","format":"standard","meta":{"footnotes":""},"categories":[110,2],"tags":[],"class_list":["post-89934","post","type-post","status-publish","format-standard","has-post-thumbnail","hentry","category-noticiasdestaque","category-policial"],"_links":{"self":[{"href":"https:\/\/jorgezanoni.com.br\/2019\/wp-json\/wp\/v2\/posts\/89934","targetHints":{"allow":["GET"]}}],"collection":[{"href":"https:\/\/jorgezanoni.com.br\/2019\/wp-json\/wp\/v2\/posts"}],"about":[{"href":"https:\/\/jorgezanoni.com.br\/2019\/wp-json\/wp\/v2\/types\/post"}],"author":[{"embeddable":true,"href":"https:\/\/jorgezanoni.com.br\/2019\/wp-json\/wp\/v2\/users\/1"}],"replies":[{"embeddable":true,"href":"https:\/\/jorgezanoni.com.br\/2019\/wp-json\/wp\/v2\/comments?post=89934"}],"version-history":[{"count":2,"href":"https:\/\/jorgezanoni.com.br\/2019\/wp-json\/wp\/v2\/posts\/89934\/revisions"}],"predecessor-version":[{"id":89938,"href":"https:\/\/jorgezanoni.com.br\/2019\/wp-json\/wp\/v2\/posts\/89934\/revisions\/89938"}],"wp:featuredmedia":[{"embeddable":true,"href":"https:\/\/jorgezanoni.com.br\/2019\/wp-json\/wp\/v2\/media\/89936"}],"wp:attachment":[{"href":"https:\/\/jorgezanoni.com.br\/2019\/wp-json\/wp\/v2\/media?parent=89934"}],"wp:term":[{"taxonomy":"category","embeddable":true,"href":"https:\/\/jorgezanoni.com.br\/2019\/wp-json\/wp\/v2\/categories?post=89934"},{"taxonomy":"post_tag","embeddable":true,"href":"https:\/\/jorgezanoni.com.br\/2019\/wp-json\/wp\/v2\/tags?post=89934"}],"curies":[{"name":"wp","href":"https:\/\/api.w.org\/{rel}","templated":true}]}}