{"id":89859,"date":"2024-10-15T10:58:43","date_gmt":"2024-10-15T10:58:43","guid":{"rendered":"https:\/\/jorgezanoni.com.br\/2019\/?p=89859"},"modified":"2024-10-15T10:58:43","modified_gmt":"2024-10-15T10:58:43","slug":"homenagem-do-site-jz-hoje-e-comemorado-o-dia-dos-professores","status":"publish","type":"post","link":"https:\/\/jorgezanoni.com.br\/2019\/homenagem-do-site-jz-hoje-e-comemorado-o-dia-dos-professores\/","title":{"rendered":"HOMENAGEM DO SITE JZ: Hoje \u00e9 comemorado o &#8220;Dia dos Professores&#8221;"},"content":{"rendered":"<p style=\"text-align: justify;\">O dia\u00a0<a title=\"5 de outubro\" href=\"https:\/\/pt.wikipedia.org\/wiki\/5_de_outubro\">5 de outubro<\/a>\u00a0foi proclamado pela\u00a0<a title=\"Organiza\u00e7\u00e3o das Na\u00e7\u00f5es Unidas para a Educa\u00e7\u00e3o, a Ci\u00eancia e a Cultura\" href=\"https:\/\/pt.wikipedia.org\/wiki\/Organiza%C3%A7%C3%A3o_das_Na%C3%A7%C3%B5es_Unidas_para_a_Educa%C3%A7%C3%A3o,_a_Ci%C3%AAncia_e_a_Cultura\">UNESCO<\/a>\u00a0como\u00a0<b>Dia Mundial dos Professores<\/b>\u00a0em 1994,<sup id=\"cite_ref-1\" class=\"reference\"><a href=\"https:\/\/pt.wikipedia.org\/wiki\/Dia_do_Professor#cite_note-1\">[1]<\/a><\/sup>\u00a0para celebrar a aprova\u00e7\u00e3o, em 5 de outubro de 1966, a Recomenda\u00e7\u00e3o da UNESCO \/\u00a0<a class=\"mw-redirect\" title=\"OIT\" href=\"https:\/\/pt.wikipedia.org\/wiki\/OIT\">OIT<\/a>\u00a0sobre o Estatuto dos Professores, em coopera\u00e7\u00e3o com OIT, numa confer\u00eancia intergovernamental especial convocada pela UNESCO e realizada em\u00a0<a title=\"Paris\" href=\"https:\/\/pt.wikipedia.org\/wiki\/Paris\">Paris<\/a>.<sup id=\"cite_ref-2\" class=\"reference\"><a href=\"https:\/\/pt.wikipedia.org\/wiki\/Dia_do_Professor#cite_note-2\">[2]<\/a><\/sup><\/p>\n<p style=\"text-align: justify;\">No dia 5 de outubro celebra-se tamb\u00e9m a ado\u00e7\u00e3o, pela Confer\u00eancia Geral da UNESCO, em 1997, da Recomenda\u00e7\u00e3o da UNESCO sobre o Estatuto do Pessoal Docente do Ensino Superior.<sup id=\"cite_ref-3\" class=\"reference\"><a href=\"https:\/\/pt.wikipedia.org\/wiki\/Dia_do_Professor#cite_note-3\">[3]<\/a><\/sup><\/p>\n<p style=\"text-align: justify;\">Em alguns pa\u00edses h\u00e1 um dia especial para os\u00a0<a title=\"Professor\" href=\"https:\/\/pt.wikipedia.org\/wiki\/Professor\">professores<\/a>. Em alguns deles \u00e9\u00a0<a title=\"Feriado\" href=\"https:\/\/pt.wikipedia.org\/wiki\/Feriado\">feriado<\/a>\u00a0enquanto em outros s\u00e3o realizadas apenas comemora\u00e7\u00f5es em dias \u00fateis.<\/p>\n<div class=\"mw-heading mw-heading2\" style=\"text-align: justify;\">\n<h2 id=\"O_Dia_do_Professor\">O Dia do Professor<\/h2>\n<\/div>\n<p style=\"text-align: justify;\">Inspirado por um professor paulista, no\u00a0<a title=\"Brasil\" href=\"https:\/\/pt.wikipedia.org\/wiki\/Brasil\">Brasil<\/a>\u00a0o Dia do Professor \u00e9 comemorado em\u00a0<a title=\"15 de outubro\" href=\"https:\/\/pt.wikipedia.org\/wiki\/15_de_outubro\">15 de outubro<\/a>.<\/p>\n<p style=\"text-align: justify;\">No dia 15 de outubro de\u00a0<a title=\"1827\" href=\"https:\/\/pt.wikipedia.org\/wiki\/1827\">1827<\/a>,\u00a0<a class=\"mw-redirect\" title=\"Pedro I, Imperador do Brasil\" href=\"https:\/\/pt.wikipedia.org\/wiki\/Pedro_I,_Imperador_do_Brasil\">Pedro I, Imperador do Brasil<\/a>\u00a0baixou um Decreto Imperial que criou o Ensino Elementar no Brasil. Pelo decreto, &#8220;todas as cidades, vilas e lugarejos tivessem suas escolas de primeiras letras&#8221;. Esse decreto falava de bastante coisa: descentraliza\u00e7\u00e3o do ensino, o\u00a0<a title=\"Sal\u00e1rio\" href=\"https:\/\/pt.wikipedia.org\/wiki\/Sal%C3%A1rio\">sal\u00e1rio<\/a>\u00a0dos professores, as mat\u00e9rias b\u00e1sicas que todos os alunos deveriam aprender e at\u00e9 como os professores deveriam ser contratados. A ideia, inovadora e revolucion\u00e1ria, teria sido \u00f3tima &#8211; caso tivesse sido cumprida.<sup id=\"cite_ref-4\" class=\"reference\"><a href=\"https:\/\/pt.wikipedia.org\/wiki\/Dia_do_Professor#cite_note-4\">[4]<\/a><\/sup><\/p>\n<p style=\"text-align: justify;\">Mas foi somente em\u00a0<a title=\"1947\" href=\"https:\/\/pt.wikipedia.org\/wiki\/1947\">1947<\/a>, 120 anos ap\u00f3s o referido decreto, que ocorreu a primeira homenagem e comemora\u00e7\u00e3o de um dia efetivamente dedicado ao\u00a0<a title=\"Professor\" href=\"https:\/\/pt.wikipedia.org\/wiki\/Professor\">professor<\/a>. Come\u00e7ou em\u00a0<a class=\"mw-redirect\" title=\"S\u00e3o Paulo (cidade)\" href=\"https:\/\/pt.wikipedia.org\/wiki\/S%C3%A3o_Paulo_(cidade)\">S\u00e3o Paulo<\/a>, em uma pequena escola no n\u00famero 1520 da\u00a0<a title=\"Rua Augusta (S\u00e3o Paulo)\" href=\"https:\/\/pt.wikipedia.org\/wiki\/Rua_Augusta_(S%C3%A3o_Paulo)\">Rua Augusta<\/a>, onde existia o Gin\u00e1sio Caetano de Campos,<sup id=\"cite_ref-5\" class=\"reference\"><a href=\"https:\/\/pt.wikipedia.org\/wiki\/Dia_do_Professor#cite_note-5\">[5]<\/a><\/sup>\u00a0conhecido como &#8220;Caetaninho&#8221;. O longo per\u00edodo letivo do segundo semestre ia de\u00a0<a title=\"1 de junho\" href=\"https:\/\/pt.wikipedia.org\/wiki\/1_de_junho\">1 de junho<\/a>\u00a0a 15 de dezembro, com apenas dez dias de f\u00e9rias em todo este per\u00edodo. Quatro professores tiveram a ideia de organizar um dia de parada para se evitar a estafa e de congra\u00e7amento e troca de ideias com os pais. O principal, entretanto, era a an\u00e1lise conjunta do conte\u00fado do aprendizado e de rumos no ensino para o restante do ano.<\/p>\n<p style=\"text-align: justify;\">O professor\u00a0<a class=\"new\" title=\"Salom\u00e3o Becker (p\u00e1gina n\u00e3o existe)\" href=\"https:\/\/pt.wikipedia.org\/w\/index.php?title=Salom%C3%A3o_Becker&amp;action=edit&amp;redlink=1\">Salom\u00e3o Becker<\/a>,<sup id=\"cite_ref-6\" class=\"reference\"><a href=\"https:\/\/pt.wikipedia.org\/wiki\/Dia_do_Professor#cite_note-6\">[6]<\/a><\/sup>\u00a0ainda no primeiro semestre deste ano de 1947, sugeriu que o encontro se chamasse &#8220;Dia do Professor&#8221; e se desse no dia de 15 de outubro, data em que, na sua cidade natal,\u00a0<a title=\"Piracicaba\" href=\"https:\/\/pt.wikipedia.org\/wiki\/Piracicaba\">Piracicaba<\/a>, professores e alunos traziam doces de casa para uma pequena confraterniza\u00e7\u00e3o. A sugest\u00e3o foi aceita e a comemora\u00e7\u00e3o teve presen\u00e7a maci\u00e7a &#8211; inclusive dos pais.<sup id=\"cite_ref-7\" class=\"reference\"><a href=\"https:\/\/pt.wikipedia.org\/wiki\/Dia_do_Professor#cite_note-7\">[7]<\/a><\/sup>\u00a0O discurso do professor Becker, al\u00e9m de ratificar a ideia de se manter na data um encontro anual, trazia a ess\u00eancia daquele encontro. Disse ele: &#8220;Professor \u00e9 profiss\u00e3o. Educador \u00e9 miss\u00e3o&#8221;, &#8220;Em Educa\u00e7\u00e3o, n\u00e3o avan\u00e7ar j\u00e1 \u00e9 retroceder&#8221;. &#8220;Professor, a profiss\u00e3o que d\u00e1 origem a todas as outras&#8221;.<sup id=\"cite_ref-8\" class=\"reference\"><a href=\"https:\/\/pt.wikipedia.org\/wiki\/Dia_do_Professor#cite_note-8\">[8]<\/a><\/sup>\u00a0Com a participa\u00e7\u00e3o dos professores\u00a0<a class=\"new\" title=\"Alfredo Gomes (professor) (p\u00e1gina n\u00e3o existe)\" href=\"https:\/\/pt.wikipedia.org\/w\/index.php?title=Alfredo_Gomes_(professor)&amp;action=edit&amp;redlink=1\">Alfredo Gomes<\/a>,\u00a0<a class=\"new\" title=\"Ant\u00f4nio Pereira (professor) (p\u00e1gina n\u00e3o existe)\" href=\"https:\/\/pt.wikipedia.org\/w\/index.php?title=Ant%C3%B4nio_Pereira_(professor)&amp;action=edit&amp;redlink=1\">Ant\u00f4nio Pereira<\/a>\u00a0e\u00a0<a class=\"new\" title=\"Claudino Busko (p\u00e1gina n\u00e3o existe)\" href=\"https:\/\/pt.wikipedia.org\/w\/index.php?title=Claudino_Busko&amp;action=edit&amp;redlink=1\">Claudino Busko<\/a>, a ideia estava lan\u00e7ada.<\/p>\n<p style=\"text-align: justify;\">A comemora\u00e7\u00e3o &#8211; que se mostrou um sucesso &#8211; espalhou-se pela cidade e pelo pa\u00eds a partir da\u00ed. No ano seguinte, 1948, na Capital de S\u00e3o Paulo, dezenas de escolas j\u00e1 celebravam a data.<sup id=\"cite_ref-9\" class=\"reference\"><a href=\"https:\/\/pt.wikipedia.org\/wiki\/Dia_do_Professor#cite_note-9\">[9]<\/a><\/sup>\u00a0Os Estados de S\u00e3o Paulo e Santa Catarina foram os primeiros a oficializar a data como feriado escolar,<sup id=\"cite_ref-10\" class=\"reference\"><a href=\"https:\/\/pt.wikipedia.org\/wiki\/Dia_do_Professor#cite_note-10\">[10]<\/a><\/sup>\u00a0seguidos depois por v\u00e1rios outros. No Brasil, a data se torna oficial nacionalmente como feriado escolar pelo Decreto Federal 52 682,<sup id=\"cite_ref-11\" class=\"reference\"><a href=\"https:\/\/pt.wikipedia.org\/wiki\/Dia_do_Professor#cite_note-11\">[11]<\/a><\/sup>\u00a0de\u00a0<a title=\"14 de outubro\" href=\"https:\/\/pt.wikipedia.org\/wiki\/14_de_outubro\">14 de outubro<\/a>\u00a0de\u00a0<a title=\"1963\" href=\"https:\/\/pt.wikipedia.org\/wiki\/1963\">1963<\/a>. O Decreto definia a ess\u00eancia e raz\u00e3o do feriado, como idealizado 16 anos antes: &#8220;Para comemorar condignamente o Dia do Professor, os estabelecimentos de ensino far\u00e3o promover solenidades, em que se enalte\u00e7a a fun\u00e7\u00e3o do mestre na sociedade moderna, fazendo participar os alunos e as fam\u00edlias&#8221;.<\/p>\n<div class=\"mw-heading mw-heading3\" style=\"text-align: justify;\">\n<h3 id=\"Brasil\">Brasil<\/h3>\n<\/div>\n<figure class=\"mw-default-size mw-halign-right\" style=\"text-align: justify;\"><span class=\"mw-tmh-player audio mw-file-element\"><span class=\"mw-tmh-duration mw-tmh-label\"><span class=\"sr-only\">Dura\u00e7\u00e3o: 10 minutos e 20 segundos.<\/span><span aria-hidden=\"true\">10:20<\/span><\/span><\/span><figcaption>Discurso do Presidente Get\u00falio Vargas em cerim\u00f4nia para professores em dezembro de 1943.<\/figcaption><\/figure>\n<figure class=\"mw-default-size mw-halign-right\" style=\"text-align: justify;\"><a class=\"mw-file-description\" href=\"https:\/\/pt.wikipedia.org\/wiki\/Ficheiro:Antonieta_de_Barros.webp\"><img loading=\"lazy\" decoding=\"async\" class=\"mw-file-element\" src=\"https:\/\/upload.wikimedia.org\/wikipedia\/commons\/thumb\/c\/c3\/Antonieta_de_Barros.webp\/220px-Antonieta_de_Barros.webp.png\" srcset=\"\/\/upload.wikimedia.org\/wikipedia\/commons\/thumb\/c\/c3\/Antonieta_de_Barros.webp\/330px-Antonieta_de_Barros.webp.png 1.5x, \/\/upload.wikimedia.org\/wikipedia\/commons\/thumb\/c\/c3\/Antonieta_de_Barros.webp\/440px-Antonieta_de_Barros.webp.png 2x\" alt=\"\" width=\"220\" height=\"220\" data-file-width=\"1500\" data-file-height=\"1503\" \/><\/a><figcaption>Antonieta de Barros, primeira mulher negra eleita no Brasil e criadora da primeira lei que instituiu o dia do professor no Brasil.<\/figcaption><\/figure>\n<p style=\"text-align: justify;\">No\u00a0<a title=\"Brasil\" href=\"https:\/\/pt.wikipedia.org\/wiki\/Brasil\">Brasil<\/a>, o Dia do Professor \u00e9 comemorado em\u00a0<a title=\"15 de outubro\" href=\"https:\/\/pt.wikipedia.org\/wiki\/15_de_outubro\">15 de outubro<\/a>.<\/p>\n<p style=\"text-align: justify;\">No dia 15 de outubro de\u00a0<a title=\"1827\" href=\"https:\/\/pt.wikipedia.org\/wiki\/1827\">1827<\/a>,\u00a0<a class=\"mw-redirect\" title=\"Pedro I, Imperador do Brasil\" href=\"https:\/\/pt.wikipedia.org\/wiki\/Pedro_I,_Imperador_do_Brasil\">Dom Pedro I, Imperador do Brasil<\/a>\u00a0sancionou a lei que criou o Ensino Elementar no Brasil, estabelecendo que &#8220;todas as cidades, vilas e lugarejos tivessem suas escolas de primeiras letras&#8221;.<sup id=\"cite_ref-12\" class=\"reference\"><a href=\"https:\/\/pt.wikipedia.org\/wiki\/Dia_do_Professor#cite_note-12\">[12]<\/a><\/sup><\/p>\n<p style=\"text-align: justify;\">A jornalista, professora e pol\u00edtica brasileira\u00a0<a title=\"Antonieta de Barros\" href=\"https:\/\/pt.wikipedia.org\/wiki\/Antonieta_de_Barros\">Antonieta de Barros<\/a>, a primeira negra brasileira a assumir um mandato popular, foi deputada estadual em duas legislaturas de\u00a0<a title=\"Santa Catarina\" href=\"https:\/\/pt.wikipedia.org\/wiki\/Santa_Catarina\">Santa Catarina<\/a>. Antonieta, que foi pioneira e inspira\u00e7\u00e3o para o movimento negro, al\u00e9m de ter contribu\u00eddo no parlamento, na imprensa e no magist\u00e9rio, foi uma ativa defensora da emancipa\u00e7\u00e3o feminina, de uma educa\u00e7\u00e3o de qualidade para todos e pelo reconhecimento da cultura negra, em especial no sul do Brasil. Em sua segunda passagem pelo parlamento, criou a Lei N\u00ba 145, de 12 de outubro de 1948, que instituiu o dia do professor e o feriado escolar em 15 de outubro. Apesar de ter \u00e2mbito estadual, essa foi primeira lei que associa a data ao dia do professor.<sup id=\"cite_ref-BBC_13-0\" class=\"reference\"><a href=\"https:\/\/pt.wikipedia.org\/wiki\/Dia_do_Professor#cite_note-BBC-13\">[13]<\/a><\/sup><\/p>\n<p style=\"text-align: justify;\">A data se torna oficial nacionalmente como feriado escolar pelo Decreto Federal 52 682, de\u00a0<a title=\"14 de outubro\" href=\"https:\/\/pt.wikipedia.org\/wiki\/14_de_outubro\">14 de outubro<\/a>\u00a0de\u00a0<a title=\"1963\" href=\"https:\/\/pt.wikipedia.org\/wiki\/1963\">1963<\/a>. O Decreto definia a ess\u00eancia e raz\u00e3o do feriado: &#8220;Para comemorar condignamente o Dia do Professor, os estabelecimentos de ensino far\u00e3o promover solenidades, em que se enalte\u00e7a a fun\u00e7\u00e3o do mestre na sociedade moderna, fazendo participar os alunos e as fam\u00edlias&#8221;.<sup id=\"cite_ref-14\" class=\"reference\"><a href=\"https:\/\/pt.wikipedia.org\/wiki\/Dia_do_Professor#cite_note-14\">[14]<\/a><\/sup><\/p>\n<div class=\"mw-heading mw-heading3\" style=\"text-align: justify;\">\n<h3 id=\"\u00cdndia\"><span id=\".C3.8Dndia\"><\/span>\u00cdndia<\/h3>\n<\/div>\n<p style=\"text-align: justify;\"><a title=\"5 de setembro\" href=\"https:\/\/pt.wikipedia.org\/wiki\/5_de_setembro\">5 de setembro<\/a>\u00a0\u00e9 o Dia do Professor na\u00a0<a title=\"\u00cdndia\" href=\"https:\/\/pt.wikipedia.org\/wiki\/%C3%8Dndia\">\u00cdndia<\/a>. \u00c9 o dia de nascimento do ex-<a title=\"Presidente\" href=\"https:\/\/pt.wikipedia.org\/wiki\/Presidente\">presidente<\/a>\u00a0e professor indiano\u00a0<a class=\"mw-redirect\" title=\"Sarvapalli Radhakrishnan\" href=\"https:\/\/pt.wikipedia.org\/wiki\/Sarvapalli_Radhakrishnan\">Dr. Sarvapalli Radhakrishnan<\/a>. Quando o Dr. Radhakrishnan tornou-se o presidente da \u00cdndia em\u00a0<a title=\"1962\" href=\"https:\/\/pt.wikipedia.org\/wiki\/1962\">1962<\/a>, alguns de seus alunos e amigos se aproximaram dele e lhe pediram para permitir que eles comemorassem seu anivers\u00e1rio no dia 5 de setembro. Em resposta, o Dr. Radhakrishnan disse,\u00a0<i>&#8220;Ao inv\u00e9s de comemorar o meu anivers\u00e1rio separadamente, eu ficaria mais orgulhoso se o dia 5 de setembro fosse marcado como o Dia do Professor.&#8221;<\/i><\/p>\n<p style=\"text-align: justify;\">Ele n\u00e3o \u00e9 um feriado na \u00cdndia. \u00c9 considerado um &#8220;dia comemorativo&#8221;, onde professores e estudantes v\u00e3o para as escolas como de costume, mas as atividades habituais e de classe s\u00e3o substitu\u00eddas por atividades de celebra\u00e7\u00e3o, agradecimentos e recorda\u00e7\u00f5es. Em algumas escolas neste dia, a responsabilidade de ensinar \u00e9 deixada por conta dos alunos das s\u00e9ries mais avan\u00e7adas como uma avalia\u00e7\u00e3o por seus professores.<\/p>\n<p style=\"text-align: justify;\">Tradicionalmente, as pessoas na \u00cdndia t\u00eam tido grande respeito e estima pelos professores. Um antigo ditado indiano (geralmente ensinado para as crian\u00e7as), coloca o professor em terceiro lugar: &#8220;<i>Maata, Pitha, Guru, Daivam<\/i>&#8220;, significando a m\u00e3e, o pai e o professor \u00e9 Deus. H\u00e1 um outro ditado na forma de uma parelha de versos (<i>doha<\/i>), que diz,\u00a0<i>&#8220;Guru Govind doou khare kake lagon paai? Balihari guru aap ki Govind deeo batai,&#8221;<\/i>\u00a0significando &#8220;Eu estou em dificuldade de saber quem saudar primeiro: o professor ou o Deus. Eu escolherei o professor porque ele \u00e9 um instrumento da sabedoria de meu Deus&#8221;. Ainda, um ponto central na escritura\u00a0<a class=\"mw-redirect\" title=\"Hindu\" href=\"https:\/\/pt.wikipedia.org\/wiki\/Hindu\">Hindu<\/a>\u00a0mostra\u00a0<i>&#8220;Guru Bramha, Guru Vishnu, Guru devo Maheshwaraha &#8211; Gurusakshath parabramha tasmai shree gurve namaha&#8221;<\/i>, que se traduz como &#8220;O professor \u00e9 a sant\u00edssima trindade. O professor \u00e9 a manifesta\u00e7\u00e3o do pr\u00f3prio senhor&#8221;.<\/p>\n<div class=\"mw-heading mw-heading3\" style=\"text-align: justify;\">\n<h3 id=\"Mal\u00e1sia\"><span id=\"Mal.C3.A1sia\"><\/span>Mal\u00e1sia<\/h3>\n<\/div>\n<p style=\"text-align: justify;\"><a title=\"16 de maio\" href=\"https:\/\/pt.wikipedia.org\/wiki\/16_de_maio\">16 de maio<\/a>\u00a0\u00e9 o Dia do Professor (<a title=\"L\u00edngua malaia\" href=\"https:\/\/pt.wikipedia.org\/wiki\/L%C3%ADngua_malaia\">malaio<\/a>:<b>\u00a0Hari Guru<\/b>) na\u00a0<a title=\"Mal\u00e1sia\" href=\"https:\/\/pt.wikipedia.org\/wiki\/Mal%C3%A1sia\">Mal\u00e1sia<\/a>.<\/p>\n<div class=\"mw-heading mw-heading3\" style=\"text-align: justify;\">\n<h3 id=\"Turquia\">Turquia<\/h3>\n<\/div>\n<p style=\"text-align: justify;\">O Dia do Professor (<a title=\"L\u00edngua turca\" href=\"https:\/\/pt.wikipedia.org\/wiki\/L%C3%ADngua_turca\">em turco<\/a>:<b>\u00a0\u00d6\u011fretmenler G\u00fcn\u00fc<\/b>) \u00e9 comemorado em\u00a0<a title=\"24 de novembro\" href=\"https:\/\/pt.wikipedia.org\/wiki\/24_de_novembro\">24 de novembro<\/a>\u00a0na\u00a0<a title=\"Turquia\" href=\"https:\/\/pt.wikipedia.org\/wiki\/Turquia\">Turquia<\/a>. O dia 24 de novembro foi dedicado aos professores por\u00a0<a class=\"mw-redirect\" title=\"Kemal Atat\u00fcrk\" href=\"https:\/\/pt.wikipedia.org\/wiki\/Kemal_Atat%C3%BCrk\">Kemal Atat\u00fcrk<\/a>. Atat\u00fcrk achou e declarou que aquela nova gera\u00e7\u00e3o seria criada por professores. (<a title=\"L\u00edngua turca\" href=\"https:\/\/pt.wikipedia.org\/wiki\/L%C3%ADngua_turca\">turco<\/a>:\u00a0<i>&#8220;\u00d6\u011fretmenler yeni nesil sizin eseriniz olacakt\u0131r.&#8221; &#8211; M. Kemal Atat\u00fcrk)<\/i><\/p>\n<div class=\"mw-heading mw-heading2\" style=\"text-align: justify;\">\n<h2 id=\"O_Dia_do_Professor_comemorado_em_dias_\u00fateis\"><span id=\"O_Dia_do_Professor_comemorado_em_dias_.C3.BAteis\"><\/span>O Dia do Professor comemorado em dias \u00fateis<\/h2>\n<\/div>\n<div class=\"mw-heading mw-heading3\" style=\"text-align: justify;\">\n<h3 id=\"Alb\u00e2nia\"><span id=\"Alb.C3.A2nia\"><\/span>Alb\u00e2nia<\/h3>\n<\/div>\n<p style=\"text-align: justify;\">Na\u00a0<a title=\"Alb\u00e2nia\" href=\"https:\/\/pt.wikipedia.org\/wiki\/Alb%C3%A2nia\">Alb\u00e2nia<\/a>, o Dia do Professor \u00e9 um feriado n\u00e3o oficial em\u00a0<a title=\"7 de mar\u00e7o\" href=\"https:\/\/pt.wikipedia.org\/wiki\/7_de_mar%C3%A7o\">7 de mar\u00e7o<\/a>, um dia antes do\u00a0<a title=\"Dia das M\u00e3es\" href=\"https:\/\/pt.wikipedia.org\/wiki\/Dia_das_M%C3%A3es\">Dia das M\u00e3es<\/a>\u00a0(<a title=\"8 de mar\u00e7o\" href=\"https:\/\/pt.wikipedia.org\/wiki\/8_de_mar%C3%A7o\">8 de mar\u00e7o<\/a>).<\/p>\n<div class=\"mw-heading mw-heading3\" style=\"text-align: justify;\">\n<h3 id=\"China\">China<\/h3>\n<\/div>\n<p style=\"text-align: justify;\">O Dia do Professor foi primeiramente institu\u00eddo na Universidade Central Nacional em\u00a0<a title=\"1931\" href=\"https:\/\/pt.wikipedia.org\/wiki\/1931\">1931<\/a>. Foi adotado pelo governo central de\u00a0<a title=\"Taiwan\" href=\"https:\/\/pt.wikipedia.org\/wiki\/Taiwan\">Taiwan<\/a>\u00a0em\u00a0<a title=\"1932\" href=\"https:\/\/pt.wikipedia.org\/wiki\/1932\">1932<\/a>\u00a0e em\u00a0<a title=\"1939\" href=\"https:\/\/pt.wikipedia.org\/wiki\/1939\">1939<\/a>\u00a0o dia foi transferido para\u00a0<a title=\"28 de setembro\" href=\"https:\/\/pt.wikipedia.org\/wiki\/28_de_setembro\">28 de setembro<\/a>, que \u00e9 o dia do anivers\u00e1rio de\u00a0<a title=\"Conf\u00facio\" href=\"https:\/\/pt.wikipedia.org\/wiki\/Conf%C3%BAcio\">Conf\u00facio<\/a>. Foi extinto pelo governo da\u00a0<a class=\"mw-redirect\" title=\"Rep\u00fablica Popular da China\" href=\"https:\/\/pt.wikipedia.org\/wiki\/Rep%C3%BAblica_Popular_da_China\">Rep\u00fablica Popular da China<\/a>\u00a0em\u00a0<a title=\"1951\" href=\"https:\/\/pt.wikipedia.org\/wiki\/1951\">1951<\/a>\u00a0e restabelecido em\u00a0<a title=\"1985\" href=\"https:\/\/pt.wikipedia.org\/wiki\/1985\">1985<\/a>\u00a0sendo que o dia foi novamente mudado para\u00a0<a title=\"10 de setembro\" href=\"https:\/\/pt.wikipedia.org\/wiki\/10_de_setembro\">10 de setembro<\/a>. Atualmente mais e mais pessoas est\u00e3o fazendo esfor\u00e7os para retornar o Dia do Professor para o dia de nascimento de Conf\u00facio.<\/p>\n<div class=\"mw-heading mw-heading3\" style=\"text-align: justify;\">\n<h3 id=\"Rep\u00fablica_Tcheca\"><span id=\"Rep.C3.BAblica_Tcheca\"><\/span>Rep\u00fablica Tcheca<\/h3>\n<\/div>\n<p style=\"text-align: justify;\">Na\u00a0<a class=\"mw-redirect\" title=\"Rep\u00fablica Tcheca\" href=\"https:\/\/pt.wikipedia.org\/wiki\/Rep%C3%BAblica_Tcheca\">Rep\u00fablica Tcheca<\/a>, o Dia do Professor (<i>Den u\u010ditel\u016f<\/i>) \u00e9 um feriado n\u00e3o oficial, comemorado em\u00a0<a title=\"28 de mar\u00e7o\" href=\"https:\/\/pt.wikipedia.org\/wiki\/28_de_mar%C3%A7o\">28 de mar\u00e7o<\/a>, anivers\u00e1rio de Jan \u00c1mos Komensk\u00fd (<a title=\"Comenius\" href=\"https:\/\/pt.wikipedia.org\/wiki\/Comenius\">Comenius<\/a>). As crian\u00e7as levam flores para seus professores. Representantes do governo utilizam este dia para demonstrar agradecimento a esta profiss\u00e3o e premiar os melhores professores.<\/p>\n<div class=\"mw-heading mw-heading3\" style=\"text-align: justify;\">\n<h3 id=\"Ir\u00e3\"><span id=\"Ir.C3.A3\"><\/span>Ir\u00e3<\/h3>\n<\/div>\n<p style=\"text-align: justify;\">O Dia do Professor no\u00a0<a title=\"Ir\u00e3\" href=\"https:\/\/pt.wikipedia.org\/wiki\/Ir%C3%A3\">Ir\u00e3<\/a>\u00a0\u00e9 comemorado em\u00a0<a title=\"2 de maio\" href=\"https:\/\/pt.wikipedia.org\/wiki\/2_de_maio\">2 de maio<\/a>\u00a0(<i>Ordi, behesht<\/i>\u00a012, no calend\u00e1rio iraniano).<\/p>\n<div class=\"mw-heading mw-heading3\" style=\"text-align: justify;\">\n<h3 id=\"Am\u00e9rica_Latina\"><span id=\"Am.C3.A9rica_Latina\"><\/span>Am\u00e9rica Latina<\/h3>\n<\/div>\n<p style=\"text-align: justify;\">O Dia Internacional do Professor na\u00a0<a title=\"Am\u00e9rica Latina\" href=\"https:\/\/pt.wikipedia.org\/wiki\/Am%C3%A9rica_Latina\">Am\u00e9rica Latina<\/a>\u00a0\u00e9\u00a0<a title=\"11 de setembro\" href=\"https:\/\/pt.wikipedia.org\/wiki\/11_de_setembro\">11 de setembro<\/a>, em mem\u00f3ria ao dia da morte de\u00a0<a title=\"Domingo Faustino Sarmiento\" href=\"https:\/\/pt.wikipedia.org\/wiki\/Domingo_Faustino_Sarmiento\">Domingo Faustino Sarmiento<\/a>, um\u00a0<a title=\"Pol\u00edtico\" href=\"https:\/\/pt.wikipedia.org\/wiki\/Pol%C3%ADtico\">pol\u00edtico<\/a>\u00a0<a title=\"Argentina\" href=\"https:\/\/pt.wikipedia.org\/wiki\/Argentina\">argentino<\/a>\u00a0e\u00a0<a title=\"Pedagogo\" href=\"https:\/\/pt.wikipedia.org\/wiki\/Pedagogo\">pedagogo<\/a>\u00a0respeitado. Esta data foi estabelecida na Confer\u00eancia Interamericana sobre Educa\u00e7\u00e3o de\u00a0<a title=\"1943\" href=\"https:\/\/pt.wikipedia.org\/wiki\/1943\">1943<\/a>, no\u00a0<a title=\"Panam\u00e1\" href=\"https:\/\/pt.wikipedia.org\/wiki\/Panam%C3%A1\">Panam\u00e1<\/a>.<\/p>\n<p style=\"text-align: justify;\">Muitos pa\u00edses latino-americanos, por\u00e9m, t\u00eam uma data separada para comemorar o Dia do Professor de acordo com acontecimentos de sua pr\u00f3pria hist\u00f3ria. No\u00a0<a title=\"Brasil\" href=\"https:\/\/pt.wikipedia.org\/wiki\/Brasil\">Brasil<\/a>, o Dia do Professor \u00e9\u00a0<a title=\"15 de outubro\" href=\"https:\/\/pt.wikipedia.org\/wiki\/15_de_outubro\">15 de outubro<\/a>. No\u00a0<a title=\"M\u00e9xico\" href=\"https:\/\/pt.wikipedia.org\/wiki\/M%C3%A9xico\">M\u00e9xico<\/a>, em setembro de\u00a0<a title=\"1917\" href=\"https:\/\/pt.wikipedia.org\/wiki\/1917\">1917<\/a>, o Congresso Federal decretou o dia\u00a0<a title=\"15 de maio\" href=\"https:\/\/pt.wikipedia.org\/wiki\/15_de_maio\">15 de maio<\/a>\u00a0como Dia do Professor (<i>D\u00eda del Maestro<\/i>). No\u00a0<a title=\"Peru\" href=\"https:\/\/pt.wikipedia.org\/wiki\/Peru\">Peru<\/a>, o Dia do Professor \u00e9 comemorado em\u00a0<a title=\"6 de julho\" href=\"https:\/\/pt.wikipedia.org\/wiki\/6_de_julho\">6 de julho<\/a>.<\/p>\n<div class=\"mw-heading mw-heading3\" style=\"text-align: justify;\">\n<h3 id=\"Pol\u00f4nia\"><span id=\"Pol.C3.B4nia\"><\/span>Pol\u00f4nia<\/h3>\n<\/div>\n<p style=\"text-align: justify;\">Na\u00a0<a class=\"mw-redirect\" title=\"Pol\u00f4nia\" href=\"https:\/\/pt.wikipedia.org\/wiki\/Pol%C3%B4nia\">Pol\u00f4nia<\/a>\u00a0o Dia do Professor (<i>Dzie\u0144 Nauczyciela<\/i>), ou Dia da Educa\u00e7\u00e3o Nacional (<i>Dzie\u0144 Edukacji Narodowej<\/i>) \u00e9\u00a0<a title=\"14 de outubro\" href=\"https:\/\/pt.wikipedia.org\/wiki\/14_de_outubro\">14 de outubro<\/a>. Nesse dia a\u00a0<a title=\"Komisja Edukacji Narodowej\" href=\"https:\/\/pt.wikipedia.org\/wiki\/Komisja_Edukacji_Narodowej\">Komisja Edukacji Narodowej<\/a>\u00a0(<i>Comiss\u00e3o de Educa\u00e7\u00e3o Nacional<\/i>) foi criada em\u00a0<a title=\"1773\" href=\"https:\/\/pt.wikipedia.org\/wiki\/1773\">1773<\/a>.<\/p>\n<div class=\"mw-heading mw-heading3\" style=\"text-align: justify;\">\n<h3 id=\"R\u00fassia\"><span id=\"R.C3.BAssia\"><\/span>R\u00fassia<\/h3>\n<\/div>\n<p style=\"text-align: justify;\">Na\u00a0<a title=\"R\u00fassia\" href=\"https:\/\/pt.wikipedia.org\/wiki\/R%C3%BAssia\">R\u00fassia<\/a>\u00a0o Dia do Professor \u00e9\u00a0<a title=\"5 de outubro\" href=\"https:\/\/pt.wikipedia.org\/wiki\/5_de_outubro\">5 de outubro<\/a>. Antes de\u00a0<a title=\"1994\" href=\"https:\/\/pt.wikipedia.org\/wiki\/1994\">1994<\/a>, esse dia era comemorado no primeiro domingo de outubro.<\/p>\n<div class=\"mw-heading mw-heading3\" style=\"text-align: justify;\">\n<h3 id=\"Singapura\">Singapura<\/h3>\n<\/div>\n<p style=\"text-align: justify;\">Em\u00a0<a title=\"Singapura\" href=\"https:\/\/pt.wikipedia.org\/wiki\/Singapura\">Singapura<\/a>, o Dia do Professor \u00e9 um feriado oficial escolar, comemorado em\u00a0<a title=\"1 de setembro\" href=\"https:\/\/pt.wikipedia.org\/wiki\/1_de_setembro\">1 de setembro<\/a>. As comemora\u00e7\u00f5es s\u00e3o geralmente realizadas no dia anterior, quando os estudantes t\u00eam metade do dia livre.<\/p>\n<div class=\"mw-heading mw-heading3\" style=\"text-align: justify;\">\n<h3 id=\"Eslov\u00e1quia\"><span id=\"Eslov.C3.A1quia\"><\/span>Eslov\u00e1quia<\/h3>\n<\/div>\n<p style=\"text-align: justify;\">Na\u00a0<a title=\"Eslov\u00e1quia\" href=\"https:\/\/pt.wikipedia.org\/wiki\/Eslov%C3%A1quia\">Eslov\u00e1quia<\/a>, o Dia do Professor (<i>De\u0148 u\u010dite\u013eov<\/i>) \u00e9 um feriado n\u00e3o oficial, comemorado em\u00a0<a title=\"28 de mar\u00e7o\" href=\"https:\/\/pt.wikipedia.org\/wiki\/28_de_mar%C3%A7o\">28 de mar\u00e7o<\/a>, anivers\u00e1rio de Jan \u00c1mos Komensk\u00fd (<a title=\"Comenius\" href=\"https:\/\/pt.wikipedia.org\/wiki\/Comenius\">Comenius<\/a>).<\/p>\n<div class=\"mw-heading mw-heading3\" style=\"text-align: justify;\">\n<h3 id=\"Coreia_do_Sul\">Coreia do Sul<\/h3>\n<\/div>\n<p style=\"text-align: justify;\">Na\u00a0<a title=\"Coreia do Sul\" href=\"https:\/\/pt.wikipedia.org\/wiki\/Coreia_do_Sul\">Coreia do Sul<\/a>\u00a0o Dia do Professor (\uc2a4\uc2b9\uc758 \ub0a0) \u00e9\u00a0<a title=\"15 de maio\" href=\"https:\/\/pt.wikipedia.org\/wiki\/15_de_maio\">15 de maio<\/a>. Nesse dia, os professores s\u00e3o geralmente presenteados com\u00a0<a class=\"mw-disambig\" title=\"Cravo\" href=\"https:\/\/pt.wikipedia.org\/wiki\/Cravo\">cravos<\/a>\u00a0por seus alunos e ambos desfrutam de um dia escolar mais curto. Ex-estudantes prestam seus respeitos aos seus antigos professores visitando-os e oferecendo-lhes presentes. Atualmente muitas escolas por todo o pa\u00eds suspendem suas aulas para comemorarem esta data.<\/p>\n<div class=\"mw-heading mw-heading3\" style=\"text-align: justify;\">\n<h3 id=\"Taiwan\">Taiwan<\/h3>\n<\/div>\n<p style=\"text-align: justify;\">Na\u00a0<a title=\"Taiwan\" href=\"https:\/\/pt.wikipedia.org\/wiki\/Taiwan\">Rep\u00fablica da China<\/a>\u00a0(Taiwan) \u00e9 comemorado em\u00a0<a title=\"28 de setembro\" href=\"https:\/\/pt.wikipedia.org\/wiki\/28_de_setembro\">28 de setembro<\/a>. O dia presta homenagem \u00e0s virtudes, \u00e0s dificuldades dos professores e tamb\u00e9m as suas contribui\u00e7\u00f5es n\u00e3o apenas em rela\u00e7\u00e3o aos seus pr\u00f3prios alunos, mas tamb\u00e9m para com toda a sociedade. As pessoas geralmente aproveitam o dia para expressar sua gratid\u00e3o aos seus professores, tais como lhes fazendo uma visita ou enviando-lhes um cart\u00e3o. Esta data foi escolhida por comemorar o nascimento de\u00a0<a title=\"Conf\u00facio\" href=\"https:\/\/pt.wikipedia.org\/wiki\/Conf%C3%BAcio\">Conf\u00facio<\/a>, que se acredita ter sido o modelo de mestre e educador da antiga China.<\/p>\n<p style=\"text-align: justify;\">Em\u00a0<a title=\"1939\" href=\"https:\/\/pt.wikipedia.org\/wiki\/1939\">1939<\/a>, o Minist\u00e9rio da Educa\u00e7\u00e3o estabeleceu que o feriado nacional seria em\u00a0<a title=\"27 de agosto\" href=\"https:\/\/pt.wikipedia.org\/wiki\/27_de_agosto\">27 de agosto<\/a>, atribu\u00eddo ao dia de nascimento de\u00a0<a title=\"Conf\u00facio\" href=\"https:\/\/pt.wikipedia.org\/wiki\/Conf%C3%BAcio\">Conf\u00facio<\/a>. Em\u00a0<a title=\"1952\" href=\"https:\/\/pt.wikipedia.org\/wiki\/1952\">1952<\/a>, o governo o mudou para setembro, alegando ser esta a data correta pelo\u00a0<a title=\"Calend\u00e1rio gregoriano\" href=\"https:\/\/pt.wikipedia.org\/wiki\/Calend%C3%A1rio_gregoriano\">Calend\u00e1rio gregoriano<\/a>.<\/p>\n<p style=\"text-align: justify;\">O festival comemorativo acontece nos templos de Conf\u00facio espalhados por toda a ilha, conhecido como a &#8220;Grande Cerim\u00f4nia Dedicada a Conf\u00facio&#8221; (\u796d\u5b54\u5927\u5178). A cerim\u00f4nia acontece \u00e0s seis horas da manh\u00e3 com batida de\u00a0<a title=\"Tambor\" href=\"https:\/\/pt.wikipedia.org\/wiki\/Tambor\">tambores<\/a>. 54 m\u00fasicos vestindo roup\u00f5es com cintos azuis, 36 (ou 64) dan\u00e7arinos vestidos de amarelo com cintos verdes. Eles s\u00e3o conduzidos pelo chefe descendente de Conf\u00facio (atualmente Kung Te-cheng) e acompanhado por oficiais do cerimonial. Tr\u00eas animais &#8212; a vaca, a cabra, e o porco &#8212; s\u00e3o sacrificados. A pelagem retirada desses animais sacrificados \u00e9 chamada de Cabelos da Sabedoria.<\/p>\n<p style=\"text-align: justify;\">Al\u00e9m disso, institutos locais de educa\u00e7\u00e3o e \u00f3rg\u00e3os civis oferecem pr\u00eamios a determinados professores por suas influ\u00eancias excelentes e positivas.<\/p>\n<div class=\"mw-heading mw-heading3\" style=\"text-align: justify;\">\n<h3 id=\"Tail\u00e2ndia\"><span id=\"Tail.C3.A2ndia\"><\/span>Tail\u00e2ndia<\/h3>\n<\/div>\n<p style=\"text-align: justify;\"><a title=\"16 de janeiro\" href=\"https:\/\/pt.wikipedia.org\/wiki\/16_de_janeiro\">16 de janeiro<\/a>\u00a0foi adotado como o Dia do Professor na\u00a0<a title=\"Tail\u00e2ndia\" href=\"https:\/\/pt.wikipedia.org\/wiki\/Tail%C3%A2ndia\">Tail\u00e2ndia<\/a>\u00a0por uma resolu\u00e7\u00e3o do governo em\u00a0<a title=\"21 de novembro\" href=\"https:\/\/pt.wikipedia.org\/wiki\/21_de_novembro\">21 de novembro<\/a>\u00a0de\u00a0<a title=\"1956\" href=\"https:\/\/pt.wikipedia.org\/wiki\/1956\">1956<\/a>. O primeiro Dia do Professor aconteceu em\u00a0<a title=\"1957\" href=\"https:\/\/pt.wikipedia.org\/wiki\/1957\">1957<\/a>.<\/p>\n<div class=\"mw-heading mw-heading3\" style=\"text-align: justify;\">\n<h3 id=\"Estados_Unidos\">Estados Unidos<\/h3>\n<\/div>\n<p style=\"text-align: justify;\">Nos\u00a0<a title=\"Estados Unidos\" href=\"https:\/\/pt.wikipedia.org\/wiki\/Estados_Unidos\">Estados Unidos<\/a>, o Dia do Professor \u00e9 um feriado n\u00e3o oficial na\u00a0<a title=\"Ter\u00e7a-feira\" href=\"https:\/\/pt.wikipedia.org\/wiki\/Ter%C3%A7a-feira\">ter\u00e7a-feira<\/a>\u00a0da primeira semana de maio.<\/p>\n<p style=\"text-align: justify;\">A Associa\u00e7\u00e3o de Educa\u00e7\u00e3o Nacional (<i>National Education Association<\/i>) descreve o Dia Nacional do Professor como &#8220;um dia para homenagear os professores e reconhecer todas as contribui\u00e7\u00f5es duradouras que eles realizam em nossas vidas&#8221;.<\/p>\n<p style=\"text-align: justify;\">A Associa\u00e7\u00e3o apresenta uma hist\u00f3ria do Dia Nacional do Professor: A origem do Dia do Professor n\u00e3o \u00e9 precisa. Por volta de\u00a0<a title=\"1944\" href=\"https:\/\/pt.wikipedia.org\/wiki\/1944\">1944<\/a>\u00a0um professor de\u00a0<a title=\"Arkansas\" href=\"https:\/\/pt.wikipedia.org\/wiki\/Arkansas\">Arkansas<\/a>\u00a0Mattye Whyte Woodridge come\u00e7ou a se corresponder com l\u00edderes pol\u00edticos e educacionais sobre a necessidade de se ter um dia nacional para homenagear os professores. Woodbridge escreveu para\u00a0<a title=\"Eleanor Roosevelt\" href=\"https:\/\/pt.wikipedia.org\/wiki\/Eleanor_Roosevelt\">Eleanor Roosevelt<\/a>\u00a0que em\u00a0<a title=\"1953\" href=\"https:\/\/pt.wikipedia.org\/wiki\/1953\">1953<\/a>\u00a0convenceu o\u00a0<a title=\"Congresso dos Estados Unidos\" href=\"https:\/\/pt.wikipedia.org\/wiki\/Congresso_dos_Estados_Unidos\">Congresso dos Estados Unidos<\/a>\u00a0a proclamar o Dia Nacional do Professor.<\/p>\n<p style=\"text-align: justify;\">A Associa\u00e7\u00e3o juntamente com seus estados afiliados\u00a0<a title=\"Kansas\" href=\"https:\/\/pt.wikipedia.org\/wiki\/Kansas\">Kansas<\/a>\u00a0e\u00a0<a title=\"Indiana\" href=\"https:\/\/pt.wikipedia.org\/wiki\/Indiana\">Indiana<\/a>\u00a0e\u00a0<a title=\"Dodge City (Kansas)\" href=\"https:\/\/pt.wikipedia.org\/wiki\/Dodge_City_(Kansas)\">Dodge City (Kansas)<\/a>\u00a0pressionaram o Congresso para criar um dia nacional para os professores. O Congresso declarou\u00a0<a title=\"7 de mar\u00e7o\" href=\"https:\/\/pt.wikipedia.org\/wiki\/7_de_mar%C3%A7o\">7 de mar\u00e7o<\/a>\u00a0de\u00a0<a title=\"1980\" href=\"https:\/\/pt.wikipedia.org\/wiki\/1980\">1980<\/a>, como o Dia Nacional do professor apenas para aquele ano.<\/p>\n<p style=\"text-align: justify;\">A Associa\u00e7\u00e3o de Educa\u00e7\u00e3o Nacional e seus afiliados continuaram a comemorar o Dia do Professor na primeira ter\u00e7a-feira de mar\u00e7o at\u00e9\u00a0<a title=\"1985\" href=\"https:\/\/pt.wikipedia.org\/wiki\/1985\">1985<\/a>, quando a Associa\u00e7\u00e3o Nacional de Pais e Professores estipulou a Semana de Avalia\u00e7\u00e3o do Professor na primeira semana de maio. A Assembleia Representativa da Associa\u00e7\u00e3o de Educa\u00e7\u00e3o Nacional ent\u00e3o votou para que se fizesse na ter\u00e7a-feira daquela semana o Dia Nacional do Professor.<\/p>\n<p style=\"text-align: justify;\">A partir de\u00a0<a title=\"7 de setembro\" href=\"https:\/\/pt.wikipedia.org\/wiki\/7_de_setembro\">7 de setembro<\/a>\u00a0de\u00a0<a title=\"1976\" href=\"https:\/\/pt.wikipedia.org\/wiki\/1976\">1976<\/a>, foi adotado o Dia do Professor em\u00a0<a title=\"11 de setembro\" href=\"https:\/\/pt.wikipedia.org\/wiki\/11_de_setembro\">11 de setembro<\/a>\u00a0no estado de\u00a0<a title=\"Massachusetts\" href=\"https:\/\/pt.wikipedia.org\/wiki\/Massachusetts\">Massachusetts<\/a>.<\/p>\n<div class=\"mw-heading mw-heading3\" style=\"text-align: justify;\">\n<h3 id=\"Vietn\u00e3\"><span id=\"Vietn.C3.A3\"><\/span>Vietn\u00e3<\/h3>\n<\/div>\n<p style=\"text-align: justify;\">No\u00a0<a title=\"Vietn\u00e3\" href=\"https:\/\/pt.wikipedia.org\/wiki\/Vietn%C3%A3\">Vietn\u00e3<\/a>, o\u00a0<i>Ng\u00e0y nh\u00e0 gi\u00e1o Vi\u1ec7t Nam<\/i>\u00a0(Dia do Educador Vietnamita) cai em\u00a0<a title=\"20 de novembro\" href=\"https:\/\/pt.wikipedia.org\/wiki\/20_de_novembro\">20 de novembro<\/a>. Naquele dia, os estudantes t\u00eam o dia livre, mas se espera que eles visitem seus atuais e antigos professores em suas casas e lhes levem flores para demonstrar sua considera\u00e7\u00e3o.<\/p>\n<p>Fonte: https:\/\/pt.wikipedia.org\/wiki\/Dia_do_Professor<\/p>\n","protected":false},"excerpt":{"rendered":"<p>O dia\u00a05 de outubro\u00a0foi proclamado pela\u00a0UNESCO\u00a0como\u00a0Dia Mundial dos Professores\u00a0em 1994,[1]\u00a0para celebrar a aprova\u00e7\u00e3o, em 5 de outubro de 1966, a Recomenda\u00e7\u00e3o da UNESCO \/\u00a0OIT\u00a0sobre o Estatuto dos Professores, em coopera\u00e7\u00e3o com OIT, numa confer\u00eancia intergovernamental especial convocada pela UNESCO e realizada em\u00a0Paris.[2] No dia 5 de outubro celebra-se tamb\u00e9m a ado\u00e7\u00e3o, pela Confer\u00eancia Geral da [&hellip;]<\/p>\n","protected":false},"author":1,"featured_media":89860,"comment_status":"closed","ping_status":"open","sticky":false,"template":"","format":"standard","meta":{"footnotes":""},"categories":[111,110],"tags":[],"class_list":["post-89859","post","type-post","status-publish","format-standard","has-post-thumbnail","hentry","category-esporteecultura","category-noticiasdestaque"],"_links":{"self":[{"href":"https:\/\/jorgezanoni.com.br\/2019\/wp-json\/wp\/v2\/posts\/89859","targetHints":{"allow":["GET"]}}],"collection":[{"href":"https:\/\/jorgezanoni.com.br\/2019\/wp-json\/wp\/v2\/posts"}],"about":[{"href":"https:\/\/jorgezanoni.com.br\/2019\/wp-json\/wp\/v2\/types\/post"}],"author":[{"embeddable":true,"href":"https:\/\/jorgezanoni.com.br\/2019\/wp-json\/wp\/v2\/users\/1"}],"replies":[{"embeddable":true,"href":"https:\/\/jorgezanoni.com.br\/2019\/wp-json\/wp\/v2\/comments?post=89859"}],"version-history":[{"count":1,"href":"https:\/\/jorgezanoni.com.br\/2019\/wp-json\/wp\/v2\/posts\/89859\/revisions"}],"predecessor-version":[{"id":89861,"href":"https:\/\/jorgezanoni.com.br\/2019\/wp-json\/wp\/v2\/posts\/89859\/revisions\/89861"}],"wp:featuredmedia":[{"embeddable":true,"href":"https:\/\/jorgezanoni.com.br\/2019\/wp-json\/wp\/v2\/media\/89860"}],"wp:attachment":[{"href":"https:\/\/jorgezanoni.com.br\/2019\/wp-json\/wp\/v2\/media?parent=89859"}],"wp:term":[{"taxonomy":"category","embeddable":true,"href":"https:\/\/jorgezanoni.com.br\/2019\/wp-json\/wp\/v2\/categories?post=89859"},{"taxonomy":"post_tag","embeddable":true,"href":"https:\/\/jorgezanoni.com.br\/2019\/wp-json\/wp\/v2\/tags?post=89859"}],"curies":[{"name":"wp","href":"https:\/\/api.w.org\/{rel}","templated":true}]}}