{"id":89856,"date":"2024-10-14T22:46:36","date_gmt":"2024-10-14T22:46:36","guid":{"rendered":"https:\/\/jorgezanoni.com.br\/2019\/?p=89856"},"modified":"2024-10-14T22:46:36","modified_gmt":"2024-10-14T22:46:36","slug":"policia-militar-prende-homem-por-ameaca-mediante-emprego-de-arma-de-fogo-em-dracena","status":"publish","type":"post","link":"https:\/\/jorgezanoni.com.br\/2019\/policia-militar-prende-homem-por-ameaca-mediante-emprego-de-arma-de-fogo-em-dracena\/","title":{"rendered":"Pol\u00edcia Militar prende homem por amea\u00e7a mediante emprego de arma de fogo em Dracena"},"content":{"rendered":"<p style=\"text-align: justify;\">Na data de ontem (13), por volta das 21h30, policiais militares do 25\u00ba Batalh\u00e3o de Pol\u00edcia Militar do Interior, ap\u00f3s serem solicitados para atendimento de amea\u00e7a com arma de fogo, a v\u00edtima informou que seu companheiro (homem, 27 anos) a amea\u00e7ou ap\u00f3s uma discuss\u00e3o vindo a apontar uma arma de fogo em sua dire\u00e7\u00e3o em seguida saindo com sua moto, os policiais prontamente realizaram dilig\u00eancia at\u00e9 obter \u00eaxito em localiza-lo em um quintal de uma resid\u00eancia, ap\u00f3s ser indagado sobre os fatos, o mesmo negou mas posteriormente concordou com a veracidade dos fatos informando \u00e0 equipe onde mantinha sua arma de fogo sendo conduzido, objeto, partes ao Distrito Policial de Dracena, onde a autoridade de Plant\u00e3o ratificou voz de pris\u00e3o. Permanecendo o autor preso \u00e0 disposi\u00e7\u00e3o da Justi\u00e7a.<\/p>\n<p>Fonte: Com. Social Pol\u00edcia Militar<\/p>\n","protected":false},"excerpt":{"rendered":"<p>Na data de ontem (13), por volta das 21h30, policiais militares do 25\u00ba Batalh\u00e3o de Pol\u00edcia Militar do Interior, ap\u00f3s serem solicitados para atendimento de amea\u00e7a com arma de fogo, a v\u00edtima informou que seu companheiro (homem, 27 anos) a amea\u00e7ou ap\u00f3s uma discuss\u00e3o vindo a apontar uma arma de fogo em sua dire\u00e7\u00e3o em [&hellip;]<\/p>\n","protected":false},"author":1,"featured_media":89857,"comment_status":"closed","ping_status":"open","sticky":false,"template":"","format":"standard","meta":{"footnotes":""},"categories":[110,2],"tags":[],"class_list":["post-89856","post","type-post","status-publish","format-standard","has-post-thumbnail","hentry","category-noticiasdestaque","category-policial"],"_links":{"self":[{"href":"https:\/\/jorgezanoni.com.br\/2019\/wp-json\/wp\/v2\/posts\/89856","targetHints":{"allow":["GET"]}}],"collection":[{"href":"https:\/\/jorgezanoni.com.br\/2019\/wp-json\/wp\/v2\/posts"}],"about":[{"href":"https:\/\/jorgezanoni.com.br\/2019\/wp-json\/wp\/v2\/types\/post"}],"author":[{"embeddable":true,"href":"https:\/\/jorgezanoni.com.br\/2019\/wp-json\/wp\/v2\/users\/1"}],"replies":[{"embeddable":true,"href":"https:\/\/jorgezanoni.com.br\/2019\/wp-json\/wp\/v2\/comments?post=89856"}],"version-history":[{"count":1,"href":"https:\/\/jorgezanoni.com.br\/2019\/wp-json\/wp\/v2\/posts\/89856\/revisions"}],"predecessor-version":[{"id":89858,"href":"https:\/\/jorgezanoni.com.br\/2019\/wp-json\/wp\/v2\/posts\/89856\/revisions\/89858"}],"wp:featuredmedia":[{"embeddable":true,"href":"https:\/\/jorgezanoni.com.br\/2019\/wp-json\/wp\/v2\/media\/89857"}],"wp:attachment":[{"href":"https:\/\/jorgezanoni.com.br\/2019\/wp-json\/wp\/v2\/media?parent=89856"}],"wp:term":[{"taxonomy":"category","embeddable":true,"href":"https:\/\/jorgezanoni.com.br\/2019\/wp-json\/wp\/v2\/categories?post=89856"},{"taxonomy":"post_tag","embeddable":true,"href":"https:\/\/jorgezanoni.com.br\/2019\/wp-json\/wp\/v2\/tags?post=89856"}],"curies":[{"name":"wp","href":"https:\/\/api.w.org\/{rel}","templated":true}]}}