{"id":89800,"date":"2024-10-10T19:00:52","date_gmt":"2024-10-10T19:00:52","guid":{"rendered":"https:\/\/jorgezanoni.com.br\/2019\/?p=89800"},"modified":"2024-10-10T19:00:52","modified_gmt":"2024-10-10T19:00:52","slug":"policia-civil-realiza-operacao-para-capturar-pessoas-procuradas-pela-justica-em-panorama","status":"publish","type":"post","link":"https:\/\/jorgezanoni.com.br\/2019\/policia-civil-realiza-operacao-para-capturar-pessoas-procuradas-pela-justica-em-panorama\/","title":{"rendered":"Pol\u00edcia Civil realiza opera\u00e7\u00e3o para capturar pessoas procuradas pela Justi\u00e7a em Panorama"},"content":{"rendered":"<p style=\"text-align: justify;\">A Pol\u00edcia Civil, por interm\u00e9dio da Delegacia de Pol\u00edcia de Panorama, realizou nesta quarta-feira (9) uma opera\u00e7\u00e3o com o objetivo de localizar e prender indiv\u00edduos foragidos da Justi\u00e7a no munic\u00edpio de Panorama. A a\u00e7\u00e3o resultou na pris\u00e3o de tr\u00eas homens, com idades de 29, 41 e 42 anos, todos com mandados de pris\u00e3o em aberto.<\/p>\n<p style=\"text-align: justify;\">Durante os trabalhos, a primeira pris\u00e3o ocorreu no bairro Nosso Teto, onde um homem de 29 anos, procurado por condena\u00e7\u00e3o criminal por crimes de furto, foi preso. O mandado havia sido expedido pela Comarca de Panorama. Em seguida, no bairro Marrecas, um homem de 41 anos foi capturado. Ele possu\u00eda um mandado de pris\u00e3o por les\u00e3o corporal e amea\u00e7a, expedido pelo Departamento de Execu\u00e7\u00f5es Criminais da 5\u00aa RAJ, em Presidente Prudente.<\/p>\n<p style=\"text-align: justify;\">Ainda no bairro Marrecas, durante as dilig\u00eancias, os policiais civis localizaram e prenderam outro homem, de 42 anos, que tinha um mandado de pris\u00e3o expedido pela 2\u00aa Vara C\u00edvel de Hortol\u00e2ndia, por falta de pagamento de pens\u00e3o aliment\u00edcia. A pris\u00e3o \u00e9 pelo per\u00edodo de 30 dias.<\/p>\n<p style=\"text-align: justify;\">Ap\u00f3s o cumprimento dos mandados de pris\u00e3o e as formalidades legais, os detidos passar\u00e3o por audi\u00eancia de cust\u00f3dia e, posteriormente, ser\u00e3o encaminhados ao sistema prisional.<\/p>\n<p style=\"text-align: justify;\">A Pol\u00edcia Civil destaca a import\u00e2ncia da colabora\u00e7\u00e3o da popula\u00e7\u00e3o em fornecer informa\u00e7\u00f5es sobre atividades il\u00edcitas suspeitas ou o paradeiro de pessoas procuradas pela Justi\u00e7a, por meio do Disque-Den\u00fancia (197). A participa\u00e7\u00e3o da comunidade \u00e9 fundamental para o sucesso das opera\u00e7\u00f5es e para a manuten\u00e7\u00e3o da seguran\u00e7a p\u00fablica.<\/p>\n<p>Fonte: Com. Social Pol\u00edcia Civil<\/p>\n","protected":false},"excerpt":{"rendered":"<p>A Pol\u00edcia Civil, por interm\u00e9dio da Delegacia de Pol\u00edcia de Panorama, realizou nesta quarta-feira (9) uma opera\u00e7\u00e3o com o objetivo de localizar e prender indiv\u00edduos foragidos da Justi\u00e7a no munic\u00edpio de Panorama. A a\u00e7\u00e3o resultou na pris\u00e3o de tr\u00eas homens, com idades de 29, 41 e 42 anos, todos com mandados de pris\u00e3o em aberto. [&hellip;]<\/p>\n","protected":false},"author":1,"featured_media":89801,"comment_status":"closed","ping_status":"open","sticky":false,"template":"","format":"standard","meta":{"footnotes":""},"categories":[110,2],"tags":[],"class_list":["post-89800","post","type-post","status-publish","format-standard","has-post-thumbnail","hentry","category-noticiasdestaque","category-policial"],"_links":{"self":[{"href":"https:\/\/jorgezanoni.com.br\/2019\/wp-json\/wp\/v2\/posts\/89800","targetHints":{"allow":["GET"]}}],"collection":[{"href":"https:\/\/jorgezanoni.com.br\/2019\/wp-json\/wp\/v2\/posts"}],"about":[{"href":"https:\/\/jorgezanoni.com.br\/2019\/wp-json\/wp\/v2\/types\/post"}],"author":[{"embeddable":true,"href":"https:\/\/jorgezanoni.com.br\/2019\/wp-json\/wp\/v2\/users\/1"}],"replies":[{"embeddable":true,"href":"https:\/\/jorgezanoni.com.br\/2019\/wp-json\/wp\/v2\/comments?post=89800"}],"version-history":[{"count":1,"href":"https:\/\/jorgezanoni.com.br\/2019\/wp-json\/wp\/v2\/posts\/89800\/revisions"}],"predecessor-version":[{"id":89802,"href":"https:\/\/jorgezanoni.com.br\/2019\/wp-json\/wp\/v2\/posts\/89800\/revisions\/89802"}],"wp:featuredmedia":[{"embeddable":true,"href":"https:\/\/jorgezanoni.com.br\/2019\/wp-json\/wp\/v2\/media\/89801"}],"wp:attachment":[{"href":"https:\/\/jorgezanoni.com.br\/2019\/wp-json\/wp\/v2\/media?parent=89800"}],"wp:term":[{"taxonomy":"category","embeddable":true,"href":"https:\/\/jorgezanoni.com.br\/2019\/wp-json\/wp\/v2\/categories?post=89800"},{"taxonomy":"post_tag","embeddable":true,"href":"https:\/\/jorgezanoni.com.br\/2019\/wp-json\/wp\/v2\/tags?post=89800"}],"curies":[{"name":"wp","href":"https:\/\/api.w.org\/{rel}","templated":true}]}}