{"id":89746,"date":"2024-10-08T17:33:23","date_gmt":"2024-10-08T17:33:23","guid":{"rendered":"https:\/\/jorgezanoni.com.br\/2019\/?p=89746"},"modified":"2024-10-08T17:33:23","modified_gmt":"2024-10-08T17:33:23","slug":"reflexoes-sobre-minha-candidatura-a-vereadora-uma-jornada-de-aprendiz-por-cidinha-psicologa","status":"publish","type":"post","link":"https:\/\/jorgezanoni.com.br\/2019\/reflexoes-sobre-minha-candidatura-a-vereadora-uma-jornada-de-aprendiz-por-cidinha-psicologa\/","title":{"rendered":"Reflex\u00f5es sobre Minha Candidatura a Vereadora: Uma Jornada de Aprendiz (por Cidinha Psic\u00f3loga)"},"content":{"rendered":"<p style=\"text-align: justify;\">Candidatar-se a um cargo p\u00fablico \u00e9 um desafio que envolve coragem, dedica\u00e7\u00e3o e um profundo desejo de servir \u00e0 comunidade. Embora eu n\u00e3o tenha alcan\u00e7ado o objetivo de ser eleita vereadora, essa experi\u00eancia foi rica em aprendizado e crescimento pessoal. Neste artigo, quero compartilhar algumas reflex\u00f5es sobre essa jornada e o que levei dela.<\/p>\n<p style=\"text-align: justify;\">Decidi me candidatar porque acreditava que poderia fazer a diferen\u00e7a na minha cidade. Com uma vis\u00e3o clara de como gostaria de contribuir para a comunidade, mergulhei na campanha com esperan\u00e7a e determina\u00e7\u00e3o. Conhecer as necessidades das pessoas, ouvir suas hist\u00f3rias e entender seus desafios foi uma das partes mais gratificantes desse processo.<\/p>\n<p style=\"text-align: justify;\">A campanha n\u00e3o foi f\u00e1cil. Enfrentei desafios inesperados: momentos de d\u00favida, cr\u00edticas e a press\u00e3o constante para me destacar em meio a tantos candidatos. Cada obst\u00e1culo me ensinou sobre resili\u00eancia e adaptabilidade. Aprendi a import\u00e2ncia de manter a cabe\u00e7a erguida e continuar lutando por aquilo em que acredito.<\/p>\n<p style=\"text-align: justify;\">Um dos aspectos mais valiosos da minha candidatura foi o apoio que recebi da comunidade. Conheci pessoas incr\u00edveis que compartilharam suas preocupa\u00e7\u00f5es e esperan\u00e7as. As conversas nas ruas, os encontros e o apoio emocional foram fundamentais para me motivar ao longo da campanha. Agrade\u00e7o sinceramente a cada um que esteve ao meu lado, pois voc\u00eas foram uma fonte de inspira\u00e7\u00e3o.<\/p>\n<p style=\"text-align: justify;\">Embora o resultado n\u00e3o tenha sido o esperado, saio dessa experi\u00eancia com um cora\u00e7\u00e3o cheio de gratid\u00e3o e novas perspectivas. Aprendi sobre pol\u00edtica, sobre mim mesma e sobre o poder da coletividade. Essa jornada me mostrou que cada passo dado em dire\u00e7\u00e3o \u00e0 mudan\u00e7a \u00e9 valioso, independentemente do resultado.<\/p>\n<p style=\"text-align: justify;\">Agrade\u00e7o a todos que acreditaram em mim durante essa jornada. Cada voto e cada palavra de encorajamento foram importantes. Estou animada para continuar contribuindo para nossa cidade e espero que possamos trabalhar juntos por um futuro melhor.<\/p>\n<p style=\"text-align: justify;\">\n","protected":false},"excerpt":{"rendered":"<p>Candidatar-se a um cargo p\u00fablico \u00e9 um desafio que envolve coragem, dedica\u00e7\u00e3o e um profundo desejo de servir \u00e0 comunidade. Embora eu n\u00e3o tenha alcan\u00e7ado o objetivo de ser eleita vereadora, essa experi\u00eancia foi rica em aprendizado e crescimento pessoal. Neste artigo, quero compartilhar algumas reflex\u00f5es sobre essa jornada e o que levei dela. Decidi [&hellip;]<\/p>\n","protected":false},"author":1,"featured_media":89747,"comment_status":"closed","ping_status":"open","sticky":false,"template":"","format":"standard","meta":{"footnotes":""},"categories":[175],"tags":[],"class_list":["post-89746","post","type-post","status-publish","format-standard","has-post-thumbnail","hentry","category-artigos"],"_links":{"self":[{"href":"https:\/\/jorgezanoni.com.br\/2019\/wp-json\/wp\/v2\/posts\/89746","targetHints":{"allow":["GET"]}}],"collection":[{"href":"https:\/\/jorgezanoni.com.br\/2019\/wp-json\/wp\/v2\/posts"}],"about":[{"href":"https:\/\/jorgezanoni.com.br\/2019\/wp-json\/wp\/v2\/types\/post"}],"author":[{"embeddable":true,"href":"https:\/\/jorgezanoni.com.br\/2019\/wp-json\/wp\/v2\/users\/1"}],"replies":[{"embeddable":true,"href":"https:\/\/jorgezanoni.com.br\/2019\/wp-json\/wp\/v2\/comments?post=89746"}],"version-history":[{"count":1,"href":"https:\/\/jorgezanoni.com.br\/2019\/wp-json\/wp\/v2\/posts\/89746\/revisions"}],"predecessor-version":[{"id":89748,"href":"https:\/\/jorgezanoni.com.br\/2019\/wp-json\/wp\/v2\/posts\/89746\/revisions\/89748"}],"wp:featuredmedia":[{"embeddable":true,"href":"https:\/\/jorgezanoni.com.br\/2019\/wp-json\/wp\/v2\/media\/89747"}],"wp:attachment":[{"href":"https:\/\/jorgezanoni.com.br\/2019\/wp-json\/wp\/v2\/media?parent=89746"}],"wp:term":[{"taxonomy":"category","embeddable":true,"href":"https:\/\/jorgezanoni.com.br\/2019\/wp-json\/wp\/v2\/categories?post=89746"},{"taxonomy":"post_tag","embeddable":true,"href":"https:\/\/jorgezanoni.com.br\/2019\/wp-json\/wp\/v2\/tags?post=89746"}],"curies":[{"name":"wp","href":"https:\/\/api.w.org\/{rel}","templated":true}]}}