{"id":89743,"date":"2024-10-08T17:03:41","date_gmt":"2024-10-08T17:03:41","guid":{"rendered":"https:\/\/jorgezanoni.com.br\/2019\/?p=89743"},"modified":"2024-10-08T17:03:41","modified_gmt":"2024-10-08T17:03:41","slug":"policia-militar-prende-homem-em-flagrante-por-trafico-de-drogas-em-pauliceia","status":"publish","type":"post","link":"https:\/\/jorgezanoni.com.br\/2019\/policia-militar-prende-homem-em-flagrante-por-trafico-de-drogas-em-pauliceia\/","title":{"rendered":"Pol\u00edcia Militar prende homem em flagrante por Tr\u00e1fico de Drogas em Paulic\u00e9ia"},"content":{"rendered":"<p style=\"text-align: justify;\">Na data de ontem (07), por volta da 19h00 equipe de For\u00e7a T\u00e1tica abordou um indiv\u00edduo (masculino,23 anos) que segundo den\u00fancias, estaria envolvido na pr\u00e1tica de venda de drogas. Equipe obteve \u00eaxito ao localiz\u00e1-lo defronte sua resid\u00eancia e durante busca pessoal foi localizado em sua posse tr\u00eas por\u00e7\u00f5es de droga do tipo maconha prontas para venda, al\u00e9m de um aparelho celular e durante a entrevista declarou que fazia a venda de drogas e em sua resid\u00eancia havia mais quantidades da mesma para venda e com sua autoriza\u00e7\u00e3o foi realizada busca domiciliar, localizado uma mochila sobre uma c\u00f4moda contendo mais 13 (treze) por\u00e7\u00f5es de maconha, 3 (tr\u00eas) tijolos de maconha, 1(uma) balan\u00e7a de precis\u00e3o, 2 (dois) rolos de pl\u00e1stico filme e 430 (quatrocentos e trinta reais em notas diversas.<br \/>\nDiante do ocorrido, foi dado voz de pris\u00e3o ao indiciado e juntamente com as subst\u00e2ncias e objetos foram conduzidos ao Plant\u00e3o Policial de Dracena onde a Autoridade Policial ratificou a pris\u00e3o em flagrante, permanecendo o indiv\u00edduo preso \u00e0 disposi\u00e7\u00e3o da Justi\u00e7a.<\/p>\n<p>Fonte: Com. Social Pol\u00edcia Militar<\/p>\n","protected":false},"excerpt":{"rendered":"<p>Na data de ontem (07), por volta da 19h00 equipe de For\u00e7a T\u00e1tica abordou um indiv\u00edduo (masculino,23 anos) que segundo den\u00fancias, estaria envolvido na pr\u00e1tica de venda de drogas. Equipe obteve \u00eaxito ao localiz\u00e1-lo defronte sua resid\u00eancia e durante busca pessoal foi localizado em sua posse tr\u00eas por\u00e7\u00f5es de droga do tipo maconha prontas para [&hellip;]<\/p>\n","protected":false},"author":1,"featured_media":89744,"comment_status":"closed","ping_status":"open","sticky":false,"template":"","format":"standard","meta":{"footnotes":""},"categories":[110,2],"tags":[],"class_list":["post-89743","post","type-post","status-publish","format-standard","has-post-thumbnail","hentry","category-noticiasdestaque","category-policial"],"_links":{"self":[{"href":"https:\/\/jorgezanoni.com.br\/2019\/wp-json\/wp\/v2\/posts\/89743","targetHints":{"allow":["GET"]}}],"collection":[{"href":"https:\/\/jorgezanoni.com.br\/2019\/wp-json\/wp\/v2\/posts"}],"about":[{"href":"https:\/\/jorgezanoni.com.br\/2019\/wp-json\/wp\/v2\/types\/post"}],"author":[{"embeddable":true,"href":"https:\/\/jorgezanoni.com.br\/2019\/wp-json\/wp\/v2\/users\/1"}],"replies":[{"embeddable":true,"href":"https:\/\/jorgezanoni.com.br\/2019\/wp-json\/wp\/v2\/comments?post=89743"}],"version-history":[{"count":1,"href":"https:\/\/jorgezanoni.com.br\/2019\/wp-json\/wp\/v2\/posts\/89743\/revisions"}],"predecessor-version":[{"id":89745,"href":"https:\/\/jorgezanoni.com.br\/2019\/wp-json\/wp\/v2\/posts\/89743\/revisions\/89745"}],"wp:featuredmedia":[{"embeddable":true,"href":"https:\/\/jorgezanoni.com.br\/2019\/wp-json\/wp\/v2\/media\/89744"}],"wp:attachment":[{"href":"https:\/\/jorgezanoni.com.br\/2019\/wp-json\/wp\/v2\/media?parent=89743"}],"wp:term":[{"taxonomy":"category","embeddable":true,"href":"https:\/\/jorgezanoni.com.br\/2019\/wp-json\/wp\/v2\/categories?post=89743"},{"taxonomy":"post_tag","embeddable":true,"href":"https:\/\/jorgezanoni.com.br\/2019\/wp-json\/wp\/v2\/tags?post=89743"}],"curies":[{"name":"wp","href":"https:\/\/api.w.org\/{rel}","templated":true}]}}