{"id":89736,"date":"2024-10-08T16:22:09","date_gmt":"2024-10-08T16:22:09","guid":{"rendered":"https:\/\/jorgezanoni.com.br\/2019\/?p=89736"},"modified":"2024-10-08T16:37:25","modified_gmt":"2024-10-08T16:37:25","slug":"policia-militar-rodoviara-prende-homem-por-trafico-de-drogas-na-sp-294-em-dracena","status":"publish","type":"post","link":"https:\/\/jorgezanoni.com.br\/2019\/policia-militar-rodoviara-prende-homem-por-trafico-de-drogas-na-sp-294-em-dracena\/","title":{"rendered":"Pol\u00edcia Militar Rodovi\u00e1ra prende homem por Tr\u00e1fico de Drogas na SP-294 em Dracena"},"content":{"rendered":"<p style=\"text-align: justify;\">A pris\u00e3o ocorreu ontem (07) \u00e0s 08:40 Horas na Rodovia Comandante Jo\u00e3o Ribeiro de Barros, SP-294, kM 651, em Dracena.<\/p>\n<p style=\"text-align: justify;\">Durante o desenvolvimento da Opera\u00e7\u00e3o Impacto, equipe TOR da 2\u00aa Cia abordou o \u00f4nibus de linha regular o qual fazia o itiner\u00e1rio Campo Grande\/MS a S\u00e3o Paulo\/SP e, durante fiscaliza\u00e7\u00e3o o passageiro R. M. O. de 35 anos, que ocupava a poltrona n\u00b0 31, apresentou nervosismo motivando uma vistoria na mochila de cor preta que estava junto aos p\u00e9s, no seu interior, foi localizado 10 inv\u00f3lucros da droga conhecida como maconha que, ap\u00f3s pesada totalizou 5,640 kg (cinco quilos, seiscentos e quarenta gramas).<\/p>\n<p style=\"text-align: justify;\">Autor preso em flagrante e apresentado na Delegacia de Pol\u00edcia Civil de Dracena.<\/p>\n<p>O autor do tr\u00e1fico n\u00e3o possu\u00eda antecedentes criminais.<\/p>\n<p><img loading=\"lazy\" decoding=\"async\" class=\"alignnone size-full wp-image-89738\" src=\"https:\/\/jorgezanoni.com.br\/2019\/wp-content\/uploads\/2024\/10\/rodo1-Pequeno.jpg\" alt=\"\" width=\"482\" height=\"480\" srcset=\"https:\/\/jorgezanoni.com.br\/2019\/wp-content\/uploads\/2024\/10\/rodo1-Pequeno.jpg 482w, https:\/\/jorgezanoni.com.br\/2019\/wp-content\/uploads\/2024\/10\/rodo1-Pequeno-300x300.jpg 300w, https:\/\/jorgezanoni.com.br\/2019\/wp-content\/uploads\/2024\/10\/rodo1-Pequeno-150x150.jpg 150w, https:\/\/jorgezanoni.com.br\/2019\/wp-content\/uploads\/2024\/10\/rodo1-Pequeno-422x420.jpg 422w\" sizes=\"auto, (max-width: 482px) 100vw, 482px\" \/><\/p>\n<p>Fonte:<\/p>\n","protected":false},"excerpt":{"rendered":"<p>A pris\u00e3o ocorreu ontem (07) \u00e0s 08:40 Horas na Rodovia Comandante Jo\u00e3o Ribeiro de Barros, SP-294, kM 651, em Dracena. Durante o desenvolvimento da Opera\u00e7\u00e3o Impacto, equipe TOR da 2\u00aa Cia abordou o \u00f4nibus de linha regular o qual fazia o itiner\u00e1rio Campo Grande\/MS a S\u00e3o Paulo\/SP e, durante fiscaliza\u00e7\u00e3o o passageiro R. M. O. [&hellip;]<\/p>\n","protected":false},"author":1,"featured_media":89737,"comment_status":"closed","ping_status":"open","sticky":false,"template":"","format":"standard","meta":{"footnotes":""},"categories":[110,2],"tags":[],"class_list":["post-89736","post","type-post","status-publish","format-standard","has-post-thumbnail","hentry","category-noticiasdestaque","category-policial"],"_links":{"self":[{"href":"https:\/\/jorgezanoni.com.br\/2019\/wp-json\/wp\/v2\/posts\/89736","targetHints":{"allow":["GET"]}}],"collection":[{"href":"https:\/\/jorgezanoni.com.br\/2019\/wp-json\/wp\/v2\/posts"}],"about":[{"href":"https:\/\/jorgezanoni.com.br\/2019\/wp-json\/wp\/v2\/types\/post"}],"author":[{"embeddable":true,"href":"https:\/\/jorgezanoni.com.br\/2019\/wp-json\/wp\/v2\/users\/1"}],"replies":[{"embeddable":true,"href":"https:\/\/jorgezanoni.com.br\/2019\/wp-json\/wp\/v2\/comments?post=89736"}],"version-history":[{"count":1,"href":"https:\/\/jorgezanoni.com.br\/2019\/wp-json\/wp\/v2\/posts\/89736\/revisions"}],"predecessor-version":[{"id":89739,"href":"https:\/\/jorgezanoni.com.br\/2019\/wp-json\/wp\/v2\/posts\/89736\/revisions\/89739"}],"wp:featuredmedia":[{"embeddable":true,"href":"https:\/\/jorgezanoni.com.br\/2019\/wp-json\/wp\/v2\/media\/89737"}],"wp:attachment":[{"href":"https:\/\/jorgezanoni.com.br\/2019\/wp-json\/wp\/v2\/media?parent=89736"}],"wp:term":[{"taxonomy":"category","embeddable":true,"href":"https:\/\/jorgezanoni.com.br\/2019\/wp-json\/wp\/v2\/categories?post=89736"},{"taxonomy":"post_tag","embeddable":true,"href":"https:\/\/jorgezanoni.com.br\/2019\/wp-json\/wp\/v2\/tags?post=89736"}],"curies":[{"name":"wp","href":"https:\/\/api.w.org\/{rel}","templated":true}]}}