{"id":8964,"date":"2019-10-16T17:27:14","date_gmt":"2019-10-16T17:27:14","guid":{"rendered":"https:\/\/jorgezanoni.com.br\/2019\/?p=8964"},"modified":"2019-10-16T17:27:14","modified_gmt":"2019-10-16T17:27:14","slug":"unifadra-fundec-abre-inscricoes-para-receber-transferencias-externas-para-o-curso-de-medicina","status":"publish","type":"post","link":"https:\/\/jorgezanoni.com.br\/2019\/unifadra-fundec-abre-inscricoes-para-receber-transferencias-externas-para-o-curso-de-medicina\/","title":{"rendered":"Unifadra\/Fundec abre inscri\u00e7\u00f5es para receber transfer\u00eancias externas para o curso de Medicina"},"content":{"rendered":"<p style=\"font-weight: 400; text-align: justify;\">A Faculdade Unifadra\/Fundec est\u00e1 com as inscri\u00e7\u00f5es abertas para receber transfer\u00eancias externas para o 3\u00ba, 5\u00ba e 7\u00ba semestres do curso de Medicina. As inscri\u00e7\u00f5es para o processo seletivo poder\u00e3o ser feitas at\u00e9 o dia 20 de dezembro pelo site\u00a0<a href=\"http:\/\/www.fundec.edu.br\/\">www.fundec.edu.br<\/a>. Segundo o diretor acad\u00eamico da Unifadra Prof. Dr. Enio Garbelini, poder\u00e3o inscrever-se no processo seletivo de transfer\u00eancia alunos regularmente matriculados em\u00a0curso de\u00a0gradua\u00e7\u00e3o em Medicina em Institui\u00e7\u00f5es de Ensino Superior brasileiras reconhecidas pelo Minist\u00e9rio da Educa\u00e7\u00e3o e Cultura ou Conselhos Estaduais de Educa\u00e7\u00e3o. Garbelini destacou que os candidatos ter\u00e3o que, al\u00e9m de efetuar a inscri\u00e7\u00e3o pelo site, apresentar na Secretaria Geral da Fundec a rela\u00e7\u00e3o de documentos pedida no edital. A prova escrita ser\u00e1 realizada no dia 13 de janeiro, na Fundec.<br \/>\nO resultado final ser\u00e1 divulgado no dia 15\/01, ap\u00f3s an\u00e1lise curricular. As matr\u00edculas para os aprovados no processo seletivo de transfer\u00eancia dever\u00e3o ser feitas at\u00e9 o dia 24 de janeiro. Edital e informa\u00e7\u00f5es no site:\u00a0<a href=\"http:\/\/www.fundec.edu.br\/unifadra\">www.fundec.edu.br\/unifadra<\/a>\u00a0.<\/p>\n<p style=\"font-weight: 400; text-align: justify;\">Carolina Colnago<\/p>\n<p style=\"font-weight: 400; text-align: justify;\">Assessora de Comunica\u00e7\u00e3o da Fundec &#8211; Jornalista<\/p>\n","protected":false},"excerpt":{"rendered":"<p>A Faculdade Unifadra\/Fundec est\u00e1 com as inscri\u00e7\u00f5es abertas para receber transfer\u00eancias externas para o 3\u00ba, 5\u00ba e 7\u00ba semestres do curso de Medicina. As inscri\u00e7\u00f5es para o processo seletivo poder\u00e3o ser feitas at\u00e9 o dia 20 de dezembro pelo site\u00a0www.fundec.edu.br. Segundo o diretor acad\u00eamico da Unifadra Prof. Dr. Enio Garbelini, poder\u00e3o inscrever-se no processo seletivo [&hellip;]<\/p>\n","protected":false},"author":1,"featured_media":8965,"comment_status":"closed","ping_status":"open","sticky":false,"template":"","format":"standard","meta":{"footnotes":""},"categories":[110,122],"tags":[],"class_list":["post-8964","post","type-post","status-publish","format-standard","has-post-thumbnail","hentry","category-noticiasdestaque","category-saudeeducacaoeconcurso"],"_links":{"self":[{"href":"https:\/\/jorgezanoni.com.br\/2019\/wp-json\/wp\/v2\/posts\/8964","targetHints":{"allow":["GET"]}}],"collection":[{"href":"https:\/\/jorgezanoni.com.br\/2019\/wp-json\/wp\/v2\/posts"}],"about":[{"href":"https:\/\/jorgezanoni.com.br\/2019\/wp-json\/wp\/v2\/types\/post"}],"author":[{"embeddable":true,"href":"https:\/\/jorgezanoni.com.br\/2019\/wp-json\/wp\/v2\/users\/1"}],"replies":[{"embeddable":true,"href":"https:\/\/jorgezanoni.com.br\/2019\/wp-json\/wp\/v2\/comments?post=8964"}],"version-history":[{"count":0,"href":"https:\/\/jorgezanoni.com.br\/2019\/wp-json\/wp\/v2\/posts\/8964\/revisions"}],"wp:featuredmedia":[{"embeddable":true,"href":"https:\/\/jorgezanoni.com.br\/2019\/wp-json\/wp\/v2\/media\/8965"}],"wp:attachment":[{"href":"https:\/\/jorgezanoni.com.br\/2019\/wp-json\/wp\/v2\/media?parent=8964"}],"wp:term":[{"taxonomy":"category","embeddable":true,"href":"https:\/\/jorgezanoni.com.br\/2019\/wp-json\/wp\/v2\/categories?post=8964"},{"taxonomy":"post_tag","embeddable":true,"href":"https:\/\/jorgezanoni.com.br\/2019\/wp-json\/wp\/v2\/tags?post=8964"}],"curies":[{"name":"wp","href":"https:\/\/api.w.org\/{rel}","templated":true}]}}