{"id":89534,"date":"2024-09-28T21:30:27","date_gmt":"2024-09-28T21:30:27","guid":{"rendered":"https:\/\/jorgezanoni.com.br\/2019\/?p=89534"},"modified":"2024-09-28T21:30:27","modified_gmt":"2024-09-28T21:30:27","slug":"policia-militar-prende-casal-por-trafico-de-drogas-em-dracena-3","status":"publish","type":"post","link":"https:\/\/jorgezanoni.com.br\/2019\/policia-militar-prende-casal-por-trafico-de-drogas-em-dracena-3\/","title":{"rendered":"Pol\u00edcia Militar prende casal por Tr\u00e1fico de Drogas em Dracena"},"content":{"rendered":"<p style=\"text-align: justify;\">Na data de ontem (27) por volta das 10h22min policiais militares do 25\u00ba Batalh\u00e3o de Pol\u00edcia Militar do Interior em patrulhamento pelo munic\u00edpio de Dracena se deparou com o ve\u00edculo Astra preto e ao realizar a abordagem foi constatado que a condutora se tratava da indiciada e sua filha de 4 anos de idade no banco traseiro, devido a v\u00e1rias den\u00fancias de tr\u00e1fico de drogas a indiciada foi questionada se havia algo de il\u00edcito no ve\u00edculo onde confessou que havia uma quantidade de coca\u00edna na porta dianteira esquerda sendo de fato localizado. Foi realizada com a permiss\u00e3o da indiciada busca na resid\u00eancia a entrada da equipe e com apoio do Canil foi localizado mais uma quantidade entorpecentes em um coturno, uma tesoura e embalagem pl\u00e1stica ja cortada para embalar entorpecentes.<br \/>\nA equipe continuou em dilig\u00eancias onde localizou o marido da indiciada na resid\u00eancia de seu genitor, onde tamb\u00e9m foi conduzido ao Plant\u00e3o Policial de Dracena, pois em buscas foi localizado no terreno ao lado da casa do genitor do indiciado uma quantidade de entorpecentes enterrado no local.<br \/>\nOs indiciados foram conduzidos ao Plant\u00e3o Policial de Dracena onde foi elaborado BOPC de tr\u00e1fico de entorpecentes, permanecendo ambos presos \u00e0 disposi\u00e7\u00e3o da Justi\u00e7a.<\/p>\n<p><img loading=\"lazy\" decoding=\"async\" class=\"alignnone size-full wp-image-89535\" src=\"https:\/\/jorgezanoni.com.br\/2019\/wp-content\/uploads\/2024\/09\/PM-Pequeno.jpg\" alt=\"\" width=\"360\" height=\"480\" srcset=\"https:\/\/jorgezanoni.com.br\/2019\/wp-content\/uploads\/2024\/09\/PM-Pequeno.jpg 360w, https:\/\/jorgezanoni.com.br\/2019\/wp-content\/uploads\/2024\/09\/PM-Pequeno-225x300.jpg 225w, https:\/\/jorgezanoni.com.br\/2019\/wp-content\/uploads\/2024\/09\/PM-Pequeno-315x420.jpg 315w\" sizes=\"auto, (max-width: 360px) 100vw, 360px\" \/><\/p>\n<p>Fonte: Comunica\u00e7\u00e3o Social Pol\u00edcia Militar<\/p>\n","protected":false},"excerpt":{"rendered":"<p>Na data de ontem (27) por volta das 10h22min policiais militares do 25\u00ba Batalh\u00e3o de Pol\u00edcia Militar do Interior em patrulhamento pelo munic\u00edpio de Dracena se deparou com o ve\u00edculo Astra preto e ao realizar a abordagem foi constatado que a condutora se tratava da indiciada e sua filha de 4 anos de idade no [&hellip;]<\/p>\n","protected":false},"author":1,"featured_media":89536,"comment_status":"closed","ping_status":"open","sticky":false,"template":"","format":"standard","meta":{"footnotes":""},"categories":[110,2],"tags":[],"class_list":["post-89534","post","type-post","status-publish","format-standard","has-post-thumbnail","hentry","category-noticiasdestaque","category-policial"],"_links":{"self":[{"href":"https:\/\/jorgezanoni.com.br\/2019\/wp-json\/wp\/v2\/posts\/89534","targetHints":{"allow":["GET"]}}],"collection":[{"href":"https:\/\/jorgezanoni.com.br\/2019\/wp-json\/wp\/v2\/posts"}],"about":[{"href":"https:\/\/jorgezanoni.com.br\/2019\/wp-json\/wp\/v2\/types\/post"}],"author":[{"embeddable":true,"href":"https:\/\/jorgezanoni.com.br\/2019\/wp-json\/wp\/v2\/users\/1"}],"replies":[{"embeddable":true,"href":"https:\/\/jorgezanoni.com.br\/2019\/wp-json\/wp\/v2\/comments?post=89534"}],"version-history":[{"count":1,"href":"https:\/\/jorgezanoni.com.br\/2019\/wp-json\/wp\/v2\/posts\/89534\/revisions"}],"predecessor-version":[{"id":89538,"href":"https:\/\/jorgezanoni.com.br\/2019\/wp-json\/wp\/v2\/posts\/89534\/revisions\/89538"}],"wp:featuredmedia":[{"embeddable":true,"href":"https:\/\/jorgezanoni.com.br\/2019\/wp-json\/wp\/v2\/media\/89536"}],"wp:attachment":[{"href":"https:\/\/jorgezanoni.com.br\/2019\/wp-json\/wp\/v2\/media?parent=89534"}],"wp:term":[{"taxonomy":"category","embeddable":true,"href":"https:\/\/jorgezanoni.com.br\/2019\/wp-json\/wp\/v2\/categories?post=89534"},{"taxonomy":"post_tag","embeddable":true,"href":"https:\/\/jorgezanoni.com.br\/2019\/wp-json\/wp\/v2\/tags?post=89534"}],"curies":[{"name":"wp","href":"https:\/\/api.w.org\/{rel}","templated":true}]}}