{"id":89448,"date":"2024-09-23T00:26:22","date_gmt":"2024-09-23T00:26:22","guid":{"rendered":"https:\/\/jorgezanoni.com.br\/2019\/?p=89448"},"modified":"2024-09-23T00:27:49","modified_gmt":"2024-09-23T00:27:49","slug":"colisao-de-veiculo-com-placas-de-dracena-contra-guard-rail-mata-duas-jovens","status":"publish","type":"post","link":"https:\/\/jorgezanoni.com.br\/2019\/colisao-de-veiculo-com-placas-de-dracena-contra-guard-rail-mata-duas-jovens\/","title":{"rendered":"Colis\u00e3o de ve\u00edculo com placas de Dracena contra Guard Rail mata duas jovens"},"content":{"rendered":"<h2 class=\"post-subtitle\" style=\"text-align: justify;\"><strong>Segundo testemunhas, quatro pessoas estavam no carro, sendo dois casais. Ap\u00f3s a colis\u00e3o, os dois rapazes que tamb\u00e9m estavam no ve\u00edculo\u00a0fugiram antes da chegada das autoridades e ainda n\u00e3o foram identificados. N\u00e3o se sabe a extens\u00e3o das les\u00f5es sofridas pelos indiv\u00edduos. As jovens voltavam de Panorama, em S\u00e3o Paulo quando aconteceu a batida fatal.<\/strong><\/h2>\n<h5 class=\"wp-block-heading\" style=\"text-align: justify;\"><strong>V\u00edtimas voltavam de Panorama quando sofreram o acidente, onde os outros ocupantes do ve\u00edculo fugiram antes da chegada das autoridades.<\/strong><\/h5>\n<p style=\"text-align: justify;\">Um grave acidente na rodovia BR 158, no KM 356, entre Brasil\u00e2ndia e Pauliceia (SP), resultou na morte das jovens Bianca In\u00e1cio Gomes da Silva, de 16 anos e Ketullin Antunes de Oliveira, de 18 anos na noite deste s\u00e1bado, 21.\u00a0<strong>O ve\u00edculo em que estavam colidiu contra o guard rail em uma curva, e as v\u00edtimas morreram no local.<\/strong><\/p>\n<p style=\"text-align: justify;\">Militares do 5\u00ba Grupamento de Bombeiros Militar de Tr\u00eas Lagoas (5\u00baGBM) atenderam a ocorr\u00eancia, que estava \u00e0 cerca de 75 km da cidade.\u00a0<strong>As investiga\u00e7\u00f5es continuam para identificar os envolvidos e apurar as circunst\u00e2ncias do acidente.<\/strong><\/p>\n<p style=\"text-align: justify;\">Em Brasil\u00e2ndia (MS), as aulas foram suspensas nesta segunda-feira, 23, em respeito \u00e0s v\u00edtimas. O corpo de Bianca ser\u00e1 sepultado em Panorama (SP), j\u00e1 o corpo de Ketullin ser\u00e1 enterrado em Brasil\u00e2ndia.<\/p>\n<p><img loading=\"lazy\" decoding=\"async\" class=\"alignnone size-full wp-image-89450\" src=\"https:\/\/jorgezanoni.com.br\/2019\/wp-content\/uploads\/2024\/09\/z-bras-2-Pequeno.jpeg\" alt=\"\" width=\"638\" height=\"480\" srcset=\"https:\/\/jorgezanoni.com.br\/2019\/wp-content\/uploads\/2024\/09\/z-bras-2-Pequeno.jpeg 638w, https:\/\/jorgezanoni.com.br\/2019\/wp-content\/uploads\/2024\/09\/z-bras-2-Pequeno-300x226.jpeg 300w, https:\/\/jorgezanoni.com.br\/2019\/wp-content\/uploads\/2024\/09\/z-bras-2-Pequeno-80x60.jpeg 80w, https:\/\/jorgezanoni.com.br\/2019\/wp-content\/uploads\/2024\/09\/z-bras-2-Pequeno-265x198.jpeg 265w, https:\/\/jorgezanoni.com.br\/2019\/wp-content\/uploads\/2024\/09\/z-bras-2-Pequeno-558x420.jpeg 558w\" sizes=\"auto, (max-width: 638px) 100vw, 638px\" \/> <img loading=\"lazy\" decoding=\"async\" class=\"alignnone size-full wp-image-89451\" src=\"https:\/\/jorgezanoni.com.br\/2019\/wp-content\/uploads\/2024\/09\/z-bras-1-Pequeno.jpeg\" alt=\"\" width=\"638\" height=\"480\" srcset=\"https:\/\/jorgezanoni.com.br\/2019\/wp-content\/uploads\/2024\/09\/z-bras-1-Pequeno.jpeg 638w, https:\/\/jorgezanoni.com.br\/2019\/wp-content\/uploads\/2024\/09\/z-bras-1-Pequeno-300x226.jpeg 300w, https:\/\/jorgezanoni.com.br\/2019\/wp-content\/uploads\/2024\/09\/z-bras-1-Pequeno-80x60.jpeg 80w, https:\/\/jorgezanoni.com.br\/2019\/wp-content\/uploads\/2024\/09\/z-bras-1-Pequeno-265x198.jpeg 265w, https:\/\/jorgezanoni.com.br\/2019\/wp-content\/uploads\/2024\/09\/z-bras-1-Pequeno-558x420.jpeg 558w\" sizes=\"auto, (max-width: 638px) 100vw, 638px\" \/><\/p>\n<p>Fonte: https:\/\/www.saibatudosaopaulo.com.br\/colisao-contra-guard-rail-mata-jovens-de-16-e-18-anos-em-rodovia-de-brasilandia\/?<\/p>\n<h1 class=\"single-post-title\"><\/h1>\n","protected":false},"excerpt":{"rendered":"<p>Segundo testemunhas, quatro pessoas estavam no carro, sendo dois casais. Ap\u00f3s a colis\u00e3o, os dois rapazes que tamb\u00e9m estavam no ve\u00edculo\u00a0fugiram antes da chegada das autoridades e ainda n\u00e3o foram identificados. N\u00e3o se sabe a extens\u00e3o das les\u00f5es sofridas pelos indiv\u00edduos. As jovens voltavam de Panorama, em S\u00e3o Paulo quando aconteceu a batida fatal. V\u00edtimas [&hellip;]<\/p>\n","protected":false},"author":1,"featured_media":89449,"comment_status":"closed","ping_status":"open","sticky":false,"template":"","format":"standard","meta":{"footnotes":""},"categories":[170,110],"tags":[],"class_list":["post-89448","post","type-post","status-publish","format-standard","has-post-thumbnail","hentry","category-acidentes","category-noticiasdestaque"],"_links":{"self":[{"href":"https:\/\/jorgezanoni.com.br\/2019\/wp-json\/wp\/v2\/posts\/89448","targetHints":{"allow":["GET"]}}],"collection":[{"href":"https:\/\/jorgezanoni.com.br\/2019\/wp-json\/wp\/v2\/posts"}],"about":[{"href":"https:\/\/jorgezanoni.com.br\/2019\/wp-json\/wp\/v2\/types\/post"}],"author":[{"embeddable":true,"href":"https:\/\/jorgezanoni.com.br\/2019\/wp-json\/wp\/v2\/users\/1"}],"replies":[{"embeddable":true,"href":"https:\/\/jorgezanoni.com.br\/2019\/wp-json\/wp\/v2\/comments?post=89448"}],"version-history":[{"count":1,"href":"https:\/\/jorgezanoni.com.br\/2019\/wp-json\/wp\/v2\/posts\/89448\/revisions"}],"predecessor-version":[{"id":89452,"href":"https:\/\/jorgezanoni.com.br\/2019\/wp-json\/wp\/v2\/posts\/89448\/revisions\/89452"}],"wp:featuredmedia":[{"embeddable":true,"href":"https:\/\/jorgezanoni.com.br\/2019\/wp-json\/wp\/v2\/media\/89449"}],"wp:attachment":[{"href":"https:\/\/jorgezanoni.com.br\/2019\/wp-json\/wp\/v2\/media?parent=89448"}],"wp:term":[{"taxonomy":"category","embeddable":true,"href":"https:\/\/jorgezanoni.com.br\/2019\/wp-json\/wp\/v2\/categories?post=89448"},{"taxonomy":"post_tag","embeddable":true,"href":"https:\/\/jorgezanoni.com.br\/2019\/wp-json\/wp\/v2\/tags?post=89448"}],"curies":[{"name":"wp","href":"https:\/\/api.w.org\/{rel}","templated":true}]}}