{"id":89381,"date":"2024-09-20T01:34:21","date_gmt":"2024-09-20T01:34:21","guid":{"rendered":"https:\/\/jorgezanoni.com.br\/2019\/?p=89381"},"modified":"2024-09-20T01:34:21","modified_gmt":"2024-09-20T01:34:21","slug":"motociclista-fica-ferido-em-acidente-na-avenida-presidente-vargas","status":"publish","type":"post","link":"https:\/\/jorgezanoni.com.br\/2019\/motociclista-fica-ferido-em-acidente-na-avenida-presidente-vargas\/","title":{"rendered":"Motociclista fica ferido em acidente na Avenida Presidente Vargas"},"content":{"rendered":"<p style=\"text-align: justify;\"><strong>Moto bateu na lanterna traseira de veiculo em local que o tr\u00e2nsito estava lento.<\/strong><\/p>\n<p style=\"text-align: justify;\">Acidente ocorreu na Avenida Presidente Vargas em Dracena no final da tarde desta quarta-feira (18).<\/p>\n<p style=\"text-align: justify;\">Segundo informa\u00e7\u00f5es obtidas no local pela reportagem do SITE JZ e TOP TV, carro e moto faziam o sentido \u00fanico de dire\u00e7\u00e3o centro-bairro pela Vargas, quando a moto bateu na traseira do ve\u00edculo, mais precisamente na lanterna esquerda.<\/p>\n<p style=\"text-align: justify;\">No momento acontecia a tradicional feira da Rui Barbosa e diversos ve\u00edculos diminuem a velocidade para adentrarem na Visconde do Rio Branco, foi quando ocorreu a batida. O tr\u00e2nsito ficou lento no local.<\/p>\n<p style=\"text-align: justify;\">O motociclista teve ferimentos em um dos bra\u00e7os e foi socorrido por uma Unidade de Resgate do Corpo de Bombeiros ao Pronto Atendimento Municipal.<\/p>\n<p style=\"text-align: justify;\">Pol\u00edcia Militar e Per\u00edcia T\u00e9cnica estiveram no local para os levantamentos de praxe.<\/p>\n<p><img loading=\"lazy\" decoding=\"async\" class=\"alignnone size-full wp-image-89382\" src=\"https:\/\/jorgezanoni.com.br\/2019\/wp-content\/uploads\/2024\/09\/IMG_2458-Pequeno.jpg\" alt=\"\" width=\"640\" height=\"480\" srcset=\"https:\/\/jorgezanoni.com.br\/2019\/wp-content\/uploads\/2024\/09\/IMG_2458-Pequeno.jpg 640w, https:\/\/jorgezanoni.com.br\/2019\/wp-content\/uploads\/2024\/09\/IMG_2458-Pequeno-300x225.jpg 300w, https:\/\/jorgezanoni.com.br\/2019\/wp-content\/uploads\/2024\/09\/IMG_2458-Pequeno-80x60.jpg 80w, https:\/\/jorgezanoni.com.br\/2019\/wp-content\/uploads\/2024\/09\/IMG_2458-Pequeno-265x198.jpg 265w, https:\/\/jorgezanoni.com.br\/2019\/wp-content\/uploads\/2024\/09\/IMG_2458-Pequeno-560x420.jpg 560w\" sizes=\"auto, (max-width: 640px) 100vw, 640px\" \/> <img loading=\"lazy\" decoding=\"async\" class=\"alignnone size-full wp-image-89384\" src=\"https:\/\/jorgezanoni.com.br\/2019\/wp-content\/uploads\/2024\/09\/IMG_2460-Pequeno.jpg\" alt=\"\" width=\"480\" height=\"640\" srcset=\"https:\/\/jorgezanoni.com.br\/2019\/wp-content\/uploads\/2024\/09\/IMG_2460-Pequeno.jpg 480w, https:\/\/jorgezanoni.com.br\/2019\/wp-content\/uploads\/2024\/09\/IMG_2460-Pequeno-225x300.jpg 225w, https:\/\/jorgezanoni.com.br\/2019\/wp-content\/uploads\/2024\/09\/IMG_2460-Pequeno-315x420.jpg 315w\" sizes=\"auto, (max-width: 480px) 100vw, 480px\" \/> <img loading=\"lazy\" decoding=\"async\" class=\"alignnone size-full wp-image-89385\" src=\"https:\/\/jorgezanoni.com.br\/2019\/wp-content\/uploads\/2024\/09\/IMG_2461-Pequeno.jpg\" alt=\"\" width=\"640\" height=\"480\" srcset=\"https:\/\/jorgezanoni.com.br\/2019\/wp-content\/uploads\/2024\/09\/IMG_2461-Pequeno.jpg 640w, https:\/\/jorgezanoni.com.br\/2019\/wp-content\/uploads\/2024\/09\/IMG_2461-Pequeno-300x225.jpg 300w, https:\/\/jorgezanoni.com.br\/2019\/wp-content\/uploads\/2024\/09\/IMG_2461-Pequeno-80x60.jpg 80w, https:\/\/jorgezanoni.com.br\/2019\/wp-content\/uploads\/2024\/09\/IMG_2461-Pequeno-265x198.jpg 265w, https:\/\/jorgezanoni.com.br\/2019\/wp-content\/uploads\/2024\/09\/IMG_2461-Pequeno-560x420.jpg 560w\" sizes=\"auto, (max-width: 640px) 100vw, 640px\" \/> <img loading=\"lazy\" decoding=\"async\" class=\"alignnone size-full wp-image-89386\" src=\"https:\/\/jorgezanoni.com.br\/2019\/wp-content\/uploads\/2024\/09\/IMG_2462-Pequeno.jpg\" alt=\"\" width=\"640\" height=\"480\" srcset=\"https:\/\/jorgezanoni.com.br\/2019\/wp-content\/uploads\/2024\/09\/IMG_2462-Pequeno.jpg 640w, https:\/\/jorgezanoni.com.br\/2019\/wp-content\/uploads\/2024\/09\/IMG_2462-Pequeno-300x225.jpg 300w, https:\/\/jorgezanoni.com.br\/2019\/wp-content\/uploads\/2024\/09\/IMG_2462-Pequeno-80x60.jpg 80w, https:\/\/jorgezanoni.com.br\/2019\/wp-content\/uploads\/2024\/09\/IMG_2462-Pequeno-265x198.jpg 265w, https:\/\/jorgezanoni.com.br\/2019\/wp-content\/uploads\/2024\/09\/IMG_2462-Pequeno-560x420.jpg 560w\" sizes=\"auto, (max-width: 640px) 100vw, 640px\" \/> <img loading=\"lazy\" decoding=\"async\" class=\"alignnone size-full wp-image-89387\" src=\"https:\/\/jorgezanoni.com.br\/2019\/wp-content\/uploads\/2024\/09\/IMG_2463-Pequeno.jpg\" alt=\"\" width=\"640\" height=\"480\" srcset=\"https:\/\/jorgezanoni.com.br\/2019\/wp-content\/uploads\/2024\/09\/IMG_2463-Pequeno.jpg 640w, https:\/\/jorgezanoni.com.br\/2019\/wp-content\/uploads\/2024\/09\/IMG_2463-Pequeno-300x225.jpg 300w, https:\/\/jorgezanoni.com.br\/2019\/wp-content\/uploads\/2024\/09\/IMG_2463-Pequeno-80x60.jpg 80w, https:\/\/jorgezanoni.com.br\/2019\/wp-content\/uploads\/2024\/09\/IMG_2463-Pequeno-265x198.jpg 265w, https:\/\/jorgezanoni.com.br\/2019\/wp-content\/uploads\/2024\/09\/IMG_2463-Pequeno-560x420.jpg 560w\" sizes=\"auto, (max-width: 640px) 100vw, 640px\" \/><\/p>\n<p>Jorge Zanoni<\/p>\n","protected":false},"excerpt":{"rendered":"<p>Moto bateu na lanterna traseira de veiculo em local que o tr\u00e2nsito estava lento. Acidente ocorreu na Avenida Presidente Vargas em Dracena no final da tarde desta quarta-feira (18). Segundo informa\u00e7\u00f5es obtidas no local pela reportagem do SITE JZ e TOP TV, carro e moto faziam o sentido \u00fanico de dire\u00e7\u00e3o centro-bairro pela Vargas, quando [&hellip;]<\/p>\n","protected":false},"author":1,"featured_media":89383,"comment_status":"closed","ping_status":"open","sticky":false,"template":"","format":"standard","meta":{"footnotes":""},"categories":[170,110],"tags":[],"class_list":["post-89381","post","type-post","status-publish","format-standard","has-post-thumbnail","hentry","category-acidentes","category-noticiasdestaque"],"_links":{"self":[{"href":"https:\/\/jorgezanoni.com.br\/2019\/wp-json\/wp\/v2\/posts\/89381","targetHints":{"allow":["GET"]}}],"collection":[{"href":"https:\/\/jorgezanoni.com.br\/2019\/wp-json\/wp\/v2\/posts"}],"about":[{"href":"https:\/\/jorgezanoni.com.br\/2019\/wp-json\/wp\/v2\/types\/post"}],"author":[{"embeddable":true,"href":"https:\/\/jorgezanoni.com.br\/2019\/wp-json\/wp\/v2\/users\/1"}],"replies":[{"embeddable":true,"href":"https:\/\/jorgezanoni.com.br\/2019\/wp-json\/wp\/v2\/comments?post=89381"}],"version-history":[{"count":1,"href":"https:\/\/jorgezanoni.com.br\/2019\/wp-json\/wp\/v2\/posts\/89381\/revisions"}],"predecessor-version":[{"id":89389,"href":"https:\/\/jorgezanoni.com.br\/2019\/wp-json\/wp\/v2\/posts\/89381\/revisions\/89389"}],"wp:featuredmedia":[{"embeddable":true,"href":"https:\/\/jorgezanoni.com.br\/2019\/wp-json\/wp\/v2\/media\/89383"}],"wp:attachment":[{"href":"https:\/\/jorgezanoni.com.br\/2019\/wp-json\/wp\/v2\/media?parent=89381"}],"wp:term":[{"taxonomy":"category","embeddable":true,"href":"https:\/\/jorgezanoni.com.br\/2019\/wp-json\/wp\/v2\/categories?post=89381"},{"taxonomy":"post_tag","embeddable":true,"href":"https:\/\/jorgezanoni.com.br\/2019\/wp-json\/wp\/v2\/tags?post=89381"}],"curies":[{"name":"wp","href":"https:\/\/api.w.org\/{rel}","templated":true}]}}