{"id":89376,"date":"2024-09-20T00:34:47","date_gmt":"2024-09-20T00:34:47","guid":{"rendered":"https:\/\/jorgezanoni.com.br\/2019\/?p=89376"},"modified":"2024-09-20T00:34:47","modified_gmt":"2024-09-20T00:34:47","slug":"policia-civil-recupera-barcos-furtados-no-rio-aguapei-em-junqueiropolis","status":"publish","type":"post","link":"https:\/\/jorgezanoni.com.br\/2019\/policia-civil-recupera-barcos-furtados-no-rio-aguapei-em-junqueiropolis\/","title":{"rendered":"Pol\u00edcia Civil recupera Barcos furtados no Rio Aguape\u00ed em Junqueir\u00f3polis"},"content":{"rendered":"<p style=\"text-align: justify;\">A Pol\u00edcia Civil, por interm\u00e9dio da Delegacia de Pol\u00edcia de Junqueir\u00f3polis, com o apoio operacional da Delegacia de Pol\u00edcia de V\u00e1rzea da Palma, em Minas Gerais, recuperou tr\u00eas embarca\u00e7\u00f5es furtadas, sendo que duas delas foram subtra\u00eddas entre os meses de julho e agosto deste ano. Os barcos estavam ancorados \u00e0s margens do Rio Aguape\u00ed, popularmente conhecido como &#8220;Rio Feio&#8221;, no bairro rural Salgado Filho, em Junqueir\u00f3polis.<\/p>\n<p style=\"text-align: justify;\">Ap\u00f3s o registro do boletim de ocorr\u00eancia e durante as investiga\u00e7\u00f5es, a equipe da Delegacia de Pol\u00edcia de Junqueir\u00f3polis descobriu que as embarca\u00e7\u00f5es, furtadas a cerca de 30 quil\u00f4metros da \u00e1rea urbana do munic\u00edpio, foram transportadas para Minas Gerais.<\/p>\n<p style=\"text-align: justify;\">Com essas informa\u00e7\u00f5es, foi feito contato com a Pol\u00edcia Civil de Minas Gerais, que, por meio da Delegacia de V\u00e1rzea da Palma, realizou uma opera\u00e7\u00e3o para recuperar os barcos e identificar os suspeitos envolvidos no crime. Durante as dilig\u00eancias, as embarca\u00e7\u00f5es foram localizadas e apreendidas no distrito de Barra Guapia\u00e7u.<\/p>\n<p style=\"text-align: justify;\">Al\u00e9m da recupera\u00e7\u00e3o dos barcos, dois suspeitos foram identificados. As embarca\u00e7\u00f5es furtadas em Junqueir\u00f3polis ser\u00e3o restitu\u00eddas aos seus propriet\u00e1rios. A Pol\u00edcia Civil de S\u00e3o Paulo e de Minas Gerais seguem trabalhando para identificar o dono da terceira embarca\u00e7\u00e3o recuperada.<\/p>\n<p style=\"text-align: justify;\">Os suspeitos ser\u00e3o indiciados e responder\u00e3o pelo crime de furto qualificado, cuja pena, em caso de condena\u00e7\u00e3o, varia de dois a oito anos de reclus\u00e3o.<\/p>\n<p><img loading=\"lazy\" decoding=\"async\" class=\"alignnone size-full wp-image-89377\" src=\"https:\/\/jorgezanoni.com.br\/2019\/wp-content\/uploads\/2024\/09\/zz-barco1-Pequeno.jpg\" alt=\"\" width=\"360\" height=\"480\" srcset=\"https:\/\/jorgezanoni.com.br\/2019\/wp-content\/uploads\/2024\/09\/zz-barco1-Pequeno.jpg 360w, https:\/\/jorgezanoni.com.br\/2019\/wp-content\/uploads\/2024\/09\/zz-barco1-Pequeno-225x300.jpg 225w, https:\/\/jorgezanoni.com.br\/2019\/wp-content\/uploads\/2024\/09\/zz-barco1-Pequeno-315x420.jpg 315w\" sizes=\"auto, (max-width: 360px) 100vw, 360px\" \/> <img loading=\"lazy\" decoding=\"async\" class=\"alignnone size-full wp-image-89378\" src=\"https:\/\/jorgezanoni.com.br\/2019\/wp-content\/uploads\/2024\/09\/zz-barco-Pequeno.jpg\" alt=\"\" width=\"853\" height=\"480\" srcset=\"https:\/\/jorgezanoni.com.br\/2019\/wp-content\/uploads\/2024\/09\/zz-barco-Pequeno.jpg 853w, https:\/\/jorgezanoni.com.br\/2019\/wp-content\/uploads\/2024\/09\/zz-barco-Pequeno-300x169.jpg 300w, https:\/\/jorgezanoni.com.br\/2019\/wp-content\/uploads\/2024\/09\/zz-barco-Pequeno-768x432.jpg 768w, https:\/\/jorgezanoni.com.br\/2019\/wp-content\/uploads\/2024\/09\/zz-barco-Pequeno-696x392.jpg 696w, https:\/\/jorgezanoni.com.br\/2019\/wp-content\/uploads\/2024\/09\/zz-barco-Pequeno-746x420.jpg 746w\" sizes=\"auto, (max-width: 853px) 100vw, 853px\" \/><\/p>\n<p>Fonte: Comunica\u00e7\u00e3o Social Pol\u00edcia Civil<\/p>\n","protected":false},"excerpt":{"rendered":"<p>A Pol\u00edcia Civil, por interm\u00e9dio da Delegacia de Pol\u00edcia de Junqueir\u00f3polis, com o apoio operacional da Delegacia de Pol\u00edcia de V\u00e1rzea da Palma, em Minas Gerais, recuperou tr\u00eas embarca\u00e7\u00f5es furtadas, sendo que duas delas foram subtra\u00eddas entre os meses de julho e agosto deste ano. Os barcos estavam ancorados \u00e0s margens do Rio Aguape\u00ed, popularmente [&hellip;]<\/p>\n","protected":false},"author":1,"featured_media":89379,"comment_status":"closed","ping_status":"open","sticky":false,"template":"","format":"standard","meta":{"footnotes":""},"categories":[110,2],"tags":[],"class_list":["post-89376","post","type-post","status-publish","format-standard","has-post-thumbnail","hentry","category-noticiasdestaque","category-policial"],"_links":{"self":[{"href":"https:\/\/jorgezanoni.com.br\/2019\/wp-json\/wp\/v2\/posts\/89376","targetHints":{"allow":["GET"]}}],"collection":[{"href":"https:\/\/jorgezanoni.com.br\/2019\/wp-json\/wp\/v2\/posts"}],"about":[{"href":"https:\/\/jorgezanoni.com.br\/2019\/wp-json\/wp\/v2\/types\/post"}],"author":[{"embeddable":true,"href":"https:\/\/jorgezanoni.com.br\/2019\/wp-json\/wp\/v2\/users\/1"}],"replies":[{"embeddable":true,"href":"https:\/\/jorgezanoni.com.br\/2019\/wp-json\/wp\/v2\/comments?post=89376"}],"version-history":[{"count":1,"href":"https:\/\/jorgezanoni.com.br\/2019\/wp-json\/wp\/v2\/posts\/89376\/revisions"}],"predecessor-version":[{"id":89380,"href":"https:\/\/jorgezanoni.com.br\/2019\/wp-json\/wp\/v2\/posts\/89376\/revisions\/89380"}],"wp:featuredmedia":[{"embeddable":true,"href":"https:\/\/jorgezanoni.com.br\/2019\/wp-json\/wp\/v2\/media\/89379"}],"wp:attachment":[{"href":"https:\/\/jorgezanoni.com.br\/2019\/wp-json\/wp\/v2\/media?parent=89376"}],"wp:term":[{"taxonomy":"category","embeddable":true,"href":"https:\/\/jorgezanoni.com.br\/2019\/wp-json\/wp\/v2\/categories?post=89376"},{"taxonomy":"post_tag","embeddable":true,"href":"https:\/\/jorgezanoni.com.br\/2019\/wp-json\/wp\/v2\/tags?post=89376"}],"curies":[{"name":"wp","href":"https:\/\/api.w.org\/{rel}","templated":true}]}}