{"id":89326,"date":"2024-09-18T00:40:16","date_gmt":"2024-09-18T00:40:16","guid":{"rendered":"https:\/\/jorgezanoni.com.br\/2019\/?p=89326"},"modified":"2024-09-18T00:40:16","modified_gmt":"2024-09-18T00:40:16","slug":"policia-militar-prende-homem-por-furto-e-recupera-joias-em-dracena","status":"publish","type":"post","link":"https:\/\/jorgezanoni.com.br\/2019\/policia-militar-prende-homem-por-furto-e-recupera-joias-em-dracena\/","title":{"rendered":"Pol\u00edcia Militar prende homem por furto e recupera j\u00f3ias em Dracena"},"content":{"rendered":"<p style=\"text-align: justify;\">Na data de hoje (17) por volta das 01h09min policiais militares do 25\u00ba Batalh\u00e3o de Pol\u00edcia Militar do Interior foram acionados para atendimento de ocorr\u00eancia de furto ocorrido pela Rua Brasil sendo subtra\u00eddo alguns rel\u00f3gios e alguns an\u00e9is e pelas imagens conseguiu ser visualizado o indiv\u00edduo (30 anos) e suas caracter\u00edsticas. Foi iniciada dilig\u00eancia, diante das informa\u00e7\u00f5es, sendo o indiv\u00edduo localizado por uma lanchonete e confessou a autoria vindo a informar o local onde havia deixado as j\u00f3ias localizado uma sacola pl\u00e1stica com diversos objetos que o mesmo havia subtra\u00eddo, sendo conduzido ao Distrito Policial em Dracena, foi confeccionada BOPC de furto.Indiv\u00edduo permaneceu a disposi\u00e7\u00e3o da Justi\u00e7a.<\/p>\n<p>Fonte: Com. Social Pol\u00edcia Militar<\/p>\n","protected":false},"excerpt":{"rendered":"<p>Na data de hoje (17) por volta das 01h09min policiais militares do 25\u00ba Batalh\u00e3o de Pol\u00edcia Militar do Interior foram acionados para atendimento de ocorr\u00eancia de furto ocorrido pela Rua Brasil sendo subtra\u00eddo alguns rel\u00f3gios e alguns an\u00e9is e pelas imagens conseguiu ser visualizado o indiv\u00edduo (30 anos) e suas caracter\u00edsticas. Foi iniciada dilig\u00eancia, diante [&hellip;]<\/p>\n","protected":false},"author":1,"featured_media":89327,"comment_status":"closed","ping_status":"open","sticky":false,"template":"","format":"standard","meta":{"footnotes":""},"categories":[110,2],"tags":[],"class_list":["post-89326","post","type-post","status-publish","format-standard","has-post-thumbnail","hentry","category-noticiasdestaque","category-policial"],"_links":{"self":[{"href":"https:\/\/jorgezanoni.com.br\/2019\/wp-json\/wp\/v2\/posts\/89326","targetHints":{"allow":["GET"]}}],"collection":[{"href":"https:\/\/jorgezanoni.com.br\/2019\/wp-json\/wp\/v2\/posts"}],"about":[{"href":"https:\/\/jorgezanoni.com.br\/2019\/wp-json\/wp\/v2\/types\/post"}],"author":[{"embeddable":true,"href":"https:\/\/jorgezanoni.com.br\/2019\/wp-json\/wp\/v2\/users\/1"}],"replies":[{"embeddable":true,"href":"https:\/\/jorgezanoni.com.br\/2019\/wp-json\/wp\/v2\/comments?post=89326"}],"version-history":[{"count":1,"href":"https:\/\/jorgezanoni.com.br\/2019\/wp-json\/wp\/v2\/posts\/89326\/revisions"}],"predecessor-version":[{"id":89328,"href":"https:\/\/jorgezanoni.com.br\/2019\/wp-json\/wp\/v2\/posts\/89326\/revisions\/89328"}],"wp:featuredmedia":[{"embeddable":true,"href":"https:\/\/jorgezanoni.com.br\/2019\/wp-json\/wp\/v2\/media\/89327"}],"wp:attachment":[{"href":"https:\/\/jorgezanoni.com.br\/2019\/wp-json\/wp\/v2\/media?parent=89326"}],"wp:term":[{"taxonomy":"category","embeddable":true,"href":"https:\/\/jorgezanoni.com.br\/2019\/wp-json\/wp\/v2\/categories?post=89326"},{"taxonomy":"post_tag","embeddable":true,"href":"https:\/\/jorgezanoni.com.br\/2019\/wp-json\/wp\/v2\/tags?post=89326"}],"curies":[{"name":"wp","href":"https:\/\/api.w.org\/{rel}","templated":true}]}}